{"id":421586,"date":"2021-01-06T11:00:44","date_gmt":"2021-01-06T10:00:44","guid":{"rendered":"https:\/\/hashtag.al\/?p=421586"},"modified":"2021-01-06T11:04:36","modified_gmt":"2021-01-06T10:04:36","slug":"avioni-qe-do-merrte-drogen-u-rrezua-ne-divjake-arrestohet-ish-agjenti-i-antidroges","status":"publish","type":"post","link":"https:\/\/www.hashtag.al\/index.php\/2021\/01\/06\/avioni-qe-do-merrte-drogen-u-rrezua-ne-divjake-arrestohet-ish-agjenti-i-antidroges\/","title":{"rendered":"Avioni q\u00eb do merrte drog\u00ebn u rr\u00ebzua n\u00eb Divjak\u00eb, arrestohet ish-agjenti i antidrog\u00ebs","gt_translate_keys":[{"key":"rendered","format":"text"}]},"content":{"rendered":"<p><a href=\"https:\/\/hashtag.al\/wp-content\/uploads\/2021\/01\/YMERAJ.jpg\"><img loading=\"lazy\" decoding=\"async\" class=\"aligncenter size-full wp-image-421587\" src=\"https:\/\/hashtag.al\/wp-content\/uploads\/2021\/01\/YMERAJ.jpg\" alt=\"\" width=\"636\" height=\"245\" srcset=\"https:\/\/www.hashtag.al\/wp-content\/uploads\/2021\/01\/YMERAJ.jpg 636w, https:\/\/www.hashtag.al\/wp-content\/uploads\/2021\/01\/YMERAJ-300x116.jpg 300w\" sizes=\"auto, (max-width: 636px) 100vw, 636px\" \/><\/a><\/p>\n<p><span style=\"color: #000000;\">Policia e Fierit ka v\u00ebn\u00eb n\u00eb pranga Mareglen Ymerajn, i cili ka qen\u00eb i ishte shpallur n\u00eb k\u00ebrkim komb\u00ebtar dhe i d\u00ebnuar me 9 vite e 4 muaj burg.<\/span><\/p>\n<p><span style=\"color: #000000;\">40-vje\u00e7ari Ymeraj, i cili \u00ebsht\u00eb nj\u00eb ish-agjent i antidrog\u00ebs, \u00ebsht\u00eb d\u00ebnuar nga Gjykata si pjes\u00eb e grupit q\u00eb trafikonte drog\u00eb me avion nga Shqip\u00ebria n\u00eb drejtim t\u00eb Italis\u00eb.<\/span><\/p>\n<p><span style=\"color: #000000;\">Akuzat dol\u00ebn pas rr\u00ebzimit t\u00eb avionit t\u00eb pilotit italian Giorgio Riformato n\u00eb Divjak\u00eb, i cili dyshohej se me porosi t\u00eb grupit shqiptar do merrte nj\u00eb sasi t\u00eb konsiderueshme droge. Por plani u prish p\u00ebr shkak t\u00eb rr\u00ebzimit t\u00eb avionit.<\/span><\/p>\n<p><em><span style=\"color: #000000;\">\u201cNga Seksioni p\u00ebr Hetimin e Narkotik\u00ebve dhe Trafiqeve t\u00eb paligjshme n\u00eb DVP Fier, n\u00eb vijim t\u00eb pun\u00ebs p\u00ebr kapjen e personave t\u00eb shpallur n\u00eb k\u00ebrkim, bazuar edhe n\u00eb informacionet e mara n\u00eb rrug\u00eb policore, u b\u00eb i mundur lokalizimi, kapja dhe ndalimi i shtetasit Marenglen Ymeraj, 40 vje\u00e7, banues n\u00eb Mallakast\u00ebr.<\/span><\/em><\/p>\n<p><span style=\"color: #000000;\"><em>Ndalimi i k\u00ebtij shtetasi u b\u00eb pasi Gjykata e Shkall\u00ebs s\u00eb Par\u00eb p\u00ebr Krimet e R\u00ebnda Tiran\u00eb, me vendimin e dat\u00ebs 25.11.2015, e ka d\u00ebnuar me 9 vjet e 4 muaj p\u00ebr vepr\u00ebn penale &#8220;Trafikimi i narkotik\u00ebve&#8221;,<\/em> njofton Policia e Fierit.<\/span><\/p>\n<p><span style=\"color: #000000;\">Ish- agjenti i antidrog\u00ebs n\u00eb Fier dyshohet q\u00eb u p\u00ebrfshi n\u00eb trafikun e drog\u00ebs me avion nga plazhi i Divjak\u00ebs n\u00eb drejtim t\u00eb Italis\u00eb.<\/span><\/p>\n<p><span style=\"color: #000000;\">Marenglen Ymeraj kishte dh\u00ebn\u00eb dor\u00ebheqjen dhe ishte larguar nga Policia e Shtetit me k\u00ebrkes\u00ebn e tij n\u00eb vitin 2012.\u00a0<\/span><\/p>\n<p><span style=\"color: #000000;\">Dor\u00ebheqja e tij erdhi pasi Ymerajn e trasnferuan nga specialist t\u00eb Antidrog\u00ebs pran\u00eb Komisariatit t\u00eb Policis\u00eb s\u00eb Sarand\u00ebs n\u00eb Drejtorin\u00eb e Policis\u00eb Dib\u00ebr, \u00e7ka nuk u pranua prej tij.<\/span><\/p>\n","protected":false,"gt_translate_keys":[{"key":"rendered","format":"html"}]},"excerpt":{"rendered":"<p>Policia e Fierit ka v\u00ebn\u00eb n\u00eb pranga Mareglen Ymerajn, i cili ka qen\u00eb i ishte shpallur n\u00eb k\u00ebrkim komb\u00ebtar dhe i d\u00ebnuar me 9 vite e 4 muaj burg. 40-vje\u00e7ari Ymeraj, i cili \u00ebsht\u00eb nj\u00eb ish-agjent i antidrog\u00ebs, \u00ebsht\u00eb d\u00ebnuar nga Gjykata si pjes\u00eb e grupit q\u00eb trafikonte drog\u00eb me avion nga Shqip\u00ebria n\u00eb drejtim [&hellip;]<\/p>\n","protected":false,"gt_translate_keys":[{"key":"rendered","format":"html"}]},"author":30,"featured_media":421587,"comment_status":"open","ping_status":"open","sticky":false,"template":"","format":"standard","meta":{"footnotes":""},"categories":[65,13],"tags":[],"class_list":["post-421586","post","type-post","status-publish","format-standard","has-post-thumbnail","hentry","category-lajme","category-te-fundit"],"gt_translate_keys":[{"key":"link","format":"url"}],"_links":{"self":[{"href":"https:\/\/www.hashtag.al\/index.php\/wp-json\/wp\/v2\/posts\/421586","targetHints":{"allow":["GET"]}}],"collection":[{"href":"https:\/\/www.hashtag.al\/index.php\/wp-json\/wp\/v2\/posts"}],"about":[{"href":"https:\/\/www.hashtag.al\/index.php\/wp-json\/wp\/v2\/types\/post"}],"author":[{"embeddable":true,"href":"https:\/\/www.hashtag.al\/index.php\/wp-json\/wp\/v2\/users\/30"}],"replies":[{"embeddable":true,"href":"https:\/\/www.hashtag.al\/index.php\/wp-json\/wp\/v2\/comments?post=421586"}],"version-history":[{"count":0,"href":"https:\/\/www.hashtag.al\/index.php\/wp-json\/wp\/v2\/posts\/421586\/revisions"}],"wp:featuredmedia":[{"embeddable":true,"href":"https:\/\/www.hashtag.al\/index.php\/wp-json\/wp\/v2\/media\/421587"}],"wp:attachment":[{"href":"https:\/\/www.hashtag.al\/index.php\/wp-json\/wp\/v2\/media?parent=421586"}],"wp:term":[{"taxonomy":"category","embeddable":true,"href":"https:\/\/www.hashtag.al\/index.php\/wp-json\/wp\/v2\/categories?post=421586"},{"taxonomy":"post_tag","embeddable":true,"href":"https:\/\/www.hashtag.al\/index.php\/wp-json\/wp\/v2\/tags?post=421586"}],"curies":[{"name":"wp","href":"https:\/\/api.w.org\/{rel}","templated":true}]}}