{"id":421471,"date":"2021-01-05T18:26:59","date_gmt":"2021-01-05T17:26:59","guid":{"rendered":"https:\/\/hashtag.al\/?p=421471"},"modified":"2021-01-05T18:28:01","modified_gmt":"2021-01-05T17:28:01","slug":"pd-publikon-fotot-veliaj-mashtroi-per-rindertimin-e-baneses-se-qytetarit-te-tregoje-dokumentet","status":"publish","type":"post","link":"https:\/\/www.hashtag.al\/index.php\/2021\/01\/05\/pd-publikon-fotot-veliaj-mashtroi-per-rindertimin-e-baneses-se-qytetarit-te-tregoje-dokumentet\/","title":{"rendered":"PD publikon fotot: Veliaj mashtroi p\u00ebr rind\u00ebrtimin e banes\u00ebs s\u00eb qytetarit, t\u00eb tregoj\u00eb dokumentet","gt_translate_keys":[{"key":"rendered","format":"text"}]},"content":{"rendered":"<p><img loading=\"lazy\" decoding=\"async\" class=\"aligncenter size-full wp-image-421472\" src=\"https:\/\/hashtag.al\/wp-content\/uploads\/2021\/01\/veliajaga.jpg3_.jpg\" alt=\"\" width=\"1337\" height=\"910\" srcset=\"https:\/\/www.hashtag.al\/wp-content\/uploads\/2021\/01\/veliajaga.jpg3_.jpg 1337w, https:\/\/www.hashtag.al\/wp-content\/uploads\/2021\/01\/veliajaga.jpg3_-300x204.jpg 300w, https:\/\/www.hashtag.al\/wp-content\/uploads\/2021\/01\/veliajaga.jpg3_-768x523.jpg 768w, https:\/\/www.hashtag.al\/wp-content\/uploads\/2021\/01\/veliajaga.jpg3_-1024x697.jpg 1024w\" sizes=\"auto, (max-width: 1337px) 100vw, 1337px\" \/><\/p>\n<p><span style=\"color: #000000;\">Partia Demokratike ka p\u00ebrg\u00ebnjeshtruar kryebashkiakun Veliaj pas nj\u00eb deklarat\u00eb zyrtare t\u00eb bashkis\u00eb s\u00eb Tiran\u00ebs. <\/span><\/p>\n<p><span style=\"color: #000000;\">Z\u00ebdh\u00ebn\u00ebsja e selis\u00eb blu, Zhupa, shkruan se bashkia po rind\u00ebrton n\u00eb tok\u00ebn n\u00eb pron\u00ebsi t\u00eb Lulzim Ag\u00ebs. Ajo ka publikuar edhe disa foto t\u00eb shp\u00ebrndara nga vet\u00eb Veliaj gjat\u00eb nj\u00eb vizite n\u00eb sht\u00ebpin\u00eb e Ag\u00ebs. <\/span><\/p>\n<p><span style=\"color: #000000;\">hupa shtoi m\u00eb tej se dokumentet e pron\u00ebsis\u00eb t\u00eb siguruara nga PD-s\u00eb d\u00ebshmoj\u00eb se prona n\u00eb Vishaj i p\u00ebrket Lulzim Ag\u00ebs duke fuar Veliajn t\u00eb v\u00ebrtetoj\u00eb t\u00eb kund\u00ebrt\u00ebn.<\/span><\/p>\n<p><span style=\"color: #000000;\"><em>\u201cN\u00eb Vishaj (Fortuzaj) Bashkia Tiran\u00eb po rind\u00ebrton n\u00eb tok\u00ebn n\u00eb pron\u00ebsi t\u00eb Lulzim Ag\u00ebs.\u00a0<\/em><em>Veliaj ka shkuar p\u00ebr vizit\u00eb si\u00e7 mund t\u00eb shihet nga statusi i tij me video q\u00eb thot\u00eb tek Lulzim Aga. (link video)<\/em><\/span><\/p>\n<p><span style=\"color: #000000;\"><em>https:\/\/www.facebook.com\/ErionVeliaj\/videos\/791265608331818<\/em><\/span><\/p>\n<p><span style=\"color: #000000;\"><em>Dokumentat e pron\u00ebsis\u00eb siguruar nga ne v\u00ebrtetojn\u00eb q\u00eb ajo pron\u00eb n\u00eb Vishaj dhe t\u00eb tjerat jan\u00eb n\u00eb pron\u00ebsi t\u00eb Lulzim Ag\u00ebs.<\/em><\/span><\/p>\n<p><span style=\"color: #000000;\"><em>Bashkia Tiran\u00eb le t\u00eb na tregoi dokumentat e pron\u00ebsis\u00eb n\u00eb Vishaj t\u00eb personit q\u00eb citon ajo dhe t\u00eb v\u00ebrtetoj p\u00ebr publikun q\u00eb nuk po nd\u00ebrton shtepin\u00eb e dikujt me prona t\u00eb tjera si p.sh vila aty pran\u00eb.<\/em><\/span><\/p>\n<p><span style=\"color: #000000;\"><em>Letra q\u00eb nis bashkia nuk tregon asgj\u00eb p\u00ebr publikun s\u00eb e kujt \u00ebsht\u00eb pronesia e truallit q\u00eb po rind\u00ebrton dhe as p\u00ebr pronat q\u00eb zot\u00ebron Lulzim Aga.<\/em><\/span><\/p>\n<p><span style=\"color: #000000;\"><em>Gjith\u00eb komuniteti i Vaqarrit e di se ku jeton Lulzim Aga, pik\u00ebrisht ai q\u00eb piu raki me Veliajn. Nd\u00ebrkohe le t\u00eb na p\u00ebrgjigjet: Ku po jeton Lulzimi tani sipas Bashkis\u00eb Tiran\u00eb? Me qera, n\u00eb \u00e7ader apo n\u00eb katin e par\u00eb tek vila trekat\u00ebshe aty pran\u00eb? Bashkia mund t\u00eb pyesi p\u00ebr leht\u00ebsi edhe vajz\u00ebn e tij.\u201d<\/em> \u2013 shkruan Zhupa n\u00eb Facebook.<\/span><\/p>\n<p><img loading=\"lazy\" decoding=\"async\" class=\"aligncenter size-full wp-image-421473\" src=\"https:\/\/hashtag.al\/wp-content\/uploads\/2021\/01\/veliajaga.jpg4_.jpg\" alt=\"\" width=\"2031\" height=\"1374\" srcset=\"https:\/\/www.hashtag.al\/wp-content\/uploads\/2021\/01\/veliajaga.jpg4_.jpg 2031w, https:\/\/www.hashtag.al\/wp-content\/uploads\/2021\/01\/veliajaga.jpg4_-300x203.jpg 300w, https:\/\/www.hashtag.al\/wp-content\/uploads\/2021\/01\/veliajaga.jpg4_-768x520.jpg 768w, https:\/\/www.hashtag.al\/wp-content\/uploads\/2021\/01\/veliajaga.jpg4_-1024x693.jpg 1024w\" sizes=\"auto, (max-width: 2031px) 100vw, 2031px\" \/> <img loading=\"lazy\" decoding=\"async\" class=\"aligncenter size-full wp-image-421474\" src=\"https:\/\/hashtag.al\/wp-content\/uploads\/2021\/01\/veliajaga.jpg2_.jpg\" alt=\"\" width=\"710\" height=\"660\" srcset=\"https:\/\/www.hashtag.al\/wp-content\/uploads\/2021\/01\/veliajaga.jpg2_.jpg 710w, https:\/\/www.hashtag.al\/wp-content\/uploads\/2021\/01\/veliajaga.jpg2_-300x279.jpg 300w\" sizes=\"auto, (max-width: 710px) 100vw, 710px\" \/> <img loading=\"lazy\" decoding=\"async\" class=\"aligncenter size-full wp-image-421475\" src=\"https:\/\/hashtag.al\/wp-content\/uploads\/2021\/01\/veliajaga.jpg\" alt=\"\" width=\"1612\" height=\"1660\" srcset=\"https:\/\/www.hashtag.al\/wp-content\/uploads\/2021\/01\/veliajaga.jpg 1612w, https:\/\/www.hashtag.al\/wp-content\/uploads\/2021\/01\/veliajaga-291x300.jpg 291w, https:\/\/www.hashtag.al\/wp-content\/uploads\/2021\/01\/veliajaga-768x791.jpg 768w, https:\/\/www.hashtag.al\/wp-content\/uploads\/2021\/01\/veliajaga-994x1024.jpg 994w\" sizes=\"auto, (max-width: 1612px) 100vw, 1612px\" \/><\/p>\n","protected":false,"gt_translate_keys":[{"key":"rendered","format":"html"}]},"excerpt":{"rendered":"<p>Partia Demokratike ka p\u00ebrg\u00ebnjeshtruar kryebashkiakun Veliaj pas nj\u00eb deklarat\u00eb zyrtare t\u00eb bashkis\u00eb s\u00eb Tiran\u00ebs. Z\u00ebdh\u00ebn\u00ebsja e selis\u00eb blu, Zhupa, shkruan se bashkia po rind\u00ebrton n\u00eb tok\u00ebn n\u00eb pron\u00ebsi t\u00eb Lulzim Ag\u00ebs. Ajo ka publikuar edhe disa foto t\u00eb shp\u00ebrndara nga vet\u00eb Veliaj gjat\u00eb nj\u00eb vizite n\u00eb sht\u00ebpin\u00eb e Ag\u00ebs. hupa shtoi m\u00eb tej se dokumentet [&hellip;]<\/p>\n","protected":false,"gt_translate_keys":[{"key":"rendered","format":"html"}]},"author":51,"featured_media":421473,"comment_status":"open","ping_status":"open","sticky":false,"template":"","format":"standard","meta":{"footnotes":""},"categories":[65,13],"tags":[],"class_list":["post-421471","post","type-post","status-publish","format-standard","has-post-thumbnail","hentry","category-lajme","category-te-fundit"],"gt_translate_keys":[{"key":"link","format":"url"}],"_links":{"self":[{"href":"https:\/\/www.hashtag.al\/index.php\/wp-json\/wp\/v2\/posts\/421471","targetHints":{"allow":["GET"]}}],"collection":[{"href":"https:\/\/www.hashtag.al\/index.php\/wp-json\/wp\/v2\/posts"}],"about":[{"href":"https:\/\/www.hashtag.al\/index.php\/wp-json\/wp\/v2\/types\/post"}],"author":[{"embeddable":true,"href":"https:\/\/www.hashtag.al\/index.php\/wp-json\/wp\/v2\/users\/51"}],"replies":[{"embeddable":true,"href":"https:\/\/www.hashtag.al\/index.php\/wp-json\/wp\/v2\/comments?post=421471"}],"version-history":[{"count":0,"href":"https:\/\/www.hashtag.al\/index.php\/wp-json\/wp\/v2\/posts\/421471\/revisions"}],"wp:featuredmedia":[{"embeddable":true,"href":"https:\/\/www.hashtag.al\/index.php\/wp-json\/wp\/v2\/media\/421473"}],"wp:attachment":[{"href":"https:\/\/www.hashtag.al\/index.php\/wp-json\/wp\/v2\/media?parent=421471"}],"wp:term":[{"taxonomy":"category","embeddable":true,"href":"https:\/\/www.hashtag.al\/index.php\/wp-json\/wp\/v2\/categories?post=421471"},{"taxonomy":"post_tag","embeddable":true,"href":"https:\/\/www.hashtag.al\/index.php\/wp-json\/wp\/v2\/tags?post=421471"}],"curies":[{"name":"wp","href":"https:\/\/api.w.org\/{rel}","templated":true}]}}