{"id":421289,"date":"2021-01-04T22:57:40","date_gmt":"2021-01-04T21:57:40","guid":{"rendered":"https:\/\/hashtag.al\/?p=421289"},"modified":"2021-01-04T22:57:40","modified_gmt":"2021-01-04T21:57:40","slug":"meta-rama-eshte-bashkepunetor-i-mire-kur-ka-nje-lider-te-mire","status":"publish","type":"post","link":"https:\/\/www.hashtag.al\/index.php\/2021\/01\/04\/meta-rama-eshte-bashkepunetor-i-mire-kur-ka-nje-lider-te-mire\/","title":{"rendered":"Meta: Rama \u00ebsht\u00eb bashk\u00ebpun\u00ebtor i mir\u00eb kur ka nj\u00eb lider t\u00eb mir\u00eb","gt_translate_keys":[{"key":"rendered","format":"text"}]},"content":{"rendered":"<p><img loading=\"lazy\" decoding=\"async\" class=\"aligncenter size-full wp-image-421290\" src=\"https:\/\/hashtag.al\/wp-content\/uploads\/2021\/01\/meta-opinion-i.jpeg\" alt=\"\" width=\"1280\" height=\"853\" srcset=\"https:\/\/www.hashtag.al\/wp-content\/uploads\/2021\/01\/meta-opinion-i.jpeg 1280w, https:\/\/www.hashtag.al\/wp-content\/uploads\/2021\/01\/meta-opinion-i-300x200.jpeg 300w, https:\/\/www.hashtag.al\/wp-content\/uploads\/2021\/01\/meta-opinion-i-768x512.jpeg 768w, https:\/\/www.hashtag.al\/wp-content\/uploads\/2021\/01\/meta-opinion-i-1024x682.jpeg 1024w\" sizes=\"auto, (max-width: 1280px) 100vw, 1280px\" \/><\/p>\n<p><span style=\"color: #000000;\">Presidenti Ilir Meta n\u00eb rr\u00ebfimin e tij n\u00eb emisionin \u201cOpinion\u201d ka dh\u00ebn\u00eb vler\u00ebsimin dhe opinion q\u00eb nga ndaj Kryeministrit Edi Rama dhe bashk\u00ebpunimet q\u00eb ka pasur me t\u00eb.<\/span><\/p>\n<p><span style=\"color: #000000;\">Meta tha se bashk\u00ebpunimi me Ram\u00ebn \u00ebsht\u00eb i mir\u00eb n\u00eb qoft\u00eb se ai ka nj\u00eb lider t\u00eb mir\u00eb mbi krye.<\/span><\/p>\n<p><span style=\"color: #000000;\">Sipas Met\u00ebs me Ram\u00ebn mund t\u00eb bashk\u00ebpunosh mir\u00eb n\u00eb nj\u00eb ekip ku ai nuk \u00ebsht\u00eb drejtues pasi ka energji dhe angazhohet dhe k\u00ebrkon t\u00eb jet\u00eb protagonist.<\/span><\/p>\n","protected":false,"gt_translate_keys":[{"key":"rendered","format":"html"}]},"excerpt":{"rendered":"<p>Presidenti Ilir Meta n\u00eb rr\u00ebfimin e tij n\u00eb emisionin \u201cOpinion\u201d ka dh\u00ebn\u00eb vler\u00ebsimin dhe opinion q\u00eb nga ndaj Kryeministrit Edi Rama dhe bashk\u00ebpunimet q\u00eb ka pasur me t\u00eb. Meta tha se bashk\u00ebpunimi me Ram\u00ebn \u00ebsht\u00eb i mir\u00eb n\u00eb qoft\u00eb se ai ka nj\u00eb lider t\u00eb mir\u00eb mbi krye. Sipas Met\u00ebs me Ram\u00ebn mund t\u00eb bashk\u00ebpunosh [&hellip;]<\/p>\n","protected":false,"gt_translate_keys":[{"key":"rendered","format":"html"}]},"author":32,"featured_media":421290,"comment_status":"open","ping_status":"open","sticky":false,"template":"","format":"standard","meta":{"footnotes":""},"categories":[65,13],"tags":[],"class_list":["post-421289","post","type-post","status-publish","format-standard","has-post-thumbnail","hentry","category-lajme","category-te-fundit"],"gt_translate_keys":[{"key":"link","format":"url"}],"_links":{"self":[{"href":"https:\/\/www.hashtag.al\/index.php\/wp-json\/wp\/v2\/posts\/421289","targetHints":{"allow":["GET"]}}],"collection":[{"href":"https:\/\/www.hashtag.al\/index.php\/wp-json\/wp\/v2\/posts"}],"about":[{"href":"https:\/\/www.hashtag.al\/index.php\/wp-json\/wp\/v2\/types\/post"}],"author":[{"embeddable":true,"href":"https:\/\/www.hashtag.al\/index.php\/wp-json\/wp\/v2\/users\/32"}],"replies":[{"embeddable":true,"href":"https:\/\/www.hashtag.al\/index.php\/wp-json\/wp\/v2\/comments?post=421289"}],"version-history":[{"count":0,"href":"https:\/\/www.hashtag.al\/index.php\/wp-json\/wp\/v2\/posts\/421289\/revisions"}],"wp:featuredmedia":[{"embeddable":true,"href":"https:\/\/www.hashtag.al\/index.php\/wp-json\/wp\/v2\/media\/421290"}],"wp:attachment":[{"href":"https:\/\/www.hashtag.al\/index.php\/wp-json\/wp\/v2\/media?parent=421289"}],"wp:term":[{"taxonomy":"category","embeddable":true,"href":"https:\/\/www.hashtag.al\/index.php\/wp-json\/wp\/v2\/categories?post=421289"},{"taxonomy":"post_tag","embeddable":true,"href":"https:\/\/www.hashtag.al\/index.php\/wp-json\/wp\/v2\/tags?post=421289"}],"curies":[{"name":"wp","href":"https:\/\/api.w.org\/{rel}","templated":true}]}}