{"id":421286,"date":"2021-01-04T22:39:55","date_gmt":"2021-01-04T21:39:55","guid":{"rendered":"https:\/\/hashtag.al\/?p=421286"},"modified":"2021-01-04T22:39:55","modified_gmt":"2021-01-04T21:39:55","slug":"meta-ne-vitin-1990-kam-dashur-te-largohem-nga-vendi","status":"publish","type":"post","link":"https:\/\/www.hashtag.al\/index.php\/2021\/01\/04\/meta-ne-vitin-1990-kam-dashur-te-largohem-nga-vendi\/","title":{"rendered":"Meta: N\u00eb vitin 1990 kam dashur t\u00eb largohem nga vendi","gt_translate_keys":[{"key":"rendered","format":"text"}]},"content":{"rendered":"<p><img loading=\"lazy\" decoding=\"async\" class=\"aligncenter size-full wp-image-421287\" src=\"https:\/\/hashtag.al\/wp-content\/uploads\/2021\/01\/meta-opinion.jpeg\" alt=\"\" width=\"1280\" height=\"853\" srcset=\"https:\/\/www.hashtag.al\/wp-content\/uploads\/2021\/01\/meta-opinion.jpeg 1280w, https:\/\/www.hashtag.al\/wp-content\/uploads\/2021\/01\/meta-opinion-300x200.jpeg 300w, https:\/\/www.hashtag.al\/wp-content\/uploads\/2021\/01\/meta-opinion-768x512.jpeg 768w, https:\/\/www.hashtag.al\/wp-content\/uploads\/2021\/01\/meta-opinion-1024x682.jpeg 1024w\" sizes=\"auto, (max-width: 1280px) 100vw, 1280px\" \/><\/p>\n<p><span style=\"color: #000000;\">Presidenti Ilir Meta n\u00eb nj\u00eb intervist\u00eb-rr\u00ebfim ka treguar se n\u00eb momentet e para t\u00eb pruralizmit politik ka dashur q\u00eb t\u00eb largohej nga Shqip\u00ebria.<\/span><\/p>\n<p><span style=\"color: #000000;\">Meta ka rr\u00ebfyer se kishte d\u00ebshir\u00eb t\u00eb largohej nga vendi por q\u00eb u step p\u00ebr shkak t\u00eb pasojave q\u00eb mund t\u00eb kishin prind\u00ebrit e tij n\u00eb at\u00eb koh\u00eb.<\/span><\/p>\n<p><span style=\"color: #000000;\"><strong>Pjes\u00eb nga intervista:<\/strong><\/span><\/p>\n<p><span style=\"color: #000000;\"><strong>Gazetari:<\/strong> Nd\u00ebrkoh\u00eb q\u00eb edhe ju kishit nj\u00eb dyzim, kam p\u00ebrshtypjen, n\u00eb korrik t\u00eb vitit 1990 t\u00eb largoheshit me ambasadat?<\/span><\/p>\n<p><span style=\"color: #000000;\"><strong>Presidenti Meta<\/strong>: Un\u00eb kisha shum\u00eb d\u00ebshir\u00eb q\u00eb t\u00eb largohesha. \u00cbsht\u00eb shum\u00eb e v\u00ebrtet\u00eb.<\/span><\/p>\n<p><span style=\"color: #000000;\"><strong>Gazetari:<\/strong> Donit realisht t\u00eb largoheshit?<\/span><\/p>\n<p><span style=\"color: #000000;\"><strong>Presidenti Meta<\/strong>: Po, realisht doja t\u00eb largohesha, por mendoja gjithmon\u00eb pasojat p\u00ebr prind\u00ebrit, p\u00ebr familjen, dhe kuptohet se ato do t\u00eb ishin sipas&#8230;<\/span><\/p>\n<p><span style=\"color: #000000;\"><strong>Gazetari:<\/strong> U afruat deri te ambasadat?<\/span><\/p>\n<p><span style=\"color: #000000;\"><strong>Presidenti Meta:<\/strong> Jo. Por nj\u00eb shoku im shum\u00eb i ngusht\u00eb hyri n\u00eb ambasad\u00eb dhe ky ishte nj\u00eb moment, q\u00eb m\u00eb tundoi p\u00ebr t\u00eb b\u00ebr\u00eb nj\u00eb veprim t\u00eb till\u00eb, por gjithmon\u00eb duke menduar pasojat p\u00ebr familjet. Ky ishte problemi kryesor.<\/span><\/p>\n","protected":false,"gt_translate_keys":[{"key":"rendered","format":"html"}]},"excerpt":{"rendered":"<p>Presidenti Ilir Meta n\u00eb nj\u00eb intervist\u00eb-rr\u00ebfim ka treguar se n\u00eb momentet e para t\u00eb pruralizmit politik ka dashur q\u00eb t\u00eb largohej nga Shqip\u00ebria. Meta ka rr\u00ebfyer se kishte d\u00ebshir\u00eb t\u00eb largohej nga vendi por q\u00eb u step p\u00ebr shkak t\u00eb pasojave q\u00eb mund t\u00eb kishin prind\u00ebrit e tij n\u00eb at\u00eb koh\u00eb. Pjes\u00eb nga intervista: Gazetari: [&hellip;]<\/p>\n","protected":false,"gt_translate_keys":[{"key":"rendered","format":"html"}]},"author":32,"featured_media":421287,"comment_status":"open","ping_status":"open","sticky":false,"template":"","format":"standard","meta":{"footnotes":""},"categories":[65,13],"tags":[],"class_list":["post-421286","post","type-post","status-publish","format-standard","has-post-thumbnail","hentry","category-lajme","category-te-fundit"],"gt_translate_keys":[{"key":"link","format":"url"}],"_links":{"self":[{"href":"https:\/\/www.hashtag.al\/index.php\/wp-json\/wp\/v2\/posts\/421286","targetHints":{"allow":["GET"]}}],"collection":[{"href":"https:\/\/www.hashtag.al\/index.php\/wp-json\/wp\/v2\/posts"}],"about":[{"href":"https:\/\/www.hashtag.al\/index.php\/wp-json\/wp\/v2\/types\/post"}],"author":[{"embeddable":true,"href":"https:\/\/www.hashtag.al\/index.php\/wp-json\/wp\/v2\/users\/32"}],"replies":[{"embeddable":true,"href":"https:\/\/www.hashtag.al\/index.php\/wp-json\/wp\/v2\/comments?post=421286"}],"version-history":[{"count":0,"href":"https:\/\/www.hashtag.al\/index.php\/wp-json\/wp\/v2\/posts\/421286\/revisions"}],"wp:featuredmedia":[{"embeddable":true,"href":"https:\/\/www.hashtag.al\/index.php\/wp-json\/wp\/v2\/media\/421287"}],"wp:attachment":[{"href":"https:\/\/www.hashtag.al\/index.php\/wp-json\/wp\/v2\/media?parent=421286"}],"wp:term":[{"taxonomy":"category","embeddable":true,"href":"https:\/\/www.hashtag.al\/index.php\/wp-json\/wp\/v2\/categories?post=421286"},{"taxonomy":"post_tag","embeddable":true,"href":"https:\/\/www.hashtag.al\/index.php\/wp-json\/wp\/v2\/tags?post=421286"}],"curies":[{"name":"wp","href":"https:\/\/api.w.org\/{rel}","templated":true}]}}