{"id":421092,"date":"2021-01-02T11:03:51","date_gmt":"2021-01-02T10:03:51","guid":{"rendered":"https:\/\/hashtag.al\/?p=421092"},"modified":"2021-01-02T11:09:24","modified_gmt":"2021-01-02T10:09:24","slug":"femija-i-pare-ne-itali-per-2021-shin-lind-ne-nje-familje-shqiptare","status":"publish","type":"post","link":"https:\/\/www.hashtag.al\/index.php\/2021\/01\/02\/femija-i-pare-ne-itali-per-2021-shin-lind-ne-nje-familje-shqiptare\/","title":{"rendered":"F\u00ebmija i par\u00eb n\u00eb Itali p\u00ebr 2021-shin lind n\u00eb nj\u00eb familje shqiptare","gt_translate_keys":[{"key":"rendered","format":"text"}]},"content":{"rendered":"<p><span style=\"color: #000000;\"><a href=\"https:\/\/hashtag.al\/wp-content\/uploads\/2021\/01\/alessandro.jpg\"><img loading=\"lazy\" decoding=\"async\" class=\"aligncenter size-full wp-image-421093\" src=\"https:\/\/hashtag.al\/wp-content\/uploads\/2021\/01\/alessandro.jpg\" alt=\"\" width=\"800\" height=\"450\" srcset=\"https:\/\/www.hashtag.al\/wp-content\/uploads\/2021\/01\/alessandro.jpg 800w, https:\/\/www.hashtag.al\/wp-content\/uploads\/2021\/01\/alessandro-300x169.jpg 300w, https:\/\/www.hashtag.al\/wp-content\/uploads\/2021\/01\/alessandro-768x432.jpg 768w\" sizes=\"auto, (max-width: 800px) 100vw, 800px\" \/><\/a><\/span><\/p>\n<p><span style=\"color: #000000;\">Alessandro \u00ebsht\u00eb f\u00ebmija i par\u00eb i lindur p\u00ebr vitin 2021 n\u00eb Itali. Prind\u00ebrit e tij jan\u00eb me origjin\u00eb shqiptare.<\/span><\/p>\n<p><span style=\"color: #000000;\">Si\u00e7 shkruajn\u00eb <span style=\"color: #0000ff;\"><a style=\"color: #0000ff;\" href=\"https:\/\/www.tg24.info\/roma-alessandro-e-il-primo-nato-in-italia-del-2021\/\">mediet<\/a> <\/span>italiane, Alesandro ka lindur nj\u00eb sekond\u00eb pas mesnate n\u00eb spitalin &#8220;Cristo Re&#8221; n\u00eb Rom\u00eb.<\/span><\/p>\n<p><span style=\"color: #000000;\"><em>&#8220;Nuk kam fjetur fare&#8221;<\/em>, shprehet mamaja e re Emanuela, 26- vje\u00e7, p\u00ebr <span style=\"color: #0000ff;\"><a style=\"color: #0000ff;\" href=\"https:\/\/www.tg24.info\/roma-alessandro-e-il-primo-nato-in-italia-del-2021\/\">&#8220;Tg.com&#8221;<\/a><\/span>.<\/span><\/p>\n<p><span style=\"color: #000000;\">Ajo \u00ebsht\u00eb shprehur shum\u00eb e g\u00ebzuar p\u00ebr ardhjen e djalit n\u00eb jet\u00eb n\u00eb \u00e7astet e para t\u00eb 2021-shit.<\/span><\/p>\n<p><span style=\"color: #000000;\"><em>\u00a0\u201cIshte nj\u00eb g\u00ebzim p\u00ebr t\u00eb gjith\u00eb punonj\u00ebsit e sh\u00ebndetit t\u00eb Krishtit, Mbretit t\u00eb Rom\u00ebs, t\u00eb gjith\u00eb s\u00eb bashku festuam dhe djali \u00ebsht\u00eb mir\u00eb. Un\u00eb, babai Maksim dhe v\u00ebllai 4-vje\u00e7ar, jemi shum\u00eb t\u00eb lumtur me k\u00ebt\u00eb shpres\u00eb q\u00eb Alessandro ka sjell\u00eb. Tani ai dhe un\u00eb mezi presim t\u00eb shkojm\u00eb n\u00eb sht\u00ebpi\u201c,<\/em> tha ajo.<\/span><\/p>\n<p><span style=\"color: #000000;\">I vogli q\u00eb ka ardhur n\u00eb jet\u00eb 4 kg e 100 gr ndodhet n\u00eb gjendje t\u00eb mir\u00eb sh\u00ebndet\u00ebsore.<\/span><\/p>\n<p><a href=\"https:\/\/hashtag.al\/wp-content\/uploads\/2021\/01\/shq.jpg\"><img loading=\"lazy\" decoding=\"async\" class=\"aligncenter size-full wp-image-421097\" src=\"https:\/\/hashtag.al\/wp-content\/uploads\/2021\/01\/shq.jpg\" alt=\"\" width=\"332\" height=\"331\" srcset=\"https:\/\/www.hashtag.al\/wp-content\/uploads\/2021\/01\/shq.jpg 332w, https:\/\/www.hashtag.al\/wp-content\/uploads\/2021\/01\/shq-150x150.jpg 150w, https:\/\/www.hashtag.al\/wp-content\/uploads\/2021\/01\/shq-300x300.jpg 300w, https:\/\/www.hashtag.al\/wp-content\/uploads\/2021\/01\/shq-120x120.jpg 120w\" sizes=\"auto, (max-width: 332px) 100vw, 332px\" \/><\/a><\/p>\n","protected":false,"gt_translate_keys":[{"key":"rendered","format":"html"}]},"excerpt":{"rendered":"<p>Alessandro \u00ebsht\u00eb f\u00ebmija i par\u00eb i lindur p\u00ebr vitin 2021 n\u00eb Itali. Prind\u00ebrit e tij jan\u00eb me origjin\u00eb shqiptare. Si\u00e7 shkruajn\u00eb mediet italiane, Alesandro ka lindur nj\u00eb sekond\u00eb pas mesnate n\u00eb spitalin &#8220;Cristo Re&#8221; n\u00eb Rom\u00eb. &#8220;Nuk kam fjetur fare&#8221;, shprehet mamaja e re Emanuela, 26- vje\u00e7, p\u00ebr &#8220;Tg.com&#8221;. Ajo \u00ebsht\u00eb shprehur shum\u00eb e g\u00ebzuar [&hellip;]<\/p>\n","protected":false,"gt_translate_keys":[{"key":"rendered","format":"html"}]},"author":30,"featured_media":421093,"comment_status":"open","ping_status":"open","sticky":false,"template":"","format":"standard","meta":{"footnotes":""},"categories":[65,13],"tags":[],"class_list":["post-421092","post","type-post","status-publish","format-standard","has-post-thumbnail","hentry","category-lajme","category-te-fundit"],"gt_translate_keys":[{"key":"link","format":"url"}],"_links":{"self":[{"href":"https:\/\/www.hashtag.al\/index.php\/wp-json\/wp\/v2\/posts\/421092","targetHints":{"allow":["GET"]}}],"collection":[{"href":"https:\/\/www.hashtag.al\/index.php\/wp-json\/wp\/v2\/posts"}],"about":[{"href":"https:\/\/www.hashtag.al\/index.php\/wp-json\/wp\/v2\/types\/post"}],"author":[{"embeddable":true,"href":"https:\/\/www.hashtag.al\/index.php\/wp-json\/wp\/v2\/users\/30"}],"replies":[{"embeddable":true,"href":"https:\/\/www.hashtag.al\/index.php\/wp-json\/wp\/v2\/comments?post=421092"}],"version-history":[{"count":0,"href":"https:\/\/www.hashtag.al\/index.php\/wp-json\/wp\/v2\/posts\/421092\/revisions"}],"wp:featuredmedia":[{"embeddable":true,"href":"https:\/\/www.hashtag.al\/index.php\/wp-json\/wp\/v2\/media\/421093"}],"wp:attachment":[{"href":"https:\/\/www.hashtag.al\/index.php\/wp-json\/wp\/v2\/media?parent=421092"}],"wp:term":[{"taxonomy":"category","embeddable":true,"href":"https:\/\/www.hashtag.al\/index.php\/wp-json\/wp\/v2\/categories?post=421092"},{"taxonomy":"post_tag","embeddable":true,"href":"https:\/\/www.hashtag.al\/index.php\/wp-json\/wp\/v2\/tags?post=421092"}],"curies":[{"name":"wp","href":"https:\/\/api.w.org\/{rel}","templated":true}]}}