{"id":420860,"date":"2020-12-30T23:30:24","date_gmt":"2020-12-30T22:30:24","guid":{"rendered":"https:\/\/hashtag.al\/?p=420860"},"modified":"2020-12-30T23:30:24","modified_gmt":"2020-12-30T22:30:24","slug":"mjeku-epidemiolog-ne-mars-do-kete-nje-renie-te-infeksionit-nga-covid-19","status":"publish","type":"post","link":"https:\/\/www.hashtag.al\/index.php\/2020\/12\/30\/mjeku-epidemiolog-ne-mars-do-kete-nje-renie-te-infeksionit-nga-covid-19\/","title":{"rendered":"Mjeku epidemiolog: N\u00eb mars do ket\u00eb nj\u00eb r\u00ebnie t\u00eb infeksionit nga Covid-19","gt_translate_keys":[{"key":"rendered","format":"text"}]},"content":{"rendered":"<p><img loading=\"lazy\" decoding=\"async\" class=\"aligncenter size-full wp-image-420861\" src=\"https:\/\/hashtag.al\/wp-content\/uploads\/2020\/12\/1609363525_aliimehmeti.jpg\" alt=\"\" width=\"780\" height=\"440\" srcset=\"https:\/\/www.hashtag.al\/wp-content\/uploads\/2020\/12\/1609363525_aliimehmeti.jpg 780w, https:\/\/www.hashtag.al\/wp-content\/uploads\/2020\/12\/1609363525_aliimehmeti-300x169.jpg 300w, https:\/\/www.hashtag.al\/wp-content\/uploads\/2020\/12\/1609363525_aliimehmeti-768x433.jpg 768w\" sizes=\"auto, (max-width: 780px) 100vw, 780px\" \/><\/p>\n<p><span style=\"color: #000000;\">Mjeku epidemiolog. Ilir Alimehmeti n\u00eb nj\u00eb intervist\u00eb p\u00ebr emisionin Repolitix\u2019 n\u00eb Report TV, deklaroi se n\u00eb mar t\u00eb vitit 2021 pritet q\u00eb t\u00eb ket\u00eb nj\u00eb r\u00ebnie t\u00eb shifrave t\u00eb koronavirusit.<\/span><\/p>\n<p><span style=\"color: #000000;\">Sipas Alimehmetit me kalimin e dimrit do ket\u00eb r\u00ebnie t\u00eb rasteve p\u00ebr shkak edhe se tashm\u00eb kemi nj\u00eb p\u00ebrqindje t\u00eb madhe t\u00eb t\u00eb infektuarve.<\/span><\/p>\n<p><span style=\"color: #000000;\"><em>\u201cN\u00eb mars t\u00eb 2021 do t\u00eb ket\u00eb nj\u00eb r\u00ebnie t\u00eb infeksionit, k\u00ebt\u00eb e thon\u00eb projeksionet. Sot kemi nj\u00eb orar m\u00eb t\u00eb ul\u00ebt, munges\u00eb shkollat dhe do shohin efektin pas 2 jav\u00ebsh. Jan\u00eb projeksione, q\u00eb bazohet mbi disa lloje ekuacionesh, mbi masat q\u00eb jan\u00eb vendosur. Do ket\u00eb r\u00ebnie rastesh t\u00eb qarta, bie me kalimin e dimrit, dimri \u00ebsht\u00eb frika e madhe dhe pranvera do sjell\u00eb k\u00ebt\u00eb, kujtojm\u00eb q\u00eb ky dim\u00ebr nuk na gjen me 0% t\u00eb imunizuar, por me nj\u00eb p\u00ebrqindje m\u00eb t\u00eb madhe\u201d- <\/em>tha Alimehmeti<em>.<\/em><\/span><\/p>\n","protected":false,"gt_translate_keys":[{"key":"rendered","format":"html"}]},"excerpt":{"rendered":"<p>Mjeku epidemiolog. Ilir Alimehmeti n\u00eb nj\u00eb intervist\u00eb p\u00ebr emisionin Repolitix\u2019 n\u00eb Report TV, deklaroi se n\u00eb mar t\u00eb vitit 2021 pritet q\u00eb t\u00eb ket\u00eb nj\u00eb r\u00ebnie t\u00eb shifrave t\u00eb koronavirusit. Sipas Alimehmetit me kalimin e dimrit do ket\u00eb r\u00ebnie t\u00eb rasteve p\u00ebr shkak edhe se tashm\u00eb kemi nj\u00eb p\u00ebrqindje t\u00eb madhe t\u00eb t\u00eb infektuarve. \u201cN\u00eb [&hellip;]<\/p>\n","protected":false,"gt_translate_keys":[{"key":"rendered","format":"html"}]},"author":32,"featured_media":420861,"comment_status":"open","ping_status":"open","sticky":false,"template":"","format":"standard","meta":{"footnotes":""},"categories":[65,13],"tags":[],"class_list":["post-420860","post","type-post","status-publish","format-standard","has-post-thumbnail","hentry","category-lajme","category-te-fundit"],"gt_translate_keys":[{"key":"link","format":"url"}],"_links":{"self":[{"href":"https:\/\/www.hashtag.al\/index.php\/wp-json\/wp\/v2\/posts\/420860","targetHints":{"allow":["GET"]}}],"collection":[{"href":"https:\/\/www.hashtag.al\/index.php\/wp-json\/wp\/v2\/posts"}],"about":[{"href":"https:\/\/www.hashtag.al\/index.php\/wp-json\/wp\/v2\/types\/post"}],"author":[{"embeddable":true,"href":"https:\/\/www.hashtag.al\/index.php\/wp-json\/wp\/v2\/users\/32"}],"replies":[{"embeddable":true,"href":"https:\/\/www.hashtag.al\/index.php\/wp-json\/wp\/v2\/comments?post=420860"}],"version-history":[{"count":0,"href":"https:\/\/www.hashtag.al\/index.php\/wp-json\/wp\/v2\/posts\/420860\/revisions"}],"wp:featuredmedia":[{"embeddable":true,"href":"https:\/\/www.hashtag.al\/index.php\/wp-json\/wp\/v2\/media\/420861"}],"wp:attachment":[{"href":"https:\/\/www.hashtag.al\/index.php\/wp-json\/wp\/v2\/media?parent=420860"}],"wp:term":[{"taxonomy":"category","embeddable":true,"href":"https:\/\/www.hashtag.al\/index.php\/wp-json\/wp\/v2\/categories?post=420860"},{"taxonomy":"post_tag","embeddable":true,"href":"https:\/\/www.hashtag.al\/index.php\/wp-json\/wp\/v2\/tags?post=420860"}],"curies":[{"name":"wp","href":"https:\/\/api.w.org\/{rel}","templated":true}]}}