{"id":420759,"date":"2020-12-30T13:00:09","date_gmt":"2020-12-30T12:00:09","guid":{"rendered":"https:\/\/hashtag.al\/?p=420759"},"modified":"2020-12-30T13:06:04","modified_gmt":"2020-12-30T12:06:04","slug":"kryemadhi-solidarizohet-me-mjekun-e-shkarkuar-seshte-i-vetmi-qe-eshte-larguar-padrejtesisht-qeveria-e-re-do-e-riktheje-ne-pune","status":"publish","type":"post","link":"https:\/\/www.hashtag.al\/index.php\/2020\/12\/30\/kryemadhi-solidarizohet-me-mjekun-e-shkarkuar-seshte-i-vetmi-qe-eshte-larguar-padrejtesisht-qeveria-e-re-do-e-riktheje-ne-pune\/","title":{"rendered":"Kryemadhi pas shkarkimit t\u00eb mjekut Allkja: Qeveria e re do e rikthej\u00eb n\u00eb detyr\u00eb","gt_translate_keys":[{"key":"rendered","format":"text"}]},"content":{"rendered":"<p><img loading=\"lazy\" decoding=\"async\" class=\"aligncenter size-full wp-image-409585\" src=\"https:\/\/hashtag.al\/wp-content\/uploads\/2020\/11\/Zonja-Kryemadhi.jpg\" alt=\"\" width=\"640\" height=\"442\" srcset=\"https:\/\/www.hashtag.al\/wp-content\/uploads\/2020\/11\/Zonja-Kryemadhi.jpg 640w, https:\/\/www.hashtag.al\/wp-content\/uploads\/2020\/11\/Zonja-Kryemadhi-300x207.jpg 300w\" sizes=\"auto, (max-width: 640px) 100vw, 640px\" \/><\/p>\n<p><span style=\"color: #000000;\">Kryetarja e LSI-s\u00eb, Kryemadhi, \u00ebsht\u00eb solidarizuar me mjekun Ilir Allkja, i cili u shkarkua sot nga puna. <\/span><\/p>\n<p><span style=\"color: #000000;\">Ajo shkruan se \u00ebsht\u00eb nj\u00eb nga shum\u00eb qytetar\u00ebt q\u00eb jan\u00eb larguar n\u00eb m\u00ebnyr\u00eb t\u00eb padrejt\u00eb nga Rilindja dhe se qeveria e re do i riparoj\u00eb k\u00ebto padrejt\u00ebsi duke i rikthyer n\u00eb pun\u00eb s\u00ebrish.<\/span><\/p>\n<p><span style=\"color: #000000;\"><em>\u201cSolidarizohem me mjekun Ilir Allkja, i cili \u00ebsht\u00eb nj\u00eb prej shum\u00eb qytetar\u00ebve t\u00eb larguar nga puna n\u00eb m\u00ebnyr\u00eb t\u00eb padrejt\u00eb nga Rilindja. Kjo situat\u00eb nuk ka nisur sot, por ne kemi dhe jemi duke mbajtur sh\u00ebnim \u00e7do gj\u00eb. Qeveria e re do t\u2019i riparoj\u00eb k\u00ebto padrejt\u00ebsi duke krijuar hap\u00ebsirat p\u00ebr rikthimin e tyre n\u00eb pun\u00eb, si dhe duke ripar\u00eb t\u00eb gjith\u00eb motivacionin e gjobave t\u00eb presionit ndaj bizneseve dhe \u00e7do subjekti t\u00eb cilin Rilindja e trajton si armik. Ndryshimi po vjen!\u201d<\/em> &#8211; shkruan Kryemadhi.<\/span><\/p>\n","protected":false,"gt_translate_keys":[{"key":"rendered","format":"html"}]},"excerpt":{"rendered":"<p>Kryetarja e LSI-s\u00eb, Kryemadhi, \u00ebsht\u00eb solidarizuar me mjekun Ilir Allkja, i cili u shkarkua sot nga puna. Ajo shkruan se \u00ebsht\u00eb nj\u00eb nga shum\u00eb qytetar\u00ebt q\u00eb jan\u00eb larguar n\u00eb m\u00ebnyr\u00eb t\u00eb padrejt\u00eb nga Rilindja dhe se qeveria e re do i riparoj\u00eb k\u00ebto padrejt\u00ebsi duke i rikthyer n\u00eb pun\u00eb s\u00ebrish. \u201cSolidarizohem me mjekun Ilir Allkja, [&hellip;]<\/p>\n","protected":false,"gt_translate_keys":[{"key":"rendered","format":"html"}]},"author":51,"featured_media":409585,"comment_status":"open","ping_status":"open","sticky":false,"template":"","format":"standard","meta":{"footnotes":""},"categories":[65,13],"tags":[],"class_list":["post-420759","post","type-post","status-publish","format-standard","has-post-thumbnail","hentry","category-lajme","category-te-fundit"],"gt_translate_keys":[{"key":"link","format":"url"}],"_links":{"self":[{"href":"https:\/\/www.hashtag.al\/index.php\/wp-json\/wp\/v2\/posts\/420759","targetHints":{"allow":["GET"]}}],"collection":[{"href":"https:\/\/www.hashtag.al\/index.php\/wp-json\/wp\/v2\/posts"}],"about":[{"href":"https:\/\/www.hashtag.al\/index.php\/wp-json\/wp\/v2\/types\/post"}],"author":[{"embeddable":true,"href":"https:\/\/www.hashtag.al\/index.php\/wp-json\/wp\/v2\/users\/51"}],"replies":[{"embeddable":true,"href":"https:\/\/www.hashtag.al\/index.php\/wp-json\/wp\/v2\/comments?post=420759"}],"version-history":[{"count":0,"href":"https:\/\/www.hashtag.al\/index.php\/wp-json\/wp\/v2\/posts\/420759\/revisions"}],"wp:featuredmedia":[{"embeddable":true,"href":"https:\/\/www.hashtag.al\/index.php\/wp-json\/wp\/v2\/media\/409585"}],"wp:attachment":[{"href":"https:\/\/www.hashtag.al\/index.php\/wp-json\/wp\/v2\/media?parent=420759"}],"wp:term":[{"taxonomy":"category","embeddable":true,"href":"https:\/\/www.hashtag.al\/index.php\/wp-json\/wp\/v2\/categories?post=420759"},{"taxonomy":"post_tag","embeddable":true,"href":"https:\/\/www.hashtag.al\/index.php\/wp-json\/wp\/v2\/tags?post=420759"}],"curies":[{"name":"wp","href":"https:\/\/api.w.org\/{rel}","templated":true}]}}