{"id":420735,"date":"2020-12-30T11:57:22","date_gmt":"2020-12-30T10:57:22","guid":{"rendered":"https:\/\/hashtag.al\/?p=420735"},"modified":"2020-12-30T12:07:46","modified_gmt":"2020-12-30T11:07:46","slug":"pushohet-nga-puna-mjeku-ilir-allkja-i-cili-denoncoi-mungesen-e-mjeteve-mbrojtese-ne-qsut","status":"publish","type":"post","link":"https:\/\/www.hashtag.al\/index.php\/2020\/12\/30\/pushohet-nga-puna-mjeku-ilir-allkja-i-cili-denoncoi-mungesen-e-mjeteve-mbrojtese-ne-qsut\/","title":{"rendered":"Pushohet nga puna mjeku Ilir Allkja, i cili denoncoi munges\u00ebn e mjeteve mbrojt\u00ebse n\u00eb QSUT","gt_translate_keys":[{"key":"rendered","format":"text"}]},"content":{"rendered":"<p><a href=\"https:\/\/hashtag.al\/wp-content\/uploads\/2020\/12\/ilir-allkja-.jpg\"><img loading=\"lazy\" decoding=\"async\" class=\"aligncenter size-full wp-image-420737\" src=\"https:\/\/hashtag.al\/wp-content\/uploads\/2020\/12\/ilir-allkja-.jpg\" alt=\"\" width=\"686\" height=\"451\" srcset=\"https:\/\/www.hashtag.al\/wp-content\/uploads\/2020\/12\/ilir-allkja-.jpg 686w, https:\/\/www.hashtag.al\/wp-content\/uploads\/2020\/12\/ilir-allkja--300x197.jpg 300w\" sizes=\"auto, (max-width: 686px) 100vw, 686px\" \/><\/a><\/p>\n<p><span style=\"color: #000000;\">Pushohet nga puna mjeku i Urgjenc\u00ebs Komb\u00ebtare pran\u00eb QSUT-s\u00eb Ilir Allkja, i cili gjat\u00eb k\u00ebtyre muajve ka qen\u00eb nj\u00eb nd\u00ebr z\u00ebrat m\u00eb kritik\u00eb mbi menaxhimin e pandemis\u00eb s\u00eb Covid-19 nga qeveria, duke denoncuar munges\u00ebn e mjeteve mbrojt\u00ebse dhe nevoj\u00ebs p\u00ebr m\u00eb shum\u00eb staf n\u00eb Urgjenc\u00eb.<\/span><\/p>\n<p><span style=\"color: #000000;\">Si\u00e7 tregohet edhe n\u00eb dokumentin e m\u00ebposht\u00ebm, vendimi \u00ebsht\u00eb firmosur nga drejtori i P\u00ebrgjithsh\u00ebm i QSUT-s\u00eb, Enkelejd Joti. N\u00eb k\u00ebt\u00eb vendim thuhet se mjeku Allkja ka shkelur <em>&#8220;Kodin Etik t\u00eb Punonj\u00ebsit&#8221;.<\/em><\/span><\/p>\n<p><a href=\"https:\/\/hashtag.al\/wp-content\/uploads\/2020\/12\/Joti.jpg\"><img loading=\"lazy\" decoding=\"async\" class=\"aligncenter size-full wp-image-420736\" src=\"https:\/\/hashtag.al\/wp-content\/uploads\/2020\/12\/Joti.jpg\" alt=\"\" width=\"867\" height=\"1156\" srcset=\"https:\/\/www.hashtag.al\/wp-content\/uploads\/2020\/12\/Joti.jpg 867w, https:\/\/www.hashtag.al\/wp-content\/uploads\/2020\/12\/Joti-225x300.jpg 225w, https:\/\/www.hashtag.al\/wp-content\/uploads\/2020\/12\/Joti-768x1024.jpg 768w\" sizes=\"auto, (max-width: 867px) 100vw, 867px\" \/><\/a><\/p>\n<p><span style=\"color: #000000;\">Mjeku Allkja ka b\u00ebr\u00eb nj\u00eb reagim n\u00eb rrjetet sociale, ku shprehet se kryeministri Edi Rama i ka v\u00ebn\u00eb n\u00eb rresht profesor\u00ebt e mjek\u00ebt. Megjithat\u00eb nuk p\u00ebrmend shkarkim nga detyra.<\/span><\/p>\n<p><em><span style=\"color: #000000;\">\u201cPROFESOR\u00cbT DO TI DOJA T\u00cb RRESHTUAR N\u00cb SHKENC\u00cb E JO N\u00cb PROPAGAND\u00cb !<\/span><\/em><\/p>\n<p><em><span style=\"color: #000000;\">T\u00eb lumt\u00eb z.kryeminist\u00ebr!<\/span><\/em><\/p>\n<p><em><span style=\"color: #000000;\">Ti ja dole t\u00eb n\u00ebnshtrosh elit\u00ebn e k\u00ebtij vendi n\u00eb m\u00ebnyr\u00ebn m\u00eb origjinale.<\/span><\/em><\/p>\n<p><em><span style=\"color: #000000;\">Jo si parardh\u00ebsi yt, jo si Enver Hoxha i cili e internoi, burgosi dhe e pushkatoi !<\/span><\/em><\/p>\n<p><em><span style=\"color: #000000;\">Ti i vure n\u00eb rresht para teje profesor\u00ebt, e i detyrove t\u00eb t\u00eb duartrokasin.<\/span><\/em><\/p>\n<p><em><span style=\"color: #000000;\">Madje i m\u00ebsove si t\u00eb trajtojn\u00eb s\u00ebmundjet, t\u00eb num\u00ebrojn\u00eb, t\u00eb klasifikojn\u00eb , t\u00eb punojn\u00eb .<\/span><\/em><\/p>\n<p><em><span style=\"color: #000000;\">T\u00eb gjith\u00eb kemi par\u00eb kryeministren belge Sophie Wilm\u00e8s e cila nuk u prit fare mir\u00eb nga mjek\u00ebt e infermier\u00ebt e spitalit Sain-Pierre n\u00eb Bruksel.<\/span><\/em><\/p>\n<p><em><span style=\"color: #000000;\">Po k\u00ebshtu kryeministri italian Conte nuk guxon dot t\u00eb shkoj\u00eb n\u00eb ndonj\u00eb spital t\u00eb Italis\u00eb, pasi punonj\u00ebsit e tij do ta kryq\u00ebzonin me k\u00ebrkesa e kritika , dhe me dijenin\u00eb time, nga opinionet e koleg\u00ebve q\u00eb punojn\u00eb andej, kjo do t\u00eb ndodhte dhe n\u00eb Franc\u00eb e Gjermani .<\/span><\/em><\/p>\n<p><em><span style=\"color: #000000;\">T\u00eb lumt\u00eb zoti kryeminist\u00ebr, ti gjunj\u00ebzove ata q\u00eb ne, mjek\u00ebt e baz\u00ebs, presim t\u00eb na udh\u00ebheqin n\u00eb profesion, mgjths asnj\u00ebri prej tyre nuk ka publikuar ndonj\u00eb artikull p\u00ebr SARS-COV-2 n\u00eb ndonj\u00eb revist\u00eb bot\u00ebrore profesionist\u00ebsh.<\/span><\/em><\/p>\n<p><span style=\"color: #000000;\"><em>Sinqerisht, e prisja angazhimin e tyre n\u00eb shkenc\u00eb, dhe bojkotimin e propagand\u00ebs t\u00ebnde , por nuk ndodhi. <\/em><\/span><em><span style=\"color: #000000;\">Un\u00eb t\u00eb jam personalisht mir\u00ebnjoh\u00ebs z. Kryeminist\u00ebr q\u00eb nuk i detyrove t\u00eb bien n\u00ea gjunj\u00eb n\u00eb asfalt para teje !! <\/span><\/em><span style=\"color: #000000;\"><em>(Nuk je aq mizor sa p\u00ebrflitesh !)\u00a0.\u201d-<\/em> shprehet Allkja. Kujtojm\u00eb se n\u00eb muajin Mars kur b\u00ebnte denoncimet mbi kushtet n\u00eb QSUT mjeku Allkja pati deklaruar se i kan\u00eb komunikuar shkarkimin nga detyra, por ende nuk kishte patur nj\u00eb shkres\u00eb zyrtare p\u00ebr k\u00ebt\u00eb. \/<strong>Hashtag.al<\/strong><\/span><\/p>\n","protected":false,"gt_translate_keys":[{"key":"rendered","format":"html"}]},"excerpt":{"rendered":"<p>Pushohet nga puna mjeku i Urgjenc\u00ebs Komb\u00ebtare pran\u00eb QSUT-s\u00eb Ilir Allkja, i cili gjat\u00eb k\u00ebtyre muajve ka qen\u00eb nj\u00eb nd\u00ebr z\u00ebrat m\u00eb kritik\u00eb mbi menaxhimin e pandemis\u00eb s\u00eb Covid-19 nga qeveria, duke denoncuar munges\u00ebn e mjeteve mbrojt\u00ebse dhe nevoj\u00ebs p\u00ebr m\u00eb shum\u00eb staf n\u00eb Urgjenc\u00eb. Si\u00e7 tregohet edhe n\u00eb dokumentin e m\u00ebposht\u00ebm, vendimi \u00ebsht\u00eb firmosur [&hellip;]<\/p>\n","protected":false,"gt_translate_keys":[{"key":"rendered","format":"html"}]},"author":30,"featured_media":420737,"comment_status":"open","ping_status":"open","sticky":false,"template":"","format":"standard","meta":{"footnotes":""},"categories":[22,65,13],"tags":[],"class_list":["post-420735","post","type-post","status-publish","format-standard","has-post-thumbnail","hentry","category-ballina","category-lajme","category-te-fundit"],"gt_translate_keys":[{"key":"link","format":"url"}],"_links":{"self":[{"href":"https:\/\/www.hashtag.al\/index.php\/wp-json\/wp\/v2\/posts\/420735","targetHints":{"allow":["GET"]}}],"collection":[{"href":"https:\/\/www.hashtag.al\/index.php\/wp-json\/wp\/v2\/posts"}],"about":[{"href":"https:\/\/www.hashtag.al\/index.php\/wp-json\/wp\/v2\/types\/post"}],"author":[{"embeddable":true,"href":"https:\/\/www.hashtag.al\/index.php\/wp-json\/wp\/v2\/users\/30"}],"replies":[{"embeddable":true,"href":"https:\/\/www.hashtag.al\/index.php\/wp-json\/wp\/v2\/comments?post=420735"}],"version-history":[{"count":0,"href":"https:\/\/www.hashtag.al\/index.php\/wp-json\/wp\/v2\/posts\/420735\/revisions"}],"wp:featuredmedia":[{"embeddable":true,"href":"https:\/\/www.hashtag.al\/index.php\/wp-json\/wp\/v2\/media\/420737"}],"wp:attachment":[{"href":"https:\/\/www.hashtag.al\/index.php\/wp-json\/wp\/v2\/media?parent=420735"}],"wp:term":[{"taxonomy":"category","embeddable":true,"href":"https:\/\/www.hashtag.al\/index.php\/wp-json\/wp\/v2\/categories?post=420735"},{"taxonomy":"post_tag","embeddable":true,"href":"https:\/\/www.hashtag.al\/index.php\/wp-json\/wp\/v2\/tags?post=420735"}],"curies":[{"name":"wp","href":"https:\/\/api.w.org\/{rel}","templated":true}]}}