{"id":420705,"date":"2020-12-30T10:11:51","date_gmt":"2020-12-30T09:11:51","guid":{"rendered":"https:\/\/hashtag.al\/?p=420705"},"modified":"2020-12-30T10:16:11","modified_gmt":"2020-12-30T09:16:11","slug":"ndahet-nga-jeta-ne-moshen-84-vjecare-gjuhetari-dhe-ish-rektori-mehmet-celiku","status":"publish","type":"post","link":"https:\/\/www.hashtag.al\/index.php\/2020\/12\/30\/ndahet-nga-jeta-ne-moshen-84-vjecare-gjuhetari-dhe-ish-rektori-mehmet-celiku\/","title":{"rendered":"Ndahet nga jeta n\u00eb mosh\u00ebn 84-vje\u00e7are gjuh\u00ebtari dhe ish-rektori, Mehmet \u00c7eliku","gt_translate_keys":[{"key":"rendered","format":"text"}]},"content":{"rendered":"<p><a href=\"https:\/\/hashtag.al\/wp-content\/uploads\/2020\/12\/Celiku.jpg\"><img loading=\"lazy\" decoding=\"async\" class=\"aligncenter size-full wp-image-420706\" src=\"https:\/\/hashtag.al\/wp-content\/uploads\/2020\/12\/Celiku.jpg\" alt=\"\" width=\"675\" height=\"450\" srcset=\"https:\/\/www.hashtag.al\/wp-content\/uploads\/2020\/12\/Celiku.jpg 675w, https:\/\/www.hashtag.al\/wp-content\/uploads\/2020\/12\/Celiku-300x200.jpg 300w\" sizes=\"auto, (max-width: 675px) 100vw, 675px\" \/><\/a><\/p>\n<p><span style=\"color: #000000;\">Ndahet nga jeta n\u00eb mosh\u00ebn 84-vje\u00e7are Prof. Dr. Mehmet \u00c7eliku, nj\u00eb gjuh\u00ebtar i shquar dhe ish-rektor i Universitetit t\u00eb Elbasanit.<\/span><\/p>\n<p><span style=\"color: #000000;\">\u201c<em>Profesori i nderuar Mehmet \u00c7eliku nuk \u00ebsht\u00eb m\u00eb mes nesh. Por shembulli i tij, energjia e pashterur p\u00ebr k\u00ebrkimin shkencor, p\u00ebrkushtimi ndaj gjuh\u00ebsis\u00eb shqiptare, dashuria p\u00ebr shqipen, zot\u00ebsia e tij si m\u00ebsimdh\u00ebn\u00ebs prej dhjet\u00ebra vitesh do t\u00eb frym\u00ebzojn\u00eb gjithnj\u00eb t\u00eb gjith\u00eb ata q\u00eb e pat\u00ebn njohur dhe bashk\u00ebpunuar me t\u00eb: student\u00eb, m\u00ebsues, gazetar\u00eb, botues, pedagog\u00eb, profesor\u00eb, dashamir\u00ebs t\u00eb gjuh\u00ebs\u201d<\/em>,\u00a0njoftojn\u00eb koleg\u00ebt e tij.<\/span><\/p>\n<p><span style=\"color: #000000;\">\u00c7eliku ka qen\u00eb nj\u00eb gjuh\u00ebtar\u00ebt m\u00eb t\u00eb njohur n\u00eb Shqip\u00ebri si dhe autori i mbi 200 teksteve p\u00ebr Gjuh\u00ebn Shqipe.\u00a0<\/span><\/p>\n<p><strong><span style=\"color: #000000;\">Kush \u00ebsht\u00eb Mehmet \u00c7eliku<\/span><\/strong><\/p>\n<p><span style=\"color: #000000;\">Profesor Mehmet \u00c7eliku u lind n\u00eb Elbasan n\u00eb 15 janar 1936. Shkoll\u00ebn e mesme e kreu n\u00eb Elbasan dhe m\u00eb pas studioi p\u00ebr gjuh\u00eb-let\u00ebrsi n\u00eb Universitetin e Tiran\u00ebs, Fakulteti Histori-Filologji.<\/span><\/p>\n<p><span style=\"color: #000000;\">Me mbarimin e studimeve universitare, filloi pun\u00eb si bashk\u00ebpun\u00ebtor shkencor n\u00eb Akademin\u00eb e Shkencave t\u00eb Shqip\u00ebris\u00eb, Instituti i Gjuh\u00ebsis\u00eb dhe i Let\u00ebrsis\u00eb nga viti 1958 deri n\u00eb 1973, vit kur nisi edhe pun\u00ebn n\u00eb Universitetin e Elbasanit, n\u00eb at\u00eb koh\u00eb Instituti i Lart\u00eb Pedagogjik \u201cA.Xhuvani\u201d.<\/span><\/p>\n<p><span style=\"color: #000000;\">Profili shkencor n\u00eb Akademi i profesor \u00c7elikut ishte dialektolog.<\/span><\/p>\n<p><span style=\"color: #000000;\">Gjat\u00eb 15 viteve t\u00eb pun\u00ebs n\u00eb k\u00ebt\u00eb institucion ai hulumtoi mbi nj\u00ebqind pika t\u00eb banuara dhe studioi t\u00eb folmet e geg\u00ebrishtes jugore dhe t\u00eb folmet kalimtare. Ishte bashk\u00ebhartues i Gramatik\u00ebs s\u00eb Akademis\u00eb, v\u00ebllimi II, si dhe pedagog i jasht\u00ebm n\u00eb Universitetin e Tiran\u00ebs.<\/span><\/p>\n<p><span style=\"color: #000000;\">N\u00eb vitin 1973 prof.dr. Mehmet \u00c7eliku em\u00ebrohet si pedagog n\u00eb ILP \u201cA.Xhuvani\u201d, mori detyr\u00ebn e p\u00ebrgjegj\u00ebsit t\u00eb katedr\u00ebs s\u00eb gjuh\u00ebs, let\u00ebrsis\u00eb dhe gjuh\u00ebve t\u00eb huaja, dhe e drejtoi at\u00eb p\u00ebr 19 vjet, deri n\u00eb vitin 1992, duke i dh\u00ebn\u00eb k\u00ebsaj nj\u00ebsie nj\u00eb profil t\u00eb qart\u00eb k\u00ebrkimor shkencor, por edhe nj\u00eb m\u00ebsimdh\u00ebnie t\u00eb nivelit universitar t\u00eb denj\u00eb p\u00ebr tradit\u00ebn e qytetit t\u00eb Elbasanit. Ai punoi p\u00ebr 41 vite n\u00eb k\u00ebt\u00eb universitet deri n\u00eb fund t\u00eb pun\u00ebs s\u00eb tij si m\u00ebsimdh\u00ebn\u00ebs universitar.<\/span><\/p>\n<p><span style=\"color: #000000;\">Ai ishte titullar i disa l\u00ebnd\u00ebve gjuh\u00ebsore, si: morfologji, sintaks\u00eb, dialektologji, shqipe standarde dhe i tri kurseve speciale n\u00eb fush\u00eb t\u00eb gjuh\u00ebs (ku trajtoi probleme t\u00eb morfologjis\u00eb, \u00e7\u00ebshtje t\u00eb norm\u00ebs gramatikore, format e pashtjelluara t\u00eb foljes); disa nga l\u00ebnd\u00ebt dhe kurset e tij jan\u00eb zhvilluar edhe n\u00eb Universitetin e Tiran\u00ebs, por edhe n\u00eb universitete t\u00eb tjera t\u00eb vendit (Gjirokast\u00ebr, Tetov\u00eb etj.).<\/span><\/p>\n<p><span style=\"color: #000000;\">Ishte rektori i Universitetit \u201cA. Xhuvani\u201d Elbasan nga viti 1992 deri n\u00eb 1996.<\/span><\/p>\n<p><span style=\"color: #000000;\">P\u00ebrkushtimin e tij ndaj k\u00ebrkimit shkencor dhe gjuh\u00ebs shqipe e vijoi n\u00eb Elbasan me t\u00eb nj\u00ebjtin intensitet si n\u00eb vitet e Akademis\u00eb dhe n\u00eb vitin 1980 mori titullin \u201cKandidat i shkencave\u201d me disertacionin \u201cGeg\u00ebrishtja jugper\u00ebndimore\u201d; n\u00eb vitin 1984 mori titullin \u201cDocent\u201d; n\u00eb 1990 mori titullin \u201cDoktor i shkencave\u201d me disertacionin \u201cFormat e pashtjelluara t\u00eb foljes n\u00eb gjuh\u00ebn e sotme shqipe\u201d; n\u00eb vitin 1994 mori edhe titullin \u201cProfesor\u201d.<\/span><\/p>\n<p><span style=\"color: #000000;\">Gjithashtu ai \u00ebsht\u00eb nderuar edhe me titujt \u201cPunonj\u00ebs i shquar i shkenc\u00ebs dhe i teknik\u00ebs\u201d (1987), \u201cM\u00ebsues i Popullit\u201d (1993), dhe \u201cQytetar nderi\u201d i Elbasanit (2006).<\/span><\/p>\n<p><span style=\"color: #000000;\">Veprimtaria botuese e profesor M.\u00c7elikut p\u00ebrmbledh rreth 200 z\u00ebra (libra, monografi, p\u00ebrmbledhje, tekste universitare, artikuj, referate, kumtesa), me mbi 3500 faqe t\u00eb botuara.<\/span><\/p>\n","protected":false,"gt_translate_keys":[{"key":"rendered","format":"html"}]},"excerpt":{"rendered":"<p>Ndahet nga jeta n\u00eb mosh\u00ebn 84-vje\u00e7are Prof. Dr. Mehmet \u00c7eliku, nj\u00eb gjuh\u00ebtar i shquar dhe ish-rektor i Universitetit t\u00eb Elbasanit. \u201cProfesori i nderuar Mehmet \u00c7eliku nuk \u00ebsht\u00eb m\u00eb mes nesh. Por shembulli i tij, energjia e pashterur p\u00ebr k\u00ebrkimin shkencor, p\u00ebrkushtimi ndaj gjuh\u00ebsis\u00eb shqiptare, dashuria p\u00ebr shqipen, zot\u00ebsia e tij si m\u00ebsimdh\u00ebn\u00ebs prej dhjet\u00ebra vitesh [&hellip;]<\/p>\n","protected":false,"gt_translate_keys":[{"key":"rendered","format":"html"}]},"author":30,"featured_media":420706,"comment_status":"open","ping_status":"open","sticky":false,"template":"","format":"standard","meta":{"footnotes":""},"categories":[65,13],"tags":[],"class_list":["post-420705","post","type-post","status-publish","format-standard","has-post-thumbnail","hentry","category-lajme","category-te-fundit"],"gt_translate_keys":[{"key":"link","format":"url"}],"_links":{"self":[{"href":"https:\/\/www.hashtag.al\/index.php\/wp-json\/wp\/v2\/posts\/420705","targetHints":{"allow":["GET"]}}],"collection":[{"href":"https:\/\/www.hashtag.al\/index.php\/wp-json\/wp\/v2\/posts"}],"about":[{"href":"https:\/\/www.hashtag.al\/index.php\/wp-json\/wp\/v2\/types\/post"}],"author":[{"embeddable":true,"href":"https:\/\/www.hashtag.al\/index.php\/wp-json\/wp\/v2\/users\/30"}],"replies":[{"embeddable":true,"href":"https:\/\/www.hashtag.al\/index.php\/wp-json\/wp\/v2\/comments?post=420705"}],"version-history":[{"count":0,"href":"https:\/\/www.hashtag.al\/index.php\/wp-json\/wp\/v2\/posts\/420705\/revisions"}],"wp:featuredmedia":[{"embeddable":true,"href":"https:\/\/www.hashtag.al\/index.php\/wp-json\/wp\/v2\/media\/420706"}],"wp:attachment":[{"href":"https:\/\/www.hashtag.al\/index.php\/wp-json\/wp\/v2\/media?parent=420705"}],"wp:term":[{"taxonomy":"category","embeddable":true,"href":"https:\/\/www.hashtag.al\/index.php\/wp-json\/wp\/v2\/categories?post=420705"},{"taxonomy":"post_tag","embeddable":true,"href":"https:\/\/www.hashtag.al\/index.php\/wp-json\/wp\/v2\/tags?post=420705"}],"curies":[{"name":"wp","href":"https:\/\/api.w.org\/{rel}","templated":true}]}}