{"id":420543,"date":"2020-12-29T13:33:25","date_gmt":"2020-12-29T12:33:25","guid":{"rendered":"https:\/\/hashtag.al\/?p=420543"},"modified":"2020-12-29T13:49:29","modified_gmt":"2020-12-29T12:49:29","slug":"largohen-tekniket-e-vijne-te-vjetrit-levizjet-e-fundit-te-rames-ne-kabinetin-qeveritar","status":"publish","type":"post","link":"https:\/\/www.hashtag.al\/index.php\/2020\/12\/29\/largohen-tekniket-e-vijne-te-vjetrit-levizjet-e-fundit-te-rames-ne-kabinetin-qeveritar\/","title":{"rendered":"Largohen teknik\u00ebt e vijn\u00eb \u201ct\u00eb vjetrit\u201d &#8211; L\u00ebvizjet e fundit t\u00eb Ram\u00ebs n\u00eb kabinetin qeveritar","gt_translate_keys":[{"key":"rendered","format":"text"}]},"content":{"rendered":"<p><a href=\"https:\/\/hashtag.al\/wp-content\/uploads\/2020\/12\/Ministrat-e-rinj.jpg\"><img loading=\"lazy\" decoding=\"async\" class=\"aligncenter size-full wp-image-420561\" src=\"https:\/\/hashtag.al\/wp-content\/uploads\/2020\/12\/Ministrat-e-rinj.jpg\" alt=\"\" width=\"1600\" height=\"557\" srcset=\"https:\/\/www.hashtag.al\/wp-content\/uploads\/2020\/12\/Ministrat-e-rinj.jpg 1600w, https:\/\/www.hashtag.al\/wp-content\/uploads\/2020\/12\/Ministrat-e-rinj-300x104.jpg 300w, https:\/\/www.hashtag.al\/wp-content\/uploads\/2020\/12\/Ministrat-e-rinj-768x267.jpg 768w, https:\/\/www.hashtag.al\/wp-content\/uploads\/2020\/12\/Ministrat-e-rinj-1024x356.jpg 1024w\" sizes=\"auto, (max-width: 1600px) 100vw, 1600px\" \/><\/a><\/p>\n<p><span style=\"color: #000000;\">Nd\u00ebrkoh\u00eb q\u00eb jemi n\u00eb prag t\u00eb nisjes s\u00eb fushat\u00ebs zgjedhore dhe ende pa u mbyllur mir\u00eb ky vit, kabineti qeveritar ka p\u00ebsuar mjaft ndryshime.<\/span><\/p>\n<p><span style=\"color: #000000;\">Kemi par\u00eb disa ndryshime n\u00eb radh\u00ebt e ministrave n\u00eb vet\u00ebm dy jav\u00eb dhe kryeministri Edi Rama duket se u \u00ebsht\u00eb rikthyer bashk\u00ebpun\u00ebtor\u00ebve t\u00eb tij t\u00eb vjet\u00ebr.<\/span><\/p>\n<p><span style=\"color: #000000;\">K\u00ebto ndryshime nis\u00ebn me dor\u00ebheqjen e Sand\u00ebr Lleshajt nga posti i Ministrit t\u00eb Brendsh\u00ebm, pas protestave mbi vrasjen e 25-vje\u00e7arit Klodian Rasha nga nj\u00eb punonj\u00ebs policie. Kryeministri Rama propozoi n\u00eb vend t\u00eb tij ministrin e Bujq\u00ebsis\u00eb, Bledi \u00c7u\u00e7i. E n\u00eb vend t\u00eb \u00c7u\u00e7it, ai vendosi q\u00eb Bujq\u00ebsia t\u00eb drejtohet nga deputetja socialiste Milva Ikonomi.<\/span><\/p>\n<p><span style=\"color: #000000;\">\u00c7u\u00e7i ka drejtuar Ministrin\u00eb e Bujq\u00ebsis\u00eb q\u00eb prej 17 janarit 2019, duke z\u00ebvend\u00ebsuar n\u00eb k\u00ebt\u00eb pozicion Niko Peleshin. Milva Ikonomi nga ana e saj \u00ebsht\u00eb deputete e PS-s\u00eb dhe drejton Komisionin e Ekonomis\u00eb. N\u00eb periudh\u00ebn 2013-2016 ka qen\u00eb zv.ministre e Sh\u00ebndet\u00ebsis\u00eb.<\/span><\/p>\n<p><span style=\"color: #000000;\">Nd\u00ebrkoh\u00eb sot dha dor\u00ebheqjen ministri i deleguar Gent Cakaj. P\u00ebr pozicionin e tij, Rama zgjodhi ministren aktuale t\u00eb Mbrojtjes Olta Xha\u00e7k\u00ebn. <\/span><span style=\"color: #000000;\">Nd\u00ebrsa vendin e k\u00ebsaj t\u00eb fundit e z\u00eb socialisti i lartp\u00ebrmendur, Niko Peleshi.<\/span><\/p>\n<p><strong><span style=\"color: #000000;\">Kush jan\u00eb ministrat e rinj<\/span><\/strong><\/p>\n<p><span style=\"color: #000000;\"><strong>Bledi \u00c7u\u00e7i<\/strong> \u00ebsht\u00eb afruar n\u00eb PS n\u00eb vitin 2001, ku ka mbajtur disa pozicione deri n\u00eb vitin 2013 kur b\u00ebhet minist\u00ebr Shteti p\u00ebr \u00c7\u00ebshtjet vendore, gjat\u00eb mandatit t\u00eb par\u00eb t\u00eb qeveris\u00eb Rama-Meta. N\u00eb vitin 2019 ai z\u00eb vendin e Niko Peleshit n\u00eb Ministrin\u00eb e Bujq\u00ebsis\u00eb.<\/span><\/p>\n<p><span style=\"color: #000000;\">Ai \u00ebsht\u00eb diplomuar si jurist n\u00eb Fakultetin e Drejt\u00ebsis\u00eb t\u00eb Universitetit t\u00eb Tiran\u00ebs dhe ka nj\u00eb diplom\u00eb pasuniversitare (Master) n\u00eb menaxhim nga Universiteti Hasselt n\u00eb Belgjik\u00eb<\/span><\/p>\n<p><span style=\"color: #000000;\"><strong>Milva Ikonomi<\/strong> nga ana e saj \u00ebsht\u00eb diplomuar p\u00ebr Statistik\u00eb dhe Ekonomi n\u00eb Universitetin Bujq\u00ebsor n\u00eb Kam\u00ebz dhe ka nj\u00eb Master n\u00eb Administrim Biznesi ( MBA ) nga Universiteti i Tiran\u00ebs.<\/span><\/p>\n<p><span style=\"color: #000000;\">N\u00eb periudh\u00ebn 1994-2005 ka qen\u00eb drejtoresh\u00eb e INSTAT (Institutit t\u00eb Statistikave t\u00eb Shqip\u00ebris\u00eb). Gjat\u00eb periudh\u00eb 2000-2011 ka qen\u00eb an\u00ebtare e K\u00ebshillit Bashkiak t\u00eb Tiran\u00ebs.<\/span><\/p>\n<p><span style=\"color: #000000;\">N\u00eb vitet 2013-2016 ka qen\u00eb zv.ministre e Sh\u00ebndet\u00ebsis\u00eb nd\u00ebrsa n\u00eb vitin 2016 \u00ebsht\u00eb em\u00ebruar ministre e Zhvillimit Ekonomik e Turizmit deri n\u00eb vitin 2017.<\/span><\/p>\n<p><span style=\"color: #000000;\"><strong>Olta Xha\u00e7ka<\/strong> mban postin e ministres s\u00eb Mbrojtjes q\u00eb prej shtatorit t\u00eb vitit 2017. Ajo <\/span><span style=\"color: #000000;\">ka p\u00ebrfunduar studimet e larta n\u00eb Shkenca Politike dhe Marr\u00ebdh\u00ebnie Nd\u00ebrkomb\u00ebtare, si dhe ka p\u00ebrfunduar studimet pasuniversitare Master n\u00eb Administrim Publik, pran\u00eb Clark University n\u00eb Masa\u00e7usets t\u00eb SHBA-s\u00eb.<\/span><\/p>\n<p><span style=\"color: #000000;\">P\u00ebrpara se t\u00eb angazhohej n\u00eb politik\u00eb, Xha\u00e7ka ka qen\u00eb pjes\u00eb aktive e shoq\u00ebris\u00eb civile. Ajo ka mbajtur nj\u00eb s\u00ebr\u00eb postesh t\u00eb r\u00ebnd\u00ebsishme n\u00eb qeveri, Kuvend dhe brenda PS-s\u00eb, si deputete, drejtuese e N\u00ebnkomisionit Parlamentar p\u00ebr \u00c7\u00ebshtjet e t\u00eb Miturve, Barazis\u00eb Gjinore dhe Dhun\u00ebs n\u00eb Familje, si ministre e Mir\u00ebqenies Sociale dhe Rinis\u00eb dhe si Kryetare e Forumit t\u00eb Gruas s\u00eb Partis\u00eb Socialiste.<\/span><\/p>\n<p><span style=\"color: #000000;\"><strong>Niko Peleshi<\/strong> \u00ebsht\u00eb diplomuar p\u00ebr Inxhinieri Elektronike n\u00eb Universitetin Politeknik t\u00eb Tiran\u00ebs. Ai ka patur nj\u00eb angazhim t\u00eb gjat\u00eb n\u00eb fush\u00ebn e biznesit privat n\u00eb qytetin e Kor\u00e7\u00ebs, si dhe n\u00eb vitet 2001-2004, kur\u00a0ka drejtuar me sukses Dhom\u00ebn e Tregtis\u00eb dhe Industris\u00eb Kor\u00e7\u00eb.<\/span><\/p>\n<p><span style=\"color: #000000;\">Ai e ka nisur karrier\u00ebn n\u00eb politik\u00eb n\u00eb vitin 2004, kur u em\u00ebrua prefekt i qarkut t\u00eb Kor\u00e7\u00ebs. Kur PS erdhi n\u00eb pushtet n\u00eb vitin 2013 ai u em\u00ebrua Z\u00ebvend\u00ebskryeminist\u00ebr i Shqip\u00ebris\u00eb dhe ka q\u00ebndruar n\u00eb k\u00ebt\u00eb post deri n\u00eb vitin 2017.\/ <strong>Hashtag.al<\/strong><\/span><\/p>\n","protected":false,"gt_translate_keys":[{"key":"rendered","format":"html"}]},"excerpt":{"rendered":"<p>Nd\u00ebrkoh\u00eb q\u00eb jemi n\u00eb prag t\u00eb nisjes s\u00eb fushat\u00ebs zgjedhore dhe ende pa u mbyllur mir\u00eb ky vit, kabineti qeveritar ka p\u00ebsuar mjaft ndryshime. Kemi par\u00eb disa ndryshime n\u00eb radh\u00ebt e ministrave n\u00eb vet\u00ebm dy jav\u00eb dhe kryeministri Edi Rama duket se u \u00ebsht\u00eb rikthyer bashk\u00ebpun\u00ebtor\u00ebve t\u00eb tij t\u00eb vjet\u00ebr. K\u00ebto ndryshime nis\u00ebn me dor\u00ebheqjen [&hellip;]<\/p>\n","protected":false,"gt_translate_keys":[{"key":"rendered","format":"html"}]},"author":30,"featured_media":420561,"comment_status":"open","ping_status":"open","sticky":false,"template":"","format":"standard","meta":{"footnotes":""},"categories":[22,65,13],"tags":[],"class_list":["post-420543","post","type-post","status-publish","format-standard","has-post-thumbnail","hentry","category-ballina","category-lajme","category-te-fundit"],"gt_translate_keys":[{"key":"link","format":"url"}],"_links":{"self":[{"href":"https:\/\/www.hashtag.al\/index.php\/wp-json\/wp\/v2\/posts\/420543","targetHints":{"allow":["GET"]}}],"collection":[{"href":"https:\/\/www.hashtag.al\/index.php\/wp-json\/wp\/v2\/posts"}],"about":[{"href":"https:\/\/www.hashtag.al\/index.php\/wp-json\/wp\/v2\/types\/post"}],"author":[{"embeddable":true,"href":"https:\/\/www.hashtag.al\/index.php\/wp-json\/wp\/v2\/users\/30"}],"replies":[{"embeddable":true,"href":"https:\/\/www.hashtag.al\/index.php\/wp-json\/wp\/v2\/comments?post=420543"}],"version-history":[{"count":0,"href":"https:\/\/www.hashtag.al\/index.php\/wp-json\/wp\/v2\/posts\/420543\/revisions"}],"wp:featuredmedia":[{"embeddable":true,"href":"https:\/\/www.hashtag.al\/index.php\/wp-json\/wp\/v2\/media\/420561"}],"wp:attachment":[{"href":"https:\/\/www.hashtag.al\/index.php\/wp-json\/wp\/v2\/media?parent=420543"}],"wp:term":[{"taxonomy":"category","embeddable":true,"href":"https:\/\/www.hashtag.al\/index.php\/wp-json\/wp\/v2\/categories?post=420543"},{"taxonomy":"post_tag","embeddable":true,"href":"https:\/\/www.hashtag.al\/index.php\/wp-json\/wp\/v2\/tags?post=420543"}],"curies":[{"name":"wp","href":"https:\/\/api.w.org\/{rel}","templated":true}]}}