{"id":420521,"date":"2020-12-29T12:35:12","date_gmt":"2020-12-29T11:35:12","guid":{"rendered":"https:\/\/hashtag.al\/?p=420521"},"modified":"2020-12-29T12:56:59","modified_gmt":"2020-12-29T11:56:59","slug":"gent-cakaj-jep-doreheqjen-e-parevokueshme-e-zevendeson-olta-xhacka","status":"publish","type":"post","link":"https:\/\/www.hashtag.al\/index.php\/2020\/12\/29\/gent-cakaj-jep-doreheqjen-e-parevokueshme-e-zevendeson-olta-xhacka\/","title":{"rendered":"Gent Cakaj jep dor\u00ebheqjen e parevokueshme, e z\u00ebvend\u00ebson Olta Xha\u00e7ka","gt_translate_keys":[{"key":"rendered","format":"text"}]},"content":{"rendered":"<div class=\"kvgmc6g5 cxmmr5t8 oygrvhab hcukyx3x c1et5uql ii04i59q\">\n<p><span style=\"color: #000000;\"><a style=\"color: #000000;\" href=\"https:\/\/hashtag.al\/wp-content\/uploads\/2020\/12\/Cakaj-Xhacka.jpg\"><img loading=\"lazy\" decoding=\"async\" class=\"aligncenter size-full wp-image-420538\" src=\"https:\/\/hashtag.al\/wp-content\/uploads\/2020\/12\/Cakaj-Xhacka.jpg\" alt=\"\" width=\"3264\" height=\"1653\" srcset=\"https:\/\/www.hashtag.al\/wp-content\/uploads\/2020\/12\/Cakaj-Xhacka.jpg 3264w, https:\/\/www.hashtag.al\/wp-content\/uploads\/2020\/12\/Cakaj-Xhacka-300x152.jpg 300w, https:\/\/www.hashtag.al\/wp-content\/uploads\/2020\/12\/Cakaj-Xhacka-768x389.jpg 768w, https:\/\/www.hashtag.al\/wp-content\/uploads\/2020\/12\/Cakaj-Xhacka-1024x519.jpg 1024w\" sizes=\"auto, (max-width: 3264px) 100vw, 3264px\" \/><\/a><\/span><\/p>\n<div dir=\"auto\"><\/div>\n<div dir=\"auto\">\n<p><span style=\"color: #000000;\">Ministri i Jasht\u00ebm n\u00eb detyr\u00eb Gent Cakaj, ka dh\u00ebn\u00eb dor\u00ebheqjen. Ai sapo e ka b\u00ebr\u00eb t\u00eb ditur lajmin p\u00ebrmes nj\u00eb mesazhi t\u00eb gjat\u00eb t\u00eb publikuar n\u00eb llogarin\u00eb e tij zyrtare n\u00eb Facebook.<\/span><\/p>\n<p><span style=\"color: #000000;\">Cakaj thot\u00eb se ai e ka kryer detyr\u00ebn e tij dhe e konsideron t\u00eb mbyllur &#8220;kapitullin&#8221; e sh\u00ebrbimit t\u00eb tij n\u00eb krye t\u00eb diplomacis\u00eb shqiptare n\u00eb nj\u00eb koh\u00eb kur jemi n\u00eb prag t\u00eb fushat\u00ebs zgjedhore, ku ai nuk ka synime t\u00eb kandidoj\u00eb si deputet.<\/span><\/p>\n<div class=\"kvgmc6g5 cxmmr5t8 oygrvhab hcukyx3x c1et5uql ii04i59q\">\n<div dir=\"auto\"><span style=\"color: #000000;\"><em>&#8220;T\u00eb nderuar qytetar\u00eb,<\/em><\/span><\/div>\n<\/div>\n<div class=\"o9v6fnle cxmmr5t8 oygrvhab hcukyx3x c1et5uql ii04i59q\">\n<div dir=\"auto\"><span style=\"color: #000000;\"><em>D\u00ebshiroj t\u00eb ju njoftoj q\u00eb sot, e mart\u00eb, 29 dhjetor 2020, i kam paraqitur Kryeministrit t\u00eb Republik\u00ebs s\u00eb Shqip\u00ebris\u00eb, z. Edi Rama, dor\u00ebheqjen e parevokueshme dhe me efekt t\u00eb menj\u00ebhersh\u00ebm si Minist\u00ebr n\u00eb detyr\u00eb p\u00ebr Evrop\u00ebn dhe Pun\u00ebt e Jashtme t\u00eb Republik\u00ebs s\u00eb Shqip\u00ebris\u00eb.<\/em><\/span><\/div>\n<\/div>\n<div class=\"o9v6fnle cxmmr5t8 oygrvhab hcukyx3x c1et5uql ii04i59q\">\n<div dir=\"auto\"><span style=\"color: #000000;\"><em>Pas p\u00ebrfundimit me shum\u00eb sukses t\u00eb kryesis\u00eb s\u00eb OSBE-s\u00eb, hapjes s\u00eb negociatave p\u00ebr an\u00ebtar\u00ebsim me BE-n\u00eb, pun\u00ebs s\u00eb jasht\u00ebzakonshme p\u00ebr t\u00eb siguruar nj\u00eb ul\u00ebse n\u00eb K\u00ebshillin e Sigurimit p\u00ebr 2022-2023, zbatimit t\u00eb nj\u00eb s\u00ebr\u00eb masash t\u00eb pashembullta p\u00ebr ngritjen e faktorit shqiptar n\u00eb Ballkanin Per\u00ebndimor, si dhe duke qen\u00eb se Shqip\u00ebria \u00ebsht\u00eb n\u00eb pragfushat\u00eb zgjedhore, ku un\u00eb nuk synoj t\u00eb angazhohem si kandidat p\u00ebr deputet, konsideroj q\u00eb kapitulli i sh\u00ebrbimit tim n\u00eb krye t\u00eb diplomacis\u00eb shqiptare \u00ebsht\u00eb i p\u00ebrfunduar.<\/em><\/span><\/div>\n<\/div>\n<div class=\"o9v6fnle cxmmr5t8 oygrvhab hcukyx3x c1et5uql ii04i59q\">\n<div dir=\"auto\"><span style=\"color: #000000;\"><em>Dua t\u00eb shpreh mir\u00ebnjohjen dhe fal\u00ebnderimin tim ndaj Kryeministrit Rama, p\u00ebr besimin e dh\u00ebn\u00eb dhe bashk\u00ebpunimin e ngusht\u00eb n\u00eb rrethana jo t\u00eb lehta p\u00ebr Shqip\u00ebrin\u00eb. Po ashtu, u jam shum\u00eb mir\u00ebnjoh\u00ebs t\u00eb gjith\u00eb bashk\u00ebpun\u00ebtor\u00ebve dhe stafit t\u00eb MEPJ, p\u00ebr mb\u00ebshtetjen e vazhdueshme n\u00eb rrug\u00ebtimin e p\u00ebrbashk\u00ebt, p\u00ebr t\u00eb nd\u00ebrtuar nj\u00eb sistem diplomatik t\u00eb denj\u00eb p\u00ebr ambiciet e Shqip\u00ebris\u00eb evropiane dhe t\u00eb pakompromis n\u00eb mbrojtje t\u00eb interesit qytetar e komb\u00ebtar.<\/em><\/span><\/div>\n<\/div>\n<div class=\"o9v6fnle cxmmr5t8 oygrvhab hcukyx3x c1et5uql ii04i59q\">\n<div dir=\"auto\"><span style=\"color: #000000;\"><em>N\u00eb mbyllje, n\u00ebnvizoj, mes tjerash, se angazhimi i Shqip\u00ebris\u00eb p\u00ebr t\u00eb thelluar bashk\u00ebpunimin e forcuar marr\u00ebdh\u00ebnien me shqiptar\u00ebt n\u00eb rajon duhet t\u00eb vazhdoj\u00eb me \u00e7do kusht apo \u00e7mim.<\/em><\/span><\/div>\n<\/div>\n<div class=\"o9v6fnle cxmmr5t8 oygrvhab hcukyx3x c1et5uql ii04i59q\">\n<div dir=\"auto\"><span style=\"color: #000000;\"><em>Faleminderit nga thell\u00ebsia e zemr\u00ebs t\u00eb gjith\u00ebve p\u00ebr mb\u00ebshtetjen, kritikat e pun\u00ebn e p\u00ebrbashk\u00ebt! E keni p\u00ebr jet\u00eb mir\u00ebnjohjen time &#8211; sh\u00ebrbimi ndaj jush ka qen\u00eb nderi m\u00eb i madh i jet\u00ebs sime!&#8221;<\/em>&#8211; shkruan Cakaj.<\/span><\/div>\n<\/div>\n<p><span style=\"color: #000000;\">Pas dor\u00ebheqjes s\u00eb Cakajt, kryeministri Edi Rama ka zgjedhur t\u00eb em\u00ebroj\u00eb n\u00eb vend t\u00eb tij, Olta Xha\u00e7k\u00ebn e cila aktualisht \u00ebsht\u00eb Ministre e Mbrojtjes.<\/span><\/p>\n<p><span style=\"color: #000000;\"><em>&#8220;Pas nj\u00eb periudhe intensive pune n\u00eb kryesimin e OSBE si edhe pun\u00ebs s\u00eb madhe me p\u00ebrkushtim e profesionaliz\u00ebm t\u00eb Gent Cakajt si minist\u00ebr n\u00eb detyr\u00eb, ky \u00ebsht\u00eb momenti p\u00ebr t&#8217;ia kaluar bashkarisht stafet\u00ebn Olta Xha\u00e7k\u00ebs q\u00eb t\u00eb kryej\u00eb detyr\u00ebn e ministres p\u00ebr Europ\u00ebn dhe Pun\u00ebt e Jashtme.&#8221;<\/em>&#8211; shkruan Rama.<\/span><\/p>\n<\/div>\n<\/div>\n<div class=\"o9v6fnle cxmmr5t8 oygrvhab hcukyx3x c1et5uql ii04i59q\">\n<div dir=\"auto\"><span style=\"color: #000000;\">Nd\u00ebrkoh\u00eb postin e ministrit t\u00eb Mbrojtjes e ka marr\u00eb Niko Peleshi. <strong>\/ Hashtag.al<\/strong><\/span><\/div>\n<\/div>\n","protected":false,"gt_translate_keys":[{"key":"rendered","format":"html"}]},"excerpt":{"rendered":"<p>Ministri i Jasht\u00ebm n\u00eb detyr\u00eb Gent Cakaj, ka dh\u00ebn\u00eb dor\u00ebheqjen. Ai sapo e ka b\u00ebr\u00eb t\u00eb ditur lajmin p\u00ebrmes nj\u00eb mesazhi t\u00eb gjat\u00eb t\u00eb publikuar n\u00eb llogarin\u00eb e tij zyrtare n\u00eb Facebook. Cakaj thot\u00eb se ai e ka kryer detyr\u00ebn e tij dhe e konsideron t\u00eb mbyllur &#8220;kapitullin&#8221; e sh\u00ebrbimit t\u00eb tij n\u00eb krye t\u00eb [&hellip;]<\/p>\n","protected":false,"gt_translate_keys":[{"key":"rendered","format":"html"}]},"author":30,"featured_media":420538,"comment_status":"open","ping_status":"open","sticky":false,"template":"","format":"standard","meta":{"footnotes":""},"categories":[22,65,13],"tags":[],"class_list":["post-420521","post","type-post","status-publish","format-standard","has-post-thumbnail","hentry","category-ballina","category-lajme","category-te-fundit"],"gt_translate_keys":[{"key":"link","format":"url"}],"_links":{"self":[{"href":"https:\/\/www.hashtag.al\/index.php\/wp-json\/wp\/v2\/posts\/420521","targetHints":{"allow":["GET"]}}],"collection":[{"href":"https:\/\/www.hashtag.al\/index.php\/wp-json\/wp\/v2\/posts"}],"about":[{"href":"https:\/\/www.hashtag.al\/index.php\/wp-json\/wp\/v2\/types\/post"}],"author":[{"embeddable":true,"href":"https:\/\/www.hashtag.al\/index.php\/wp-json\/wp\/v2\/users\/30"}],"replies":[{"embeddable":true,"href":"https:\/\/www.hashtag.al\/index.php\/wp-json\/wp\/v2\/comments?post=420521"}],"version-history":[{"count":0,"href":"https:\/\/www.hashtag.al\/index.php\/wp-json\/wp\/v2\/posts\/420521\/revisions"}],"wp:featuredmedia":[{"embeddable":true,"href":"https:\/\/www.hashtag.al\/index.php\/wp-json\/wp\/v2\/media\/420538"}],"wp:attachment":[{"href":"https:\/\/www.hashtag.al\/index.php\/wp-json\/wp\/v2\/media?parent=420521"}],"wp:term":[{"taxonomy":"category","embeddable":true,"href":"https:\/\/www.hashtag.al\/index.php\/wp-json\/wp\/v2\/categories?post=420521"},{"taxonomy":"post_tag","embeddable":true,"href":"https:\/\/www.hashtag.al\/index.php\/wp-json\/wp\/v2\/tags?post=420521"}],"curies":[{"name":"wp","href":"https:\/\/api.w.org\/{rel}","templated":true}]}}