{"id":420424,"date":"2020-12-28T21:50:21","date_gmt":"2020-12-28T20:50:21","guid":{"rendered":"https:\/\/hashtag.al\/?p=420424"},"modified":"2020-12-28T21:50:49","modified_gmt":"2020-12-28T20:50:49","slug":"meta-nuk-me-ka-njoftuar-askush-per-nderprerjen-e-negociatave-me-greqine","status":"publish","type":"post","link":"https:\/\/www.hashtag.al\/index.php\/2020\/12\/28\/meta-nuk-me-ka-njoftuar-askush-per-nderprerjen-e-negociatave-me-greqine\/","title":{"rendered":"Meta: Nuk m\u00eb ka njoftuar askush p\u00ebr nd\u00ebrprerjen e negociatave me Greqin\u00eb","gt_translate_keys":[{"key":"rendered","format":"text"}]},"content":{"rendered":"<p><img loading=\"lazy\" decoding=\"async\" class=\"aligncenter size-full wp-image-420425\" src=\"https:\/\/hashtag.al\/wp-content\/uploads\/2020\/12\/ilirmeta-1-758x405.jpg\" alt=\"\" width=\"758\" height=\"405\" srcset=\"https:\/\/www.hashtag.al\/wp-content\/uploads\/2020\/12\/ilirmeta-1-758x405.jpg 758w, https:\/\/www.hashtag.al\/wp-content\/uploads\/2020\/12\/ilirmeta-1-758x405-300x160.jpg 300w, https:\/\/www.hashtag.al\/wp-content\/uploads\/2020\/12\/ilirmeta-1-758x405-620x330.jpg 620w\" sizes=\"auto, (max-width: 758px) 100vw, 758px\" \/><\/p>\n<p><span style=\"color: #000000;\">Presidenti Ilir Meta n\u00eb nj\u00eb intervist\u00eb p\u00ebr emisionin Qou Vadis n\u00eb Vizion Plus, foli nd\u00ebr t\u00eb tjera edhe p\u00ebr \u00e7\u00ebshtjen e detit.<\/span><\/p>\n<p><span style=\"color: #000000;\">Meta theksoi se ai nuk ka marr\u00eb njoftim zyrtar lidhur me nd\u00ebrprerjen e negociatave mes Shqip\u00ebris\u00eb dhe Greqis\u00eb.<\/span><\/p>\n<p><span style=\"color: #000000;\">Ai n\u00ebnvizoi se asnj\u00eb aktor vendas nuk duhet t\u00eb marr\u00eb p\u00ebrgjegj\u00ebsi q\u00eb dalin jasht\u00eb p\u00ebrgjegj\u00ebsive.<\/span><\/p>\n<p><span style=\"color: #000000;\">\u201c<em>Presidenti i Republik\u00ebs nuk ka asnj\u00eb njoftim zyrtar, lidhur me nd\u00ebrprerjen e negociatave midis dy vendeve p\u00ebr k\u00ebt\u00eb \u00e7\u00ebshtje. S\u00eb dyti, e theksova dhe m\u00eb par\u00eb, asnj\u00eb aktor vendas nuk duhet t\u00eb marr\u00eb p\u00ebrsip\u00ebr p\u00ebrgjegj\u00ebsi, q\u00eb dalin jasht\u00eb p\u00ebrgjegj\u00ebsive, q\u00eb ka p\u00ebrcaktuar Kushtetuta dhe vendimi i Gjykat\u00ebs Kushtetuese p\u00ebr k\u00ebt\u00eb \u00e7\u00ebshtje<\/em>\u201d-deklaroi Meta.<\/span><\/p>\n","protected":false,"gt_translate_keys":[{"key":"rendered","format":"html"}]},"excerpt":{"rendered":"<p>Presidenti Ilir Meta n\u00eb nj\u00eb intervist\u00eb p\u00ebr emisionin Qou Vadis n\u00eb Vizion Plus, foli nd\u00ebr t\u00eb tjera edhe p\u00ebr \u00e7\u00ebshtjen e detit. Meta theksoi se ai nuk ka marr\u00eb njoftim zyrtar lidhur me nd\u00ebrprerjen e negociatave mes Shqip\u00ebris\u00eb dhe Greqis\u00eb. Ai n\u00ebnvizoi se asnj\u00eb aktor vendas nuk duhet t\u00eb marr\u00eb p\u00ebrgjegj\u00ebsi q\u00eb dalin jasht\u00eb p\u00ebrgjegj\u00ebsive. [&hellip;]<\/p>\n","protected":false,"gt_translate_keys":[{"key":"rendered","format":"html"}]},"author":32,"featured_media":420425,"comment_status":"open","ping_status":"open","sticky":false,"template":"","format":"standard","meta":{"footnotes":""},"categories":[65,13],"tags":[],"class_list":["post-420424","post","type-post","status-publish","format-standard","has-post-thumbnail","hentry","category-lajme","category-te-fundit"],"gt_translate_keys":[{"key":"link","format":"url"}],"_links":{"self":[{"href":"https:\/\/www.hashtag.al\/index.php\/wp-json\/wp\/v2\/posts\/420424","targetHints":{"allow":["GET"]}}],"collection":[{"href":"https:\/\/www.hashtag.al\/index.php\/wp-json\/wp\/v2\/posts"}],"about":[{"href":"https:\/\/www.hashtag.al\/index.php\/wp-json\/wp\/v2\/types\/post"}],"author":[{"embeddable":true,"href":"https:\/\/www.hashtag.al\/index.php\/wp-json\/wp\/v2\/users\/32"}],"replies":[{"embeddable":true,"href":"https:\/\/www.hashtag.al\/index.php\/wp-json\/wp\/v2\/comments?post=420424"}],"version-history":[{"count":0,"href":"https:\/\/www.hashtag.al\/index.php\/wp-json\/wp\/v2\/posts\/420424\/revisions"}],"wp:featuredmedia":[{"embeddable":true,"href":"https:\/\/www.hashtag.al\/index.php\/wp-json\/wp\/v2\/media\/420425"}],"wp:attachment":[{"href":"https:\/\/www.hashtag.al\/index.php\/wp-json\/wp\/v2\/media?parent=420424"}],"wp:term":[{"taxonomy":"category","embeddable":true,"href":"https:\/\/www.hashtag.al\/index.php\/wp-json\/wp\/v2\/categories?post=420424"},{"taxonomy":"post_tag","embeddable":true,"href":"https:\/\/www.hashtag.al\/index.php\/wp-json\/wp\/v2\/tags?post=420424"}],"curies":[{"name":"wp","href":"https:\/\/api.w.org\/{rel}","templated":true}]}}