{"id":420339,"date":"2020-12-28T11:31:22","date_gmt":"2020-12-28T10:31:22","guid":{"rendered":"https:\/\/hashtag.al\/?p=420339"},"modified":"2020-12-28T11:31:22","modified_gmt":"2020-12-28T10:31:22","slug":"fauci-ben-parashikimin-e-radhes-ne-cnn-me-e-keqja-e-pandemise-covid-19-ska-ardhur-ende-video","status":"publish","type":"post","link":"https:\/\/www.hashtag.al\/index.php\/2020\/12\/28\/fauci-ben-parashikimin-e-radhes-ne-cnn-me-e-keqja-e-pandemise-covid-19-ska-ardhur-ende-video\/","title":{"rendered":"Fauci b\u00ebn parashikimin e radh\u00ebs n\u00eb CNN: M\u00eb e keqja e pandemis\u00eb Covid-19 s&#8217;ka ardhur ende (Video)","gt_translate_keys":[{"key":"rendered","format":"text"}]},"content":{"rendered":"<p><img loading=\"lazy\" decoding=\"async\" class=\"aligncenter size-full wp-image-420341\" src=\"https:\/\/hashtag.al\/wp-content\/uploads\/2020\/12\/fauci-3.jpg\" alt=\"\" width=\"998\" height=\"557\" srcset=\"https:\/\/www.hashtag.al\/wp-content\/uploads\/2020\/12\/fauci-3.jpg 998w, https:\/\/www.hashtag.al\/wp-content\/uploads\/2020\/12\/fauci-3-300x167.jpg 300w, https:\/\/www.hashtag.al\/wp-content\/uploads\/2020\/12\/fauci-3-768x429.jpg 768w\" sizes=\"auto, (max-width: 998px) 100vw, 998px\" \/><\/p>\n<p><span style=\"color: #000000;\">Eksperti i s\u00ebmundjeve infektive n\u00eb SHBA, Dr. Anthony Fauci, ka paralajm\u00ebruar amerikan\u00ebt se pasojat m\u00eb t\u00eb k\u00ebqija t\u00eb pandemis\u00eb s\u00eb koronavirusit nuk kan\u00eb ardhur ende. <\/span><\/p>\n<p><span style=\"color: #000000;\">Por shpallja e mjekut qeveritar nuk \u00ebsht\u00eb parashikimi i tij i par\u00eb lidhur me k\u00ebt\u00eb \u00e7\u00ebshtje.<\/span><\/p>\n<p><span style=\"color: #000000;\">Duke folur n\u00eb CNN t\u00eb diel\u00ebn, Fauci u pyet n\u00ebse ai beson se \u2018m\u00eb e keqja ende nuk ka ardhur\u2019 lidhur me pandemin\u00eb Covid-19.<\/span><\/p>\n<p><span style=\"color: #000000;\">\u2018Po\u2019 &#8211; u p\u00ebrgjigj Fauci, duke parashikuar nj\u00eb do ket\u00eb ende situat\u00eb kritike gjat\u00eb dhe pas Krishtlindjeve e festave t\u00eb fundit t\u00eb vitit.<\/span><\/p>\n<p><span style=\"color: #000000;\"><em>&#8220;Jemi v\u00ebrtet n\u00eb nj\u00eb pik\u00eb shum\u00eb kritike. Sistemi do p\u00ebrjetoj\u00eb nj\u00eb tjet\u00ebr ngarkes\u00eb p\u00ebr shkak t\u00eb periudh\u00ebs s\u00eb udh\u00ebtimeve e festave.&#8221;<\/em> &#8211; vazhdoi ai.<\/span><\/p>\n<p><span style=\"color: #000000;\">Fauci ka b\u00ebr\u00eb parashikime t\u00eb ngjashme m\u00eb par\u00eb. Nd\u00ebrsa \u00e7\u00ebshtjet e SHBA-s\u00eb num\u00ebruan n\u00eb mij\u00ebra n\u00eb mars, ai i tha Kongresit se \u2018gj\u00ebrat do t\u00eb p\u00ebrkeq\u00ebsoheshin shum\u00eb m\u00eb tep\u00ebr sesa deri n\u00eb at\u00eb koh\u00eb\u2019. <\/span><\/p>\n<p><span style=\"color: #000000;\">Tre muaj m\u00eb von\u00eb, ai e quajti pandemin\u00eb \u2018makthi i tij m\u00eb i keq\u2019 dhe paralajm\u00ebroi se \u2018ajo nuk ka mbaruar ende\u2019. N\u00eb gusht, ai p\u00ebrs\u00ebri kujtoi publikun se nuk ishte \u2018i k\u00ebnaqur me m\u00ebnyr\u00ebn se si po shkojn\u00eb gj\u00ebrat\u2019 dhe ai tha se priste nj\u00eb rritje t\u00eb madhe t\u00eb rasteve me koronavirus.<\/span><\/p>\n<div style=\"width: 1170px;\" class=\"wp-video\"><video class=\"wp-video-shortcode\" id=\"video-420339-1\" width=\"1170\" height=\"658\" preload=\"metadata\" controls=\"controls\"><source type=\"video\/mp4\" src=\"https:\/\/hashtag.al\/wp-content\/uploads\/2020\/12\/fauci2.mp4?_=1\" \/><a href=\"https:\/\/hashtag.al\/wp-content\/uploads\/2020\/12\/fauci2.mp4\">https:\/\/hashtag.al\/wp-content\/uploads\/2020\/12\/fauci2.mp4<\/a><\/video><\/div>\n","protected":false,"gt_translate_keys":[{"key":"rendered","format":"html"}]},"excerpt":{"rendered":"<p>Eksperti i s\u00ebmundjeve infektive n\u00eb SHBA, Dr. Anthony Fauci, ka paralajm\u00ebruar amerikan\u00ebt se pasojat m\u00eb t\u00eb k\u00ebqija t\u00eb pandemis\u00eb s\u00eb koronavirusit nuk kan\u00eb ardhur ende. Por shpallja e mjekut qeveritar nuk \u00ebsht\u00eb parashikimi i tij i par\u00eb lidhur me k\u00ebt\u00eb \u00e7\u00ebshtje. Duke folur n\u00eb CNN t\u00eb diel\u00ebn, Fauci u pyet n\u00ebse ai beson se \u2018m\u00eb [&hellip;]<\/p>\n","protected":false,"gt_translate_keys":[{"key":"rendered","format":"html"}]},"author":51,"featured_media":420341,"comment_status":"open","ping_status":"open","sticky":false,"template":"","format":"standard","meta":{"footnotes":""},"categories":[53],"tags":[],"class_list":["post-420339","post","type-post","status-publish","format-standard","has-post-thumbnail","hentry","category-fast-foodi"],"gt_translate_keys":[{"key":"link","format":"url"}],"_links":{"self":[{"href":"https:\/\/www.hashtag.al\/index.php\/wp-json\/wp\/v2\/posts\/420339","targetHints":{"allow":["GET"]}}],"collection":[{"href":"https:\/\/www.hashtag.al\/index.php\/wp-json\/wp\/v2\/posts"}],"about":[{"href":"https:\/\/www.hashtag.al\/index.php\/wp-json\/wp\/v2\/types\/post"}],"author":[{"embeddable":true,"href":"https:\/\/www.hashtag.al\/index.php\/wp-json\/wp\/v2\/users\/51"}],"replies":[{"embeddable":true,"href":"https:\/\/www.hashtag.al\/index.php\/wp-json\/wp\/v2\/comments?post=420339"}],"version-history":[{"count":0,"href":"https:\/\/www.hashtag.al\/index.php\/wp-json\/wp\/v2\/posts\/420339\/revisions"}],"wp:featuredmedia":[{"embeddable":true,"href":"https:\/\/www.hashtag.al\/index.php\/wp-json\/wp\/v2\/media\/420341"}],"wp:attachment":[{"href":"https:\/\/www.hashtag.al\/index.php\/wp-json\/wp\/v2\/media?parent=420339"}],"wp:term":[{"taxonomy":"category","embeddable":true,"href":"https:\/\/www.hashtag.al\/index.php\/wp-json\/wp\/v2\/categories?post=420339"},{"taxonomy":"post_tag","embeddable":true,"href":"https:\/\/www.hashtag.al\/index.php\/wp-json\/wp\/v2\/tags?post=420339"}],"curies":[{"name":"wp","href":"https:\/\/api.w.org\/{rel}","templated":true}]}}