{"id":420268,"date":"2020-12-27T18:18:41","date_gmt":"2020-12-27T17:18:41","guid":{"rendered":"https:\/\/hashtag.al\/?p=420268"},"modified":"2020-12-27T18:18:41","modified_gmt":"2020-12-27T17:18:41","slug":"kapen-350-kg-droge-ne-spanje-arrestohen-5-shqiptare-dhe-nje-spanjoll","status":"publish","type":"post","link":"https:\/\/www.hashtag.al\/index.php\/2020\/12\/27\/kapen-350-kg-droge-ne-spanje-arrestohen-5-shqiptare-dhe-nje-spanjoll\/","title":{"rendered":"Kapen 350 kg drog\u00eb n\u00eb Spanj\u00eb, arrestohen 5 shqiptar\u00eb dhe nj\u00eb spanjoll","gt_translate_keys":[{"key":"rendered","format":"text"}]},"content":{"rendered":"<p><img loading=\"lazy\" decoding=\"async\" class=\"aligncenter size-full wp-image-420269\" src=\"https:\/\/hashtag.al\/wp-content\/uploads\/2020\/12\/Droga-incautada-operacion-Malaga-Granada_1532256824_129822570_667x375.jpg\" alt=\"\" width=\"667\" height=\"375\" srcset=\"https:\/\/www.hashtag.al\/wp-content\/uploads\/2020\/12\/Droga-incautada-operacion-Malaga-Granada_1532256824_129822570_667x375.jpg 667w, https:\/\/www.hashtag.al\/wp-content\/uploads\/2020\/12\/Droga-incautada-operacion-Malaga-Granada_1532256824_129822570_667x375-300x169.jpg 300w\" sizes=\"auto, (max-width: 667px) 100vw, 667px\" \/><\/p>\n<p><span style=\"color: #000000;\">Agjent\u00ebt e Policis\u00eb Komb\u00ebtare kan\u00eb shp\u00ebrb\u00ebr\u00eb nj\u00eb organizat\u00eb kriminale, me qend\u00ebr n\u00eb provincat e Malagas dhe Granadas, e cila do t&#8217;i kushtohej grumbullimit t\u00eb sasive t\u00eb konsiderueshme t\u00eb hashashit dhe marijuan\u00ebs, t\u00eb cilat m\u00eb von\u00eb u d\u00ebrguan n\u00eb Itali me kamion\u00eb me dysheme t\u00eb dyfisht\u00eb.<\/span><\/p>\n<p><span style=\"color: #000000;\">N\u00eb saj\u00eb t\u00eb operacionit Limit, gjasht\u00eb persona, pes\u00eb me origjin\u00eb shqiptare dhe nj\u00eb spanjoll, jan\u00eb arrestuar p\u00ebr p\u00ebrfshirjen e tyre t\u00eb dyshuar n\u00eb krime p\u00ebr organizat\u00eb kriminale, trafikimin e drog\u00ebs, arm\u00ebmbajtjen pa leje, nd\u00ebr t\u00eb tjera, raportojn\u00eb mediat spanjolle.<\/span><\/p>\n<p><span style=\"color: #000000;\">Po k\u00ebshtu, jan\u00eb kryer tre k\u00ebrkime, dy n\u00eb sht\u00ebpi dhe nj\u00eb n\u00eb nj\u00eb depo industriale dhe jan\u00eb kapur 165 kilogram\u00eb marijuan\u00eb, 185 kilogram\u00eb hashash, dy pistoleta gjysm\u00eb-automatike, nj\u00eb automjet i nivelit t\u00eb lart\u00eb q\u00eb ishte regjistruar i vjedhur dhe me targa t\u00eb dubluara, nj\u00eb kamion dhe nj\u00eb rimorkio frigoriferike me fund t\u00eb dyfisht\u00eb, nj\u00eb fugon dhe tre makina pasagjer\u00ebsh.<\/span><\/p>\n<p><span style=\"color: #000000;\">Hetimi, i kryer bashk\u00ebrisht nga hetuesit nga krimi i organizuar dhe grupet e narkotik\u00ebve n\u00eb Stacionin Vendor t\u00eb Policis\u00eb Fuengirola, filloi si rezultat i disa informacioneve q\u00eb tregonin se si nj\u00eb rrjet kriminal do t\u00eb merrej me trafik droge, duke pasur baza logjistike n\u00eb qytete n\u00eb provincat e Malagas dhe Granadas.<\/span><\/p>\n<p><span style=\"color: #000000;\">Duke vazhduar me hetimet, ata gjet\u00ebn dy nd\u00ebrtesa t\u00eb p\u00ebrdorura nga parcela si &#8220;\u00e7erdhe&#8221; droge, n\u00eb qytetin Malaga t\u00eb Colmenar dhe n\u00eb Granada, dhe nj\u00eb baz\u00eb t\u00eb tret\u00eb t\u00eb operacioneve n\u00eb nj\u00eb depo industriale n\u00eb Mollina.<\/span><\/p>\n<p><span style=\"color: #000000;\">Kat\u00ebr nga t\u00eb arrestuarit u kap\u00ebn n\u00eb flagranc\u00eb n\u00eb magazin\u00ebn n\u00ebn hetim kur ata dyshohet se fut\u00ebn substanca narkotike n\u00eb pjes\u00ebn e poshtme t\u00eb \u00e7atis\u00eb s\u00eb nj\u00eb rimorkio n\u00eb frigorifer.<\/span><\/p>\n<p><span style=\"color: #000000;\">M\u00eb von\u00eb, dy persona t\u00eb tjer\u00eb u arrestuan, t\u00eb cil\u00ebt do t\u00eb ishin n\u00eb krye t\u00eb ruajtjes s\u00eb &#8220;\u00e7erdheve&#8221; n\u00eb Granada dhe Colmenar.<\/span><\/p>\n","protected":false,"gt_translate_keys":[{"key":"rendered","format":"html"}]},"excerpt":{"rendered":"<p>Agjent\u00ebt e Policis\u00eb Komb\u00ebtare kan\u00eb shp\u00ebrb\u00ebr\u00eb nj\u00eb organizat\u00eb kriminale, me qend\u00ebr n\u00eb provincat e Malagas dhe Granadas, e cila do t&#8217;i kushtohej grumbullimit t\u00eb sasive t\u00eb konsiderueshme t\u00eb hashashit dhe marijuan\u00ebs, t\u00eb cilat m\u00eb von\u00eb u d\u00ebrguan n\u00eb Itali me kamion\u00eb me dysheme t\u00eb dyfisht\u00eb. N\u00eb saj\u00eb t\u00eb operacionit Limit, gjasht\u00eb persona, pes\u00eb me origjin\u00eb [&hellip;]<\/p>\n","protected":false,"gt_translate_keys":[{"key":"rendered","format":"html"}]},"author":32,"featured_media":420269,"comment_status":"open","ping_status":"open","sticky":false,"template":"","format":"standard","meta":{"footnotes":""},"categories":[6,13],"tags":[],"class_list":["post-420268","post","type-post","status-publish","format-standard","has-post-thumbnail","hentry","category-nderkombetare","category-te-fundit"],"gt_translate_keys":[{"key":"link","format":"url"}],"_links":{"self":[{"href":"https:\/\/www.hashtag.al\/index.php\/wp-json\/wp\/v2\/posts\/420268","targetHints":{"allow":["GET"]}}],"collection":[{"href":"https:\/\/www.hashtag.al\/index.php\/wp-json\/wp\/v2\/posts"}],"about":[{"href":"https:\/\/www.hashtag.al\/index.php\/wp-json\/wp\/v2\/types\/post"}],"author":[{"embeddable":true,"href":"https:\/\/www.hashtag.al\/index.php\/wp-json\/wp\/v2\/users\/32"}],"replies":[{"embeddable":true,"href":"https:\/\/www.hashtag.al\/index.php\/wp-json\/wp\/v2\/comments?post=420268"}],"version-history":[{"count":0,"href":"https:\/\/www.hashtag.al\/index.php\/wp-json\/wp\/v2\/posts\/420268\/revisions"}],"wp:featuredmedia":[{"embeddable":true,"href":"https:\/\/www.hashtag.al\/index.php\/wp-json\/wp\/v2\/media\/420269"}],"wp:attachment":[{"href":"https:\/\/www.hashtag.al\/index.php\/wp-json\/wp\/v2\/media?parent=420268"}],"wp:term":[{"taxonomy":"category","embeddable":true,"href":"https:\/\/www.hashtag.al\/index.php\/wp-json\/wp\/v2\/categories?post=420268"},{"taxonomy":"post_tag","embeddable":true,"href":"https:\/\/www.hashtag.al\/index.php\/wp-json\/wp\/v2\/tags?post=420268"}],"curies":[{"name":"wp","href":"https:\/\/api.w.org\/{rel}","templated":true}]}}