{"id":420176,"date":"2020-12-27T08:01:27","date_gmt":"2020-12-27T07:01:27","guid":{"rendered":"https:\/\/hashtag.al\/?p=420176"},"modified":"2020-12-27T08:01:27","modified_gmt":"2020-12-27T07:01:27","slug":"psg-ja-pergatitet-per-shkembimin-paredes-eriksen-me-interin","status":"publish","type":"post","link":"https:\/\/www.hashtag.al\/index.php\/2020\/12\/27\/psg-ja-pergatitet-per-shkembimin-paredes-eriksen-me-interin\/","title":{"rendered":"PSG-ja p\u00ebrgatitet p\u00ebr shk\u00ebmbimin Paredes-Eriksen me Interin","gt_translate_keys":[{"key":"rendered","format":"text"}]},"content":{"rendered":"<p><img loading=\"lazy\" decoding=\"async\" class=\"aligncenter size-full wp-image-420177\" src=\"https:\/\/hashtag.al\/wp-content\/uploads\/2020\/12\/paredes-eriksen.jpg\" alt=\"\" width=\"780\" height=\"439\" srcset=\"https:\/\/www.hashtag.al\/wp-content\/uploads\/2020\/12\/paredes-eriksen.jpg 780w, https:\/\/www.hashtag.al\/wp-content\/uploads\/2020\/12\/paredes-eriksen-300x169.jpg 300w, https:\/\/www.hashtag.al\/wp-content\/uploads\/2020\/12\/paredes-eriksen-768x432.jpg 768w\" sizes=\"auto, (max-width: 780px) 100vw, 780px\" \/><\/p>\n<p><span style=\"color: #000000;\">Janari duket se do t\u00eb jet\u00eb nj\u00eb muaj plot thashetheme p\u00ebr Christian Eriksen<\/span><\/p>\n<p><span style=\"color: #000000;\">K\u00ebshtu shkruan sot Le10Sport, t\u00eb cil\u00ebt thon\u00eb se Paris Saint-Germain do t\u00eb ishin t\u00eb lumtur q\u00eb ta ofrojn\u00eb Leandro Paredes si pjes\u00eb e shk\u00ebmbimit me Christian Eriksen.<\/span><\/p>\n<p><span style=\"color: #000000;\">Megjithat\u00eb, menaxheri Mauricio Pochettino \u00ebsht\u00eb i hapur q\u00eb ta sjell danezin n\u00eb klub duke e larguar argjentinasin.<\/span><\/p>\n<p><span style=\"color: #000000;\">Eriksen \u00ebsht\u00eb nj\u00eb figur\u00eb e palumtur n\u00eb Inter dhe d\u00ebshiron q\u00eb t\u00eb bashkohet me ish trajnerin e Tottenham n\u00eb Ligue 1.\u00a0<\/span><\/p>\n","protected":false,"gt_translate_keys":[{"key":"rendered","format":"html"}]},"excerpt":{"rendered":"<p>Janari duket se do t\u00eb jet\u00eb nj\u00eb muaj plot thashetheme p\u00ebr Christian Eriksen K\u00ebshtu shkruan sot Le10Sport, t\u00eb cil\u00ebt thon\u00eb se Paris Saint-Germain do t\u00eb ishin t\u00eb lumtur q\u00eb ta ofrojn\u00eb Leandro Paredes si pjes\u00eb e shk\u00ebmbimit me Christian Eriksen. Megjithat\u00eb, menaxheri Mauricio Pochettino \u00ebsht\u00eb i hapur q\u00eb ta sjell danezin n\u00eb klub duke e [&hellip;]<\/p>\n","protected":false,"gt_translate_keys":[{"key":"rendered","format":"html"}]},"author":32,"featured_media":420177,"comment_status":"open","ping_status":"open","sticky":false,"template":"","format":"standard","meta":{"footnotes":""},"categories":[134,13],"tags":[],"class_list":["post-420176","post","type-post","status-publish","format-standard","has-post-thumbnail","hentry","category-sport","category-te-fundit"],"gt_translate_keys":[{"key":"link","format":"url"}],"_links":{"self":[{"href":"https:\/\/www.hashtag.al\/index.php\/wp-json\/wp\/v2\/posts\/420176","targetHints":{"allow":["GET"]}}],"collection":[{"href":"https:\/\/www.hashtag.al\/index.php\/wp-json\/wp\/v2\/posts"}],"about":[{"href":"https:\/\/www.hashtag.al\/index.php\/wp-json\/wp\/v2\/types\/post"}],"author":[{"embeddable":true,"href":"https:\/\/www.hashtag.al\/index.php\/wp-json\/wp\/v2\/users\/32"}],"replies":[{"embeddable":true,"href":"https:\/\/www.hashtag.al\/index.php\/wp-json\/wp\/v2\/comments?post=420176"}],"version-history":[{"count":0,"href":"https:\/\/www.hashtag.al\/index.php\/wp-json\/wp\/v2\/posts\/420176\/revisions"}],"wp:featuredmedia":[{"embeddable":true,"href":"https:\/\/www.hashtag.al\/index.php\/wp-json\/wp\/v2\/media\/420177"}],"wp:attachment":[{"href":"https:\/\/www.hashtag.al\/index.php\/wp-json\/wp\/v2\/media?parent=420176"}],"wp:term":[{"taxonomy":"category","embeddable":true,"href":"https:\/\/www.hashtag.al\/index.php\/wp-json\/wp\/v2\/categories?post=420176"},{"taxonomy":"post_tag","embeddable":true,"href":"https:\/\/www.hashtag.al\/index.php\/wp-json\/wp\/v2\/tags?post=420176"}],"curies":[{"name":"wp","href":"https:\/\/api.w.org\/{rel}","templated":true}]}}