{"id":419766,"date":"2020-12-24T13:35:45","date_gmt":"2020-12-24T12:35:45","guid":{"rendered":"https:\/\/hashtag.al\/?p=419766"},"modified":"2020-12-24T13:35:45","modified_gmt":"2020-12-24T12:35:45","slug":"i-behen-gabimisht-kater-doza-te-vaksines-covid-19-farmacisti-izraelit-shtrohet-ne-spital","status":"publish","type":"post","link":"https:\/\/www.hashtag.al\/index.php\/2020\/12\/24\/i-behen-gabimisht-kater-doza-te-vaksines-covid-19-farmacisti-izraelit-shtrohet-ne-spital\/","title":{"rendered":"I b\u00ebhen gabimisht kat\u00ebr doza t\u00eb vaksin\u00ebs Covid-19, farmacisti izraelit shtrohet n\u00eb spital","gt_translate_keys":[{"key":"rendered","format":"text"}]},"content":{"rendered":"<p><img loading=\"lazy\" decoding=\"async\" class=\"aligncenter size-full wp-image-419767\" src=\"https:\/\/hashtag.al\/wp-content\/uploads\/2020\/12\/vaksina-6.jpg\" alt=\"\" width=\"1004\" height=\"560\" srcset=\"https:\/\/www.hashtag.al\/wp-content\/uploads\/2020\/12\/vaksina-6.jpg 1004w, https:\/\/www.hashtag.al\/wp-content\/uploads\/2020\/12\/vaksina-6-300x167.jpg 300w, https:\/\/www.hashtag.al\/wp-content\/uploads\/2020\/12\/vaksina-6-768x428.jpg 768w\" sizes=\"auto, (max-width: 1004px) 100vw, 1004px\" \/><\/p>\n<p><span style=\"color: #000000;\">Nj\u00eb farmacist izraelit, t\u00eb cilit gabimisht iu injektuan kat\u00ebr doza t\u00eb vaksin\u00ebs Covid-19 t\u00eb Pfizer, u d\u00ebrgua n\u00eb spital n\u00eb m\u00ebnyr\u00eb q\u00eb t\u00eb mund t\u00eb monitorohej, por deri m\u00eb tani ai ka raportuar vet\u00ebm efekte an\u00ebsore t\u00eb vogla.<\/span><\/p>\n<p><span style=\"color: #000000;\">Uday Azizi i tha mediave izraelite se ndihej mir\u00eb, disa or\u00eb pasi kishte b\u00ebr\u00eb vaksin\u00ebn, e cila supozohet t\u00eb jepet n\u00eb dy doza me disa jav\u00eb larg. <\/span><\/p>\n<p><span style=\"color: #000000;\">Punonj\u00ebsi i kujdesit sh\u00ebndet\u00ebsor p\u00ebrgjegj\u00ebs p\u00ebr incidentin thuhet se nuk ishte n\u00eb dijeni q\u00eb \u00e7do shishk\u00eb e ila\u00e7it zakonisht p\u00ebrmban t\u00eb pakt\u00ebn pes\u00eb doza.<\/span><\/p>\n<p><span style=\"color: #000000;\">Farmacisti u transportua n\u00eb spital si nj\u00eb mas\u00eb paraprake sigurie pasi u zbulua gabimi.<\/span><\/p>\n<p><span style=\"color: #000000;\">Pavar\u00ebsisht marrjes s\u00eb doz\u00ebs s\u00eb madhe, Azizi tha se deri m\u00eb tani ai ka p\u00ebrjetuar vet\u00ebm dhimbje dhe skuqje lokale n\u00eb vendin e injeksionit.<\/span><\/p>\n","protected":false,"gt_translate_keys":[{"key":"rendered","format":"html"}]},"excerpt":{"rendered":"<p>Nj\u00eb farmacist izraelit, t\u00eb cilit gabimisht iu injektuan kat\u00ebr doza t\u00eb vaksin\u00ebs Covid-19 t\u00eb Pfizer, u d\u00ebrgua n\u00eb spital n\u00eb m\u00ebnyr\u00eb q\u00eb t\u00eb mund t\u00eb monitorohej, por deri m\u00eb tani ai ka raportuar vet\u00ebm efekte an\u00ebsore t\u00eb vogla. Uday Azizi i tha mediave izraelite se ndihej mir\u00eb, disa or\u00eb pasi kishte b\u00ebr\u00eb vaksin\u00ebn, e cila [&hellip;]<\/p>\n","protected":false,"gt_translate_keys":[{"key":"rendered","format":"html"}]},"author":51,"featured_media":419767,"comment_status":"open","ping_status":"open","sticky":false,"template":"","format":"standard","meta":{"footnotes":""},"categories":[53],"tags":[],"class_list":["post-419766","post","type-post","status-publish","format-standard","has-post-thumbnail","hentry","category-fast-foodi"],"gt_translate_keys":[{"key":"link","format":"url"}],"_links":{"self":[{"href":"https:\/\/www.hashtag.al\/index.php\/wp-json\/wp\/v2\/posts\/419766","targetHints":{"allow":["GET"]}}],"collection":[{"href":"https:\/\/www.hashtag.al\/index.php\/wp-json\/wp\/v2\/posts"}],"about":[{"href":"https:\/\/www.hashtag.al\/index.php\/wp-json\/wp\/v2\/types\/post"}],"author":[{"embeddable":true,"href":"https:\/\/www.hashtag.al\/index.php\/wp-json\/wp\/v2\/users\/51"}],"replies":[{"embeddable":true,"href":"https:\/\/www.hashtag.al\/index.php\/wp-json\/wp\/v2\/comments?post=419766"}],"version-history":[{"count":0,"href":"https:\/\/www.hashtag.al\/index.php\/wp-json\/wp\/v2\/posts\/419766\/revisions"}],"wp:featuredmedia":[{"embeddable":true,"href":"https:\/\/www.hashtag.al\/index.php\/wp-json\/wp\/v2\/media\/419767"}],"wp:attachment":[{"href":"https:\/\/www.hashtag.al\/index.php\/wp-json\/wp\/v2\/media?parent=419766"}],"wp:term":[{"taxonomy":"category","embeddable":true,"href":"https:\/\/www.hashtag.al\/index.php\/wp-json\/wp\/v2\/categories?post=419766"},{"taxonomy":"post_tag","embeddable":true,"href":"https:\/\/www.hashtag.al\/index.php\/wp-json\/wp\/v2\/tags?post=419766"}],"curies":[{"name":"wp","href":"https:\/\/api.w.org\/{rel}","templated":true}]}}