{"id":419700,"date":"2020-12-24T07:06:12","date_gmt":"2020-12-24T06:06:12","guid":{"rendered":"https:\/\/hashtag.al\/?p=419700"},"modified":"2020-12-24T07:06:12","modified_gmt":"2020-12-24T06:06:12","slug":"trump-vendos-veton-ndaj-projektligjit-per-mbrojtjen","status":"publish","type":"post","link":"https:\/\/www.hashtag.al\/index.php\/2020\/12\/24\/trump-vendos-veton-ndaj-projektligjit-per-mbrojtjen\/","title":{"rendered":"Trump vendos veton ndaj projektligjit p\u00ebr mbrojtjen","gt_translate_keys":[{"key":"rendered","format":"text"}]},"content":{"rendered":"<p><img loading=\"lazy\" decoding=\"async\" class=\"aligncenter size-full wp-image-419226\" src=\"https:\/\/hashtag.al\/wp-content\/uploads\/2020\/12\/trump-3.jpg\" alt=\"\" width=\"1005\" height=\"550\" srcset=\"https:\/\/www.hashtag.al\/wp-content\/uploads\/2020\/12\/trump-3.jpg 1005w, https:\/\/www.hashtag.al\/wp-content\/uploads\/2020\/12\/trump-3-300x164.jpg 300w, https:\/\/www.hashtag.al\/wp-content\/uploads\/2020\/12\/trump-3-768x420.jpg 768w\" sizes=\"auto, (max-width: 1005px) 100vw, 1005px\" \/><\/p>\n<p><span style=\"color: #000000;\">Presidenti i SHBA-ve, Donald Trump, ka vendosur veto ndaj Aktit t\u00eb Autorizimit t\u00eb Mbrojtjes Komb\u00ebtare, me \u00e7ka projekt-ligji p\u00ebrs\u00ebri do t\u00eb kthehet n\u00eb Kongres.<\/span><\/p>\n<p><span style=\"color: #000000;\">Projekt-ligji kaloi t\u00eb dy dhomat e Kongresit n\u00eb fillim t\u00eb k\u00ebtij muaji.<\/span><\/p>\n<p><span style=\"color: #000000;\">M\u00eb 11 dhjetor, nj\u00eb votim 84-13 nga Senati me 100 vende d\u00ebrgoi projekt-ligjin prej 731 miliard\u00eb dollar\u00ebsh n\u00eb tryez\u00ebn e presidentit, pasi m\u00eb her\u00ebt n\u00eb fillim t\u00eb muajit kaloi Dhom\u00ebn e P\u00ebrfaq\u00ebsuesve, me \u00e7ka siguroi nj\u00eb shumic\u00eb pa t\u00eb drejt\u00eb vetoje n\u00eb t\u00eb dy dhomat.<\/span><\/p>\n<p><span style=\"color: #000000;\">N\u00eb nj\u00eb njoftim p\u00ebr media, presidenti amerikan tha se projekt-ligji nuk p\u00ebrfshin &#8220;masa kritike t\u00eb siguris\u00eb komb\u00ebtare dhe p\u00ebrfshin dispozita q\u00eb nuk respektojn\u00eb veteran\u00ebt dhe historin\u00eb ushtarake t\u00eb vendit, si dhe \u00ebsht\u00eb n\u00eb kund\u00ebrshtim &#8220;me p\u00ebrpjekjet e administrat\u00ebs s\u00eb tij p\u00ebr ta vendosur Amerik\u00ebn t\u00eb par\u00ebn n\u00eb sigurin\u00eb komb\u00ebtare dhe politik\u00ebn e jashtme&#8221;.<\/span><\/p>\n<p><span style=\"color: #000000;\">&#8220;\u00cbsht\u00eb nj\u00eb dhurat\u00eb p\u00ebr Kin\u00ebn dhe Rusin\u00eb&#8221;, tha Trump.<\/span><\/p>\n<p><span style=\"color: #000000;\">Ai tha se projekt-ligji d\u00ebshton t\u00eb b\u00ebj\u00eb ndonj\u00eb ndryshim dometh\u00ebn\u00ebs n\u00eb Seksionin 230 t\u00eb Aktit t\u00eb Mir\u00ebsis\u00eb s\u00eb Komunikimeve, t\u00eb cilin ai e akuzoi p\u00ebr p\u00ebrhapjen e dezinformimit n\u00eb internet dhe se duhet t\u00eb shfuqizohet.<\/span><\/p>\n<p><span style=\"color: #000000;\">\u00c7\u00ebshtje t\u00eb tjera n\u00eb projekt-ligj jan\u00eb riem\u00ebrtimi i disa instalimeve ushtarake dhe sipas presidentit Trump, ligji kufizon &#8220;aft\u00ebsin\u00eb e presidentit p\u00ebr t\u00eb ruajtur sigurin\u00eb e kombit duke kufizuar n\u00eb m\u00ebnyr\u00eb arbitrare sasin\u00eb e fondeve t\u00eb nd\u00ebrtimit ushtarakisht q\u00eb mund t\u00eb p\u00ebrdoren p\u00ebr t&#8217;iu p\u00ebrgjigjur nj\u00eb emergjence komb\u00ebtare&#8221;.<\/span><\/p>\n<p><span style=\"color: #000000;\">Senatori demokrat, Mark Warner, i cili \u00ebsht\u00eb n\u00ebnkryetar i Komitetit t\u00eb Intelegjenc\u00ebs s\u00eb Senatit, e quajti veton e presidentit &#8220;t\u00eb paarsyesh\u00ebm&#8221;.<\/span><\/p>\n<p><span style=\"color: #000000;\">&#8220;Vendimi i presidentit p\u00ebr t\u00eb v\u00ebn\u00eb veton n\u00eb k\u00ebt\u00eb legjislacion dypartiak gjat\u00eb daljes nga dera p\u00ebrb\u00ebn nj\u00eb k\u00ebrc\u00ebnim serioz p\u00ebr sigurin\u00eb komb\u00ebtare t\u00eb SHBA-ve&#8221;, tha Warner n\u00eb nj\u00eb njoftim.<\/span><\/p>\n","protected":false,"gt_translate_keys":[{"key":"rendered","format":"html"}]},"excerpt":{"rendered":"<p>Presidenti i SHBA-ve, Donald Trump, ka vendosur veto ndaj Aktit t\u00eb Autorizimit t\u00eb Mbrojtjes Komb\u00ebtare, me \u00e7ka projekt-ligji p\u00ebrs\u00ebri do t\u00eb kthehet n\u00eb Kongres. Projekt-ligji kaloi t\u00eb dy dhomat e Kongresit n\u00eb fillim t\u00eb k\u00ebtij muaji. M\u00eb 11 dhjetor, nj\u00eb votim 84-13 nga Senati me 100 vende d\u00ebrgoi projekt-ligjin prej 731 miliard\u00eb dollar\u00ebsh n\u00eb tryez\u00ebn [&hellip;]<\/p>\n","protected":false,"gt_translate_keys":[{"key":"rendered","format":"html"}]},"author":32,"featured_media":419226,"comment_status":"open","ping_status":"open","sticky":false,"template":"","format":"standard","meta":{"footnotes":""},"categories":[6,13],"tags":[],"class_list":["post-419700","post","type-post","status-publish","format-standard","has-post-thumbnail","hentry","category-nderkombetare","category-te-fundit"],"gt_translate_keys":[{"key":"link","format":"url"}],"_links":{"self":[{"href":"https:\/\/www.hashtag.al\/index.php\/wp-json\/wp\/v2\/posts\/419700","targetHints":{"allow":["GET"]}}],"collection":[{"href":"https:\/\/www.hashtag.al\/index.php\/wp-json\/wp\/v2\/posts"}],"about":[{"href":"https:\/\/www.hashtag.al\/index.php\/wp-json\/wp\/v2\/types\/post"}],"author":[{"embeddable":true,"href":"https:\/\/www.hashtag.al\/index.php\/wp-json\/wp\/v2\/users\/32"}],"replies":[{"embeddable":true,"href":"https:\/\/www.hashtag.al\/index.php\/wp-json\/wp\/v2\/comments?post=419700"}],"version-history":[{"count":0,"href":"https:\/\/www.hashtag.al\/index.php\/wp-json\/wp\/v2\/posts\/419700\/revisions"}],"wp:featuredmedia":[{"embeddable":true,"href":"https:\/\/www.hashtag.al\/index.php\/wp-json\/wp\/v2\/media\/419226"}],"wp:attachment":[{"href":"https:\/\/www.hashtag.al\/index.php\/wp-json\/wp\/v2\/media?parent=419700"}],"wp:term":[{"taxonomy":"category","embeddable":true,"href":"https:\/\/www.hashtag.al\/index.php\/wp-json\/wp\/v2\/categories?post=419700"},{"taxonomy":"post_tag","embeddable":true,"href":"https:\/\/www.hashtag.al\/index.php\/wp-json\/wp\/v2\/tags?post=419700"}],"curies":[{"name":"wp","href":"https:\/\/api.w.org\/{rel}","templated":true}]}}