{"id":419697,"date":"2020-12-24T06:57:14","date_gmt":"2020-12-24T05:57:14","guid":{"rendered":"https:\/\/hashtag.al\/?p=419697"},"modified":"2020-12-24T06:57:14","modified_gmt":"2020-12-24T05:57:14","slug":"anxhela-peristeri-fiton-festivalin-e-59-te-ne-rtsh-do-perfaqesoje-shqiperine-ne-eurovizion","status":"publish","type":"post","link":"https:\/\/www.hashtag.al\/index.php\/2020\/12\/24\/anxhela-peristeri-fiton-festivalin-e-59-te-ne-rtsh-do-perfaqesoje-shqiperine-ne-eurovizion\/","title":{"rendered":"Anxhela Peristeri fiton festivalin e 59-t\u00eb n\u00eb RTSH, do p\u00ebrfaq\u00ebsoj\u00eb Shqip\u00ebrin\u00eb n\u00eb Eurovizion","gt_translate_keys":[{"key":"rendered","format":"text"}]},"content":{"rendered":"<p><img loading=\"lazy\" decoding=\"async\" class=\"aligncenter size-full wp-image-419698\" src=\"https:\/\/hashtag.al\/wp-content\/uploads\/2020\/12\/peristeri.jpg\" alt=\"\" width=\"768\" height=\"480\" srcset=\"https:\/\/www.hashtag.al\/wp-content\/uploads\/2020\/12\/peristeri.jpg 768w, https:\/\/www.hashtag.al\/wp-content\/uploads\/2020\/12\/peristeri-300x188.jpg 300w\" sizes=\"auto, (max-width: 768px) 100vw, 768px\" \/><\/p>\n<p><span style=\"color: #000000;\">Mbr\u00ebmjen e djeshme ka p\u00ebrfunduar festivali i 59-t i Radio Televizionit Shqiptar, duke p\u00ebrzgjedhur edhe fituesin..<\/span><\/p>\n<p><span style=\"color: #000000;\">Anxhela Peristeri u rendit e para dhe do t\u00eb p\u00ebrfaq\u00ebsoj\u00eb Shqip\u00ebrin\u00eb n\u00eb Eurvizion fillimin e vitit t\u00eb ardhsh\u00ebm.<\/span><\/p>\n<p><span style=\"color: #000000;\">N\u00eb vend t\u00eb dyt\u00eb u rendit Sardi Struga, nd\u00ebrsa n\u00eb vend t\u00eb tret\u00eb \u00ebsht\u00eb renditur Festina Mezini.<\/span><\/p>\n<p><span style=\"color: #000000;\">K\u00ebnga e fitueses, ishte me titullin \u201cKarma\u201d.<\/span><\/p>\n","protected":false,"gt_translate_keys":[{"key":"rendered","format":"html"}]},"excerpt":{"rendered":"<p>Mbr\u00ebmjen e djeshme ka p\u00ebrfunduar festivali i 59-t i Radio Televizionit Shqiptar, duke p\u00ebrzgjedhur edhe fituesin.. Anxhela Peristeri u rendit e para dhe do t\u00eb p\u00ebrfaq\u00ebsoj\u00eb Shqip\u00ebrin\u00eb n\u00eb Eurvizion fillimin e vitit t\u00eb ardhsh\u00ebm. N\u00eb vend t\u00eb dyt\u00eb u rendit Sardi Struga, nd\u00ebrsa n\u00eb vend t\u00eb tret\u00eb \u00ebsht\u00eb renditur Festina Mezini. K\u00ebnga e fitueses, ishte [&hellip;]<\/p>\n","protected":false,"gt_translate_keys":[{"key":"rendered","format":"html"}]},"author":32,"featured_media":419698,"comment_status":"open","ping_status":"open","sticky":false,"template":"","format":"standard","meta":{"footnotes":""},"categories":[53,13],"tags":[],"class_list":["post-419697","post","type-post","status-publish","format-standard","has-post-thumbnail","hentry","category-fast-foodi","category-te-fundit"],"gt_translate_keys":[{"key":"link","format":"url"}],"_links":{"self":[{"href":"https:\/\/www.hashtag.al\/index.php\/wp-json\/wp\/v2\/posts\/419697","targetHints":{"allow":["GET"]}}],"collection":[{"href":"https:\/\/www.hashtag.al\/index.php\/wp-json\/wp\/v2\/posts"}],"about":[{"href":"https:\/\/www.hashtag.al\/index.php\/wp-json\/wp\/v2\/types\/post"}],"author":[{"embeddable":true,"href":"https:\/\/www.hashtag.al\/index.php\/wp-json\/wp\/v2\/users\/32"}],"replies":[{"embeddable":true,"href":"https:\/\/www.hashtag.al\/index.php\/wp-json\/wp\/v2\/comments?post=419697"}],"version-history":[{"count":0,"href":"https:\/\/www.hashtag.al\/index.php\/wp-json\/wp\/v2\/posts\/419697\/revisions"}],"wp:featuredmedia":[{"embeddable":true,"href":"https:\/\/www.hashtag.al\/index.php\/wp-json\/wp\/v2\/media\/419698"}],"wp:attachment":[{"href":"https:\/\/www.hashtag.al\/index.php\/wp-json\/wp\/v2\/media?parent=419697"}],"wp:term":[{"taxonomy":"category","embeddable":true,"href":"https:\/\/www.hashtag.al\/index.php\/wp-json\/wp\/v2\/categories?post=419697"},{"taxonomy":"post_tag","embeddable":true,"href":"https:\/\/www.hashtag.al\/index.php\/wp-json\/wp\/v2\/tags?post=419697"}],"curies":[{"name":"wp","href":"https:\/\/api.w.org\/{rel}","templated":true}]}}