{"id":419671,"date":"2020-12-23T21:06:50","date_gmt":"2020-12-23T20:06:50","guid":{"rendered":"https:\/\/hashtag.al\/?p=419671"},"modified":"2020-12-23T21:06:50","modified_gmt":"2020-12-23T20:06:50","slug":"kryemadhi-pozitive-ngritja-e-gjykates-kushtetuese","status":"publish","type":"post","link":"https:\/\/www.hashtag.al\/index.php\/2020\/12\/23\/kryemadhi-pozitive-ngritja-e-gjykates-kushtetuese\/","title":{"rendered":"Kryemadhi: Pozitive ngritja e Gjykat\u00ebs Kushtetuese","gt_translate_keys":[{"key":"rendered","format":"text"}]},"content":{"rendered":"<p><img loading=\"lazy\" decoding=\"async\" class=\"aligncenter size-full wp-image-417980\" src=\"https:\/\/hashtag.al\/wp-content\/uploads\/2020\/12\/kryemadhi-log.png\" alt=\"\" width=\"1320\" height=\"720\" srcset=\"https:\/\/www.hashtag.al\/wp-content\/uploads\/2020\/12\/kryemadhi-log.png 1320w, https:\/\/www.hashtag.al\/wp-content\/uploads\/2020\/12\/kryemadhi-log-300x164.png 300w, https:\/\/www.hashtag.al\/wp-content\/uploads\/2020\/12\/kryemadhi-log-768x419.png 768w, https:\/\/www.hashtag.al\/wp-content\/uploads\/2020\/12\/kryemadhi-log-1024x559.png 1024w\" sizes=\"auto, (max-width: 1320px) 100vw, 1320px\" \/><\/p>\n<p><span style=\"color: #000000;\">Kryetarja e L\u00ebvizjes Socialiste p\u00ebr Integrim, Monika Kryemadhi ka reaguar p\u00ebr plot\u00ebsimin e shumic\u00ebs s\u00eb thjesht\u00eb t\u00eb an\u00ebtar\u00ebve n\u00eb Gjykat\u00ebn Kushtetuese.<\/span><\/p>\n<p><span style=\"color: #000000;\">Kryemadhi e cil\u00ebson nj\u00eb hap pozitiv k\u00ebt\u00eb vendim p\u00ebr ngritjen e institucioneve t\u00eb pavarura.<\/span><\/p>\n<p><span style=\"color: #000000;\">Kryemadhi thot\u00eb se LSI-ja mbetet iniciator\u00eb e proceseve p\u00ebr ngritjen e institucioneve t\u00eb pavarura.<\/span><\/p>\n<p><span style=\"color: #000000;\">Por kryetarja e LSI-s\u00eb shprehet e pak\u00ebnaqur q\u00eb fundviti 2020 e gjen vendin pa shtet t\u00eb s\u00eb drejt\u00ebs.<\/span><\/p>\n<p><span style=\"color: #000000;\"><strong>Postimi i plot\u00eb:<\/strong><\/span><\/p>\n<p><span style=\"color: #000000;\">\u00c7do hap pozitiv q\u00eb hidhet drejt ngritjes s\u00eb institucioneve themelore t\u00eb Republik\u00ebs s\u00eb Shqip\u00ebris\u00eb, si\u00e7 \u00ebsht\u00eb plot\u00ebsimi i vendeve vakante n\u00eb Gjykat\u00ebn Kushtetuese, \u00ebsht\u00eb p\u00ebr tu vler\u00ebsuar. K\u00ebto jan\u00eb procese shum\u00eb t\u00eb vonuara, p\u00ebrtej afateve q\u00eb duheshin realizuar, q\u00eb n\u00ebse mazhoranca do t\u00eb kishte marr\u00eb parasysh propozimet e Opozit\u00ebs s\u00eb Bashkuar, vendi do t\u00eb kishte prej koh\u00ebsh Gjykat\u00eb Kushtetuese t\u00ebr\u00ebsisht funksionale si dhe Gjykat\u00eb t\u00eb Lart\u00eb.<\/span><\/p>\n<p><span style=\"color: #000000;\">LSI ka qen\u00eb dhe mbetet promotore e proceseve q\u00eb ngren\u00eb institucione t\u00eb pavarura dhe me integritet, n\u00eb alternativ\u00eb t\u00eb shkat\u00ebrrimit institucional ku Rilindja ka ngritur pushtetin. Ne i cil\u00ebsojm\u00eb k\u00ebto institucione jetike p\u00ebr garantimin e t\u00eb drejtave dhe lirive themelore t\u00eb qytetar\u00ebve tan\u00eb.<\/span><\/p>\n<p><span style=\"color: #000000;\">Ne jemi thell\u00ebsisht t\u00eb shqet\u00ebsuar q\u00eb dhjetori 2020 e gjen Shqip\u00ebrin\u00eb q\u00eb aspiron BE-n\u00eb, pa shtet t\u00eb s\u00eb drejt\u00ebs t\u00ebr\u00ebsisht funksional, pa kontroll dhe balanc\u00eb t\u00eb pushteteve.<\/span><\/p>\n<p><span style=\"color: #000000;\">25 Prill 2021 \u00ebsht\u00eb dita kur Shqip\u00ebria ndahet nga nj\u00eb periudh\u00eb e err\u00ebt, kur institucionet e shtetit u vendos\u00ebn t\u00ebr\u00ebsisht n\u00eb funksion t\u00eb pushtetit t\u00eb nj\u00eb individi t\u00eb vet\u00ebm, p\u00ebr t\u00eb hapur nj\u00eb kapitull t\u00eb ri.<\/span><\/p>\n<p><span style=\"color: #000000;\">Pas 25 Prillit, n\u00eb pushtet rikthehen qytetar\u00ebt!<\/span><\/p>\n<p>&nbsp;<\/p>\n","protected":false,"gt_translate_keys":[{"key":"rendered","format":"html"}]},"excerpt":{"rendered":"<p>Kryetarja e L\u00ebvizjes Socialiste p\u00ebr Integrim, Monika Kryemadhi ka reaguar p\u00ebr plot\u00ebsimin e shumic\u00ebs s\u00eb thjesht\u00eb t\u00eb an\u00ebtar\u00ebve n\u00eb Gjykat\u00ebn Kushtetuese. Kryemadhi e cil\u00ebson nj\u00eb hap pozitiv k\u00ebt\u00eb vendim p\u00ebr ngritjen e institucioneve t\u00eb pavarura. Kryemadhi thot\u00eb se LSI-ja mbetet iniciator\u00eb e proceseve p\u00ebr ngritjen e institucioneve t\u00eb pavarura. Por kryetarja e LSI-s\u00eb shprehet e [&hellip;]<\/p>\n","protected":false,"gt_translate_keys":[{"key":"rendered","format":"html"}]},"author":32,"featured_media":413537,"comment_status":"open","ping_status":"open","sticky":false,"template":"","format":"standard","meta":{"footnotes":""},"categories":[65,13],"tags":[],"class_list":["post-419671","post","type-post","status-publish","format-standard","has-post-thumbnail","hentry","category-lajme","category-te-fundit"],"gt_translate_keys":[{"key":"link","format":"url"}],"_links":{"self":[{"href":"https:\/\/www.hashtag.al\/index.php\/wp-json\/wp\/v2\/posts\/419671","targetHints":{"allow":["GET"]}}],"collection":[{"href":"https:\/\/www.hashtag.al\/index.php\/wp-json\/wp\/v2\/posts"}],"about":[{"href":"https:\/\/www.hashtag.al\/index.php\/wp-json\/wp\/v2\/types\/post"}],"author":[{"embeddable":true,"href":"https:\/\/www.hashtag.al\/index.php\/wp-json\/wp\/v2\/users\/32"}],"replies":[{"embeddable":true,"href":"https:\/\/www.hashtag.al\/index.php\/wp-json\/wp\/v2\/comments?post=419671"}],"version-history":[{"count":0,"href":"https:\/\/www.hashtag.al\/index.php\/wp-json\/wp\/v2\/posts\/419671\/revisions"}],"wp:featuredmedia":[{"embeddable":true,"href":"https:\/\/www.hashtag.al\/index.php\/wp-json\/wp\/v2\/media\/413537"}],"wp:attachment":[{"href":"https:\/\/www.hashtag.al\/index.php\/wp-json\/wp\/v2\/media?parent=419671"}],"wp:term":[{"taxonomy":"category","embeddable":true,"href":"https:\/\/www.hashtag.al\/index.php\/wp-json\/wp\/v2\/categories?post=419671"},{"taxonomy":"post_tag","embeddable":true,"href":"https:\/\/www.hashtag.al\/index.php\/wp-json\/wp\/v2\/tags?post=419671"}],"curies":[{"name":"wp","href":"https:\/\/api.w.org\/{rel}","templated":true}]}}