{"id":419556,"date":"2020-12-23T10:00:56","date_gmt":"2020-12-23T09:00:56","guid":{"rendered":"https:\/\/hashtag.al\/?p=419556"},"modified":"2020-12-23T10:00:56","modified_gmt":"2020-12-23T09:00:56","slug":"gjykata-e-shkodres-perfundon-gjykimin-per-grupin-bajri-i-ul-denimin-me-1-3-e-kohes","status":"publish","type":"post","link":"https:\/\/www.hashtag.al\/index.php\/2020\/12\/23\/gjykata-e-shkodres-perfundon-gjykimin-per-grupin-bajri-i-ul-denimin-me-1-3-e-kohes\/","title":{"rendered":"Gjykata e Shkodr\u00ebs p\u00ebrfundon gjykimin p\u00ebr grupin Bajri, i ul d\u00ebnimin me 1\/3 e koh\u00ebs","gt_translate_keys":[{"key":"rendered","format":"text"}]},"content":{"rendered":"<p><img loading=\"lazy\" decoding=\"async\" class=\"aligncenter size-full wp-image-322803\" src=\"https:\/\/hashtag.al\/wp-content\/uploads\/2019\/09\/Ilir-Bajri-behar-bajri-enver-bajri.jpg\" alt=\"\" width=\"1032\" height=\"634\" srcset=\"https:\/\/www.hashtag.al\/wp-content\/uploads\/2019\/09\/Ilir-Bajri-behar-bajri-enver-bajri.jpg 1032w, https:\/\/www.hashtag.al\/wp-content\/uploads\/2019\/09\/Ilir-Bajri-behar-bajri-enver-bajri-300x184.jpg 300w, https:\/\/www.hashtag.al\/wp-content\/uploads\/2019\/09\/Ilir-Bajri-behar-bajri-enver-bajri-768x472.jpg 768w, https:\/\/www.hashtag.al\/wp-content\/uploads\/2019\/09\/Ilir-Bajri-behar-bajri-enver-bajri-1024x629.jpg 1024w\" sizes=\"auto, (max-width: 1032px) 100vw, 1032px\" \/><\/p>\n<p><span style=\"color: #000000;\">Gjykata e Shkodr\u00ebs ka pranuar pjes\u00ebrisht konkluzionet e mbrojt\u00ebsve Av. Arber Hoxha dhe Av. Sokol Tahiraj, n\u00eb aplikim t\u00eb gjykimit t\u00eb shkurtuar dhe duke ulur 1\/3 e d\u00ebnimit \u00a0p\u00ebr t\u00eb pandehurit e grupit \u201cBajri\u201d.<\/span><\/p>\n<p><span style=\"color: #000000;\">K\u00ebshtu Gjykata ka vendosur:<\/span><\/p>\n<p><span style=\"color: #000000;\">Safet Bajri deklarimin fajtor dhe d\u00ebnimin e tij p\u00ebrfundimisht me 2 vite e 6 muaj burgim.<\/span><\/p>\n<p><span style=\"color: #000000;\">Ilir Bajri, deklarimin fajtor, p\u00ebr kryerjen e vepr\u00ebs penale te Arm\u00ebmbajtjes pa leje dhe duke e d\u00ebnuar p\u00ebrfundimisht me 1 vit e 8 muaj burgim.<\/span><\/p>\n<p><span style=\"color: #000000;\">Astmer Bilali deklarimin fajtor dhe d\u00ebnimin me 3 vite burgim.<\/span><\/p>\n<p><span style=\"color: #000000;\">Ismet Idrizi,deklarimin fajtor, p\u00ebr kryerjen e vepr\u00ebs penale t\u00eb Arm\u00ebmbajtjes pa leje dhe duke e d\u00ebnuar p\u00ebrfundimisht me 2 vite e 6 muaj burgim.<\/span><\/p>\n<p><span style=\"color: #000000;\">Emrah Plaku, deklarimin fajtor, p\u00ebr kryerjen e vepr\u00ebs penale t\u00eb Arm\u00ebmbajtjes pa leje dhe duke e d\u00ebnuar p\u00ebrfundimisht me 2 vite burgim.<\/span><\/p>\n<p><span style=\"color: #000000;\">N\u00eb p\u00ebrfundim t\u00eb gjykimit t\u00eb gjith\u00eb t\u00eb pandehurve u jan\u00eb shuajtur masat e sigurimit p\u00ebrkat\u00ebse, p\u00ebr shkak se koha e paraburgimit e vuajtur \u00ebsht\u00eb e barabart\u00eb me koh\u00ebn e d\u00ebnimit.<\/span><\/p>\n<p>&nbsp;<\/p>\n","protected":false,"gt_translate_keys":[{"key":"rendered","format":"html"}]},"excerpt":{"rendered":"<p>Gjykata e Shkodr\u00ebs ka pranuar pjes\u00ebrisht konkluzionet e mbrojt\u00ebsve Av. Arber Hoxha dhe Av. Sokol Tahiraj, n\u00eb aplikim t\u00eb gjykimit t\u00eb shkurtuar dhe duke ulur 1\/3 e d\u00ebnimit \u00a0p\u00ebr t\u00eb pandehurit e grupit \u201cBajri\u201d. K\u00ebshtu Gjykata ka vendosur: Safet Bajri deklarimin fajtor dhe d\u00ebnimin e tij p\u00ebrfundimisht me 2 vite e 6 muaj burgim. Ilir [&hellip;]<\/p>\n","protected":false,"gt_translate_keys":[{"key":"rendered","format":"html"}]},"author":32,"featured_media":322803,"comment_status":"open","ping_status":"open","sticky":false,"template":"","format":"standard","meta":{"footnotes":""},"categories":[65,13],"tags":[],"class_list":["post-419556","post","type-post","status-publish","format-standard","has-post-thumbnail","hentry","category-lajme","category-te-fundit"],"gt_translate_keys":[{"key":"link","format":"url"}],"_links":{"self":[{"href":"https:\/\/www.hashtag.al\/index.php\/wp-json\/wp\/v2\/posts\/419556","targetHints":{"allow":["GET"]}}],"collection":[{"href":"https:\/\/www.hashtag.al\/index.php\/wp-json\/wp\/v2\/posts"}],"about":[{"href":"https:\/\/www.hashtag.al\/index.php\/wp-json\/wp\/v2\/types\/post"}],"author":[{"embeddable":true,"href":"https:\/\/www.hashtag.al\/index.php\/wp-json\/wp\/v2\/users\/32"}],"replies":[{"embeddable":true,"href":"https:\/\/www.hashtag.al\/index.php\/wp-json\/wp\/v2\/comments?post=419556"}],"version-history":[{"count":0,"href":"https:\/\/www.hashtag.al\/index.php\/wp-json\/wp\/v2\/posts\/419556\/revisions"}],"wp:featuredmedia":[{"embeddable":true,"href":"https:\/\/www.hashtag.al\/index.php\/wp-json\/wp\/v2\/media\/322803"}],"wp:attachment":[{"href":"https:\/\/www.hashtag.al\/index.php\/wp-json\/wp\/v2\/media?parent=419556"}],"wp:term":[{"taxonomy":"category","embeddable":true,"href":"https:\/\/www.hashtag.al\/index.php\/wp-json\/wp\/v2\/categories?post=419556"},{"taxonomy":"post_tag","embeddable":true,"href":"https:\/\/www.hashtag.al\/index.php\/wp-json\/wp\/v2\/tags?post=419556"}],"curies":[{"name":"wp","href":"https:\/\/api.w.org\/{rel}","templated":true}]}}