{"id":419553,"date":"2020-12-23T09:41:32","date_gmt":"2020-12-23T08:41:32","guid":{"rendered":"https:\/\/hashtag.al\/?p=419553"},"modified":"2020-12-23T09:41:32","modified_gmt":"2020-12-23T08:41:32","slug":"vriten-tre-police-ne-france-autori-i-dyshuar-gjendet-i-vdekur","status":"publish","type":"post","link":"https:\/\/www.hashtag.al\/index.php\/2020\/12\/23\/vriten-tre-police-ne-france-autori-i-dyshuar-gjendet-i-vdekur\/","title":{"rendered":"Vriten tre polic\u00eb n\u00eb Franc\u00eb, autori i dyshuar gjendet i vdekur","gt_translate_keys":[{"key":"rendered","format":"text"}]},"content":{"rendered":"<p><span style=\"color: #000000;\"><img loading=\"lazy\" decoding=\"async\" class=\"aligncenter size-full wp-image-419554\" src=\"https:\/\/hashtag.al\/wp-content\/uploads\/2020\/12\/Policia-3-600x360.jpg\" alt=\"\" width=\"600\" height=\"360\" srcset=\"https:\/\/www.hashtag.al\/wp-content\/uploads\/2020\/12\/Policia-3-600x360.jpg 600w, https:\/\/www.hashtag.al\/wp-content\/uploads\/2020\/12\/Policia-3-600x360-300x180.jpg 300w\" sizes=\"auto, (max-width: 600px) 100vw, 600px\" \/><\/span><\/p>\n<p><span style=\"color: #000000;\">Tre polic\u00eb francez\u00eb u q\u00eblluan p\u00ebr vdekje nga nj\u00eb burr\u00eb pasi ata kishin shkuar n\u00eb nj\u00eb sht\u00ebpi n\u00eb nj\u00eb fshat t\u00eb skajsh\u00ebm pas thirrjes p\u00ebr dhun\u00eb kund\u00ebr nj\u00eb gruaje, shkruan Reuters.<\/span><\/p>\n<p><span style=\"color: #000000;\">Kryetari i nj\u00eb qyteze q\u00eb ndodhet af\u00ebr fshatit ku ndodhi sulmi tha se nj\u00eb grua q\u00eb ndodhej brenda sht\u00ebpis\u00eb \u00ebsht\u00eb n\u00eb gjendje t\u00eb mir\u00eb dhe e sigurt.<\/span><\/p>\n<p><span style=\"color: #000000;\">Ai gjithashtu shtoi se n\u00eb vendin e ngjarjes jan\u00eb par\u00eb pjes\u00ebtar\u00eb t\u00eb forcave speciale t\u00eb policis\u00eb.<\/span><\/p>\n<p><span style=\"color: #000000;\">Sipas raportimeve t\u00eb medieve franceze, i dyshuari ishte person i mosh\u00ebs 48-vje\u00e7are.<\/span><\/p>\n<p><span style=\"color: #000000;\">Personi i dyshuar p\u00ebr vrasjen e tre polic\u00ebve n\u00eb pjes\u00ebn qendrore t\u00eb Franc\u00ebs \u00ebsht\u00eb gjendur i vdekur.<\/span><\/p>\n<p><span style=\"color: #000000;\">Lajmin e b\u00ebri t\u00eb ditur ministri i Pun\u00ebve t\u00eb Brendshme i k\u00ebtij shteti, Gerald Darmanin, p\u00ebrmes nj\u00eb postimi n\u00eb Twitter.<\/span><\/p>\n<p>&nbsp;<\/p>\n","protected":false,"gt_translate_keys":[{"key":"rendered","format":"html"}]},"excerpt":{"rendered":"<p>Tre polic\u00eb francez\u00eb u q\u00eblluan p\u00ebr vdekje nga nj\u00eb burr\u00eb pasi ata kishin shkuar n\u00eb nj\u00eb sht\u00ebpi n\u00eb nj\u00eb fshat t\u00eb skajsh\u00ebm pas thirrjes p\u00ebr dhun\u00eb kund\u00ebr nj\u00eb gruaje, shkruan Reuters. Kryetari i nj\u00eb qyteze q\u00eb ndodhet af\u00ebr fshatit ku ndodhi sulmi tha se nj\u00eb grua q\u00eb ndodhej brenda sht\u00ebpis\u00eb \u00ebsht\u00eb n\u00eb gjendje t\u00eb mir\u00eb [&hellip;]<\/p>\n","protected":false,"gt_translate_keys":[{"key":"rendered","format":"html"}]},"author":32,"featured_media":419554,"comment_status":"open","ping_status":"open","sticky":false,"template":"","format":"standard","meta":{"footnotes":""},"categories":[6,13],"tags":[],"class_list":["post-419553","post","type-post","status-publish","format-standard","has-post-thumbnail","hentry","category-nderkombetare","category-te-fundit"],"gt_translate_keys":[{"key":"link","format":"url"}],"_links":{"self":[{"href":"https:\/\/www.hashtag.al\/index.php\/wp-json\/wp\/v2\/posts\/419553","targetHints":{"allow":["GET"]}}],"collection":[{"href":"https:\/\/www.hashtag.al\/index.php\/wp-json\/wp\/v2\/posts"}],"about":[{"href":"https:\/\/www.hashtag.al\/index.php\/wp-json\/wp\/v2\/types\/post"}],"author":[{"embeddable":true,"href":"https:\/\/www.hashtag.al\/index.php\/wp-json\/wp\/v2\/users\/32"}],"replies":[{"embeddable":true,"href":"https:\/\/www.hashtag.al\/index.php\/wp-json\/wp\/v2\/comments?post=419553"}],"version-history":[{"count":0,"href":"https:\/\/www.hashtag.al\/index.php\/wp-json\/wp\/v2\/posts\/419553\/revisions"}],"wp:featuredmedia":[{"embeddable":true,"href":"https:\/\/www.hashtag.al\/index.php\/wp-json\/wp\/v2\/media\/419554"}],"wp:attachment":[{"href":"https:\/\/www.hashtag.al\/index.php\/wp-json\/wp\/v2\/media?parent=419553"}],"wp:term":[{"taxonomy":"category","embeddable":true,"href":"https:\/\/www.hashtag.al\/index.php\/wp-json\/wp\/v2\/categories?post=419553"},{"taxonomy":"post_tag","embeddable":true,"href":"https:\/\/www.hashtag.al\/index.php\/wp-json\/wp\/v2\/tags?post=419553"}],"curies":[{"name":"wp","href":"https:\/\/api.w.org\/{rel}","templated":true}]}}