{"id":419237,"date":"2020-12-21T12:05:43","date_gmt":"2020-12-21T11:05:43","guid":{"rendered":"https:\/\/hashtag.al\/?p=419237"},"modified":"2020-12-21T12:05:43","modified_gmt":"2020-12-21T11:05:43","slug":"perplasja-me-arme-ne-ish-bllok-prokuroria-mbyll-hetimet-cfare-kerkoi-per-ish-komandon-e-pese-te-tjeret","status":"publish","type":"post","link":"https:\/\/www.hashtag.al\/index.php\/2020\/12\/21\/perplasja-me-arme-ne-ish-bllok-prokuroria-mbyll-hetimet-cfare-kerkoi-per-ish-komandon-e-pese-te-tjeret\/","title":{"rendered":"P\u00ebrplasja me arm\u00eb n\u00eb ish-Bllok, prokuroria mbyll hetimet (\u00c7far\u00eb k\u00ebrkoi p\u00ebr ish-komandon e pes\u00eb t\u00eb tjer\u00ebt)","gt_translate_keys":[{"key":"rendered","format":"text"}]},"content":{"rendered":"<p><img loading=\"lazy\" decoding=\"async\" class=\"aligncenter size-full wp-image-419238\" src=\"https:\/\/hashtag.al\/wp-content\/uploads\/2020\/12\/meviolbillo.jpg\" alt=\"\" width=\"770\" height=\"433\" srcset=\"https:\/\/www.hashtag.al\/wp-content\/uploads\/2020\/12\/meviolbillo.jpg 770w, https:\/\/www.hashtag.al\/wp-content\/uploads\/2020\/12\/meviolbillo-300x169.jpg 300w, https:\/\/www.hashtag.al\/wp-content\/uploads\/2020\/12\/meviolbillo-768x432.jpg 768w\" sizes=\"auto, (max-width: 770px) 100vw, 770px\" \/><\/p>\n<p><span style=\"color: #000000;\">Ish-komandoja Meviol Billo \u00ebsht\u00eb akuzuar nga prokuroria p\u00ebr plagosje e r\u00ebnd\u00eb n\u00eb kap\u00ebrcim t\u00eb kushteve t\u00eb mbrojtjes s\u00eb nevojshme lidhur me ngjarjen e ndodhur n\u00eb ish-Bllok m\u00eb 4 tetor 2018.<\/span><\/p>\n<p><span style=\"color: #000000;\"> B\u00ebhet fjal\u00eb p\u00ebr plagosjen e Eljon Hatos nd\u00ebrsa p\u00ebr vrasjen e Fabiol Gaxh\u00ebs prokuroria ka pushuar akuz\u00ebn me argumentimin se Billo ka vepruar n\u00eb kushtet e mbrojtjes ekstreme. <\/span><\/p>\n<p><span style=\"color: #000000;\">Pes\u00eb persona t\u00eb tjer\u00eb, pjes\u00eb e s\u00eb nj\u00ebjt\u00ebs dosje, Redi Popesku, Geldi Hoti Licaj,\u00a0 Ervin Mata, Ajax Boshnjaku dhe Fabio Allushi akuzohen p\u00ebr moskall\u00ebzim krimi.<\/span><\/p>\n<p><span style=\"color: #000000;\">Ngjarja e r\u00ebnd\u00eb ndodhi n\u00eb 4 tetor t\u00eb vitit 2018 ku pas p\u00ebrplasjes me arm\u00eb n\u00eb nj\u00eb lokal n\u00eb ish-Bllok mbeti viktim\u00eb Fabiol Gaxha nd\u00ebrsa u plagos\u00ebn Ervis Martinaj e Eljon Hato. Sipas prokuroris\u00eb, Gaxha, ka q\u00eblluar i pari nd\u00ebra Billo \u00ebsht\u00eb kund\u00ebrp\u00ebrgjigjur.<\/span><\/p>\n","protected":false,"gt_translate_keys":[{"key":"rendered","format":"html"}]},"excerpt":{"rendered":"<p>Ish-komandoja Meviol Billo \u00ebsht\u00eb akuzuar nga prokuroria p\u00ebr plagosje e r\u00ebnd\u00eb n\u00eb kap\u00ebrcim t\u00eb kushteve t\u00eb mbrojtjes s\u00eb nevojshme lidhur me ngjarjen e ndodhur n\u00eb ish-Bllok m\u00eb 4 tetor 2018. B\u00ebhet fjal\u00eb p\u00ebr plagosjen e Eljon Hatos nd\u00ebrsa p\u00ebr vrasjen e Fabiol Gaxh\u00ebs prokuroria ka pushuar akuz\u00ebn me argumentimin se Billo ka vepruar n\u00eb kushtet [&hellip;]<\/p>\n","protected":false,"gt_translate_keys":[{"key":"rendered","format":"html"}]},"author":51,"featured_media":419238,"comment_status":"open","ping_status":"open","sticky":false,"template":"","format":"standard","meta":{"footnotes":""},"categories":[65,13],"tags":[],"class_list":["post-419237","post","type-post","status-publish","format-standard","has-post-thumbnail","hentry","category-lajme","category-te-fundit"],"gt_translate_keys":[{"key":"link","format":"url"}],"_links":{"self":[{"href":"https:\/\/www.hashtag.al\/index.php\/wp-json\/wp\/v2\/posts\/419237","targetHints":{"allow":["GET"]}}],"collection":[{"href":"https:\/\/www.hashtag.al\/index.php\/wp-json\/wp\/v2\/posts"}],"about":[{"href":"https:\/\/www.hashtag.al\/index.php\/wp-json\/wp\/v2\/types\/post"}],"author":[{"embeddable":true,"href":"https:\/\/www.hashtag.al\/index.php\/wp-json\/wp\/v2\/users\/51"}],"replies":[{"embeddable":true,"href":"https:\/\/www.hashtag.al\/index.php\/wp-json\/wp\/v2\/comments?post=419237"}],"version-history":[{"count":0,"href":"https:\/\/www.hashtag.al\/index.php\/wp-json\/wp\/v2\/posts\/419237\/revisions"}],"wp:featuredmedia":[{"embeddable":true,"href":"https:\/\/www.hashtag.al\/index.php\/wp-json\/wp\/v2\/media\/419238"}],"wp:attachment":[{"href":"https:\/\/www.hashtag.al\/index.php\/wp-json\/wp\/v2\/media?parent=419237"}],"wp:term":[{"taxonomy":"category","embeddable":true,"href":"https:\/\/www.hashtag.al\/index.php\/wp-json\/wp\/v2\/categories?post=419237"},{"taxonomy":"post_tag","embeddable":true,"href":"https:\/\/www.hashtag.al\/index.php\/wp-json\/wp\/v2\/tags?post=419237"}],"curies":[{"name":"wp","href":"https:\/\/api.w.org\/{rel}","templated":true}]}}