{"id":419157,"date":"2020-12-20T21:15:25","date_gmt":"2020-12-20T20:15:25","guid":{"rendered":"https:\/\/hashtag.al\/?p=419157"},"modified":"2020-12-20T21:15:25","modified_gmt":"2020-12-20T20:15:25","slug":"me-qelluan-me-shkelm-ne-komisariat-nje-tjetri-i-rane-me-shpulle-pedagogu-martini-do-padise-policine","status":"publish","type":"post","link":"https:\/\/www.hashtag.al\/index.php\/2020\/12\/20\/me-qelluan-me-shkelm-ne-komisariat-nje-tjetri-i-rane-me-shpulle-pedagogu-martini-do-padise-policine\/","title":{"rendered":"&#8220;M\u00eb q\u00eblluan me shkelm n\u00eb komisariat, nj\u00eb tjetri i ran\u00eb me shpull\u00eb&#8221; &#8211; Pedagogu Martini do padis\u00eb policin\u00eb","gt_translate_keys":[{"key":"rendered","format":"text"}]},"content":{"rendered":"<p><img loading=\"lazy\" decoding=\"async\" class=\"aligncenter wp-image-419158 size-full\" src=\"https:\/\/hashtag.al\/wp-content\/uploads\/2020\/12\/donaldmartini-e1608495204344.jpeg\" alt=\"\" width=\"1280\" height=\"579\" srcset=\"https:\/\/www.hashtag.al\/wp-content\/uploads\/2020\/12\/donaldmartini-e1608495204344.jpeg 1280w, https:\/\/www.hashtag.al\/wp-content\/uploads\/2020\/12\/donaldmartini-e1608495204344-300x136.jpeg 300w, https:\/\/www.hashtag.al\/wp-content\/uploads\/2020\/12\/donaldmartini-e1608495204344-768x347.jpeg 768w, https:\/\/www.hashtag.al\/wp-content\/uploads\/2020\/12\/donaldmartini-e1608495204344-1024x463.jpeg 1024w\" sizes=\"auto, (max-width: 1280px) 100vw, 1280px\" \/><\/p>\n<p><span style=\"color: #000000;\">Pedagogu Donald Martini akuzon policin\u00eb se ka ushtruar dhun\u00eb ndaj tij n\u00eb komisariat. N\u00eb nj\u00eb intervist\u00eb p\u00ebr News24, ai tha se e kan\u00eb gjuajtur me shkelm kur ka qen\u00eb brenda policis\u00eb.<\/span><\/p>\n<p><span style=\"color: #000000;\">Po k\u00ebshtu Martini pohoi se do e padis\u00eb n\u00eb prokurori policin\u00eb si dhe k\u00ebrkoi reagimin e ministrit t\u00eb Brendsh\u00ebm, \u00c7u\u00e7i. <\/span><\/p>\n<p><span style=\"color: #000000;\">Martini \u00ebsht\u00eb nj\u00eb nga kat\u00ebr personat e ndaluar mbr\u00ebmjen e djeshme nga policia pran\u00eb Ministris\u00eb s\u00eb Brendshme. Ata u shoq\u00ebruan n\u00eb polici nd\u00ebrsa dy prej tyre akuzojn\u00eb policin\u00eb se i ka dhunuar.<\/span><\/p>\n<p><span style=\"color: #000000;\"><em>\u201cNa fut\u00ebn n\u00eb polici. Nj\u00ebrit prej nesh i gjuajt\u00ebn me shpull\u00eb. Kjo \u00ebsht\u00eb dhun\u00eb, por n\u00eb Shqip\u00ebri ndodh. Un\u00eb i thash\u00eb se kam edhe shtet\u00ebsi angleze. M\u00eb tha ulu dhe kur jam ulur, m\u00eb gjuajti me shkelm. Nuk isha mir\u00eb fizikisht, por m\u00eb pas personi q\u00eb m\u00eb goditi direkt u largua, q\u00eb ai mos t\u00eb shihej. M\u00eb tej kisha dhimbje pak e m\u00eb dilte gjak. Nj\u00eb oficer m\u00eb tha se plaga jote ka 5 or\u00eb, e i thash\u00eb, po pse gjaku m\u00eb rrjedh?. Pastaj erdhi shefi i komisariatit dhe u qet\u00ebsua situata, por ishte von\u00eb. \u00cbsht\u00eb e pakonceptueshme q\u00eb t\u00eb shoq\u00ebrohesh n\u00eb komisariat, pse proteston. Un\u00eb protestoj n\u00eb radh\u00eb t\u00eb par\u00eb p\u00ebr f\u00ebmij\u00ebt e mi, pastaj p\u00ebr t\u00eb gjith\u00eb. K\u00ebtu vritesh edhe pa motiv. Do ta hedh n\u00eb gjyq rajonin e policis\u00eb. K\u00ebrkoj reagim edhe nga ministri i ri i Brendsh\u00ebm.\u201d<\/em> \u2013 tha Martini.<\/span><\/p>\n","protected":false,"gt_translate_keys":[{"key":"rendered","format":"html"}]},"excerpt":{"rendered":"<p>Pedagogu Donald Martini akuzon policin\u00eb se ka ushtruar dhun\u00eb ndaj tij n\u00eb komisariat. N\u00eb nj\u00eb intervist\u00eb p\u00ebr News24, ai tha se e kan\u00eb gjuajtur me shkelm kur ka qen\u00eb brenda policis\u00eb. Po k\u00ebshtu Martini pohoi se do e padis\u00eb n\u00eb prokurori policin\u00eb si dhe k\u00ebrkoi reagimin e ministrit t\u00eb Brendsh\u00ebm, \u00c7u\u00e7i. Martini \u00ebsht\u00eb nj\u00eb nga [&hellip;]<\/p>\n","protected":false,"gt_translate_keys":[{"key":"rendered","format":"html"}]},"author":51,"featured_media":419158,"comment_status":"open","ping_status":"open","sticky":false,"template":"","format":"standard","meta":{"footnotes":""},"categories":[65,13],"tags":[],"class_list":["post-419157","post","type-post","status-publish","format-standard","has-post-thumbnail","hentry","category-lajme","category-te-fundit"],"gt_translate_keys":[{"key":"link","format":"url"}],"_links":{"self":[{"href":"https:\/\/www.hashtag.al\/index.php\/wp-json\/wp\/v2\/posts\/419157","targetHints":{"allow":["GET"]}}],"collection":[{"href":"https:\/\/www.hashtag.al\/index.php\/wp-json\/wp\/v2\/posts"}],"about":[{"href":"https:\/\/www.hashtag.al\/index.php\/wp-json\/wp\/v2\/types\/post"}],"author":[{"embeddable":true,"href":"https:\/\/www.hashtag.al\/index.php\/wp-json\/wp\/v2\/users\/51"}],"replies":[{"embeddable":true,"href":"https:\/\/www.hashtag.al\/index.php\/wp-json\/wp\/v2\/comments?post=419157"}],"version-history":[{"count":0,"href":"https:\/\/www.hashtag.al\/index.php\/wp-json\/wp\/v2\/posts\/419157\/revisions"}],"wp:featuredmedia":[{"embeddable":true,"href":"https:\/\/www.hashtag.al\/index.php\/wp-json\/wp\/v2\/media\/419158"}],"wp:attachment":[{"href":"https:\/\/www.hashtag.al\/index.php\/wp-json\/wp\/v2\/media?parent=419157"}],"wp:term":[{"taxonomy":"category","embeddable":true,"href":"https:\/\/www.hashtag.al\/index.php\/wp-json\/wp\/v2\/categories?post=419157"},{"taxonomy":"post_tag","embeddable":true,"href":"https:\/\/www.hashtag.al\/index.php\/wp-json\/wp\/v2\/tags?post=419157"}],"curies":[{"name":"wp","href":"https:\/\/api.w.org\/{rel}","templated":true}]}}