{"id":418724,"date":"2020-12-18T15:12:45","date_gmt":"2020-12-18T14:12:45","guid":{"rendered":"https:\/\/hashtag.al\/?p=418724"},"modified":"2020-12-18T15:12:45","modified_gmt":"2020-12-18T14:12:45","slug":"vokshi-qeveria-deshtoi-ne-menaxhimin-e-arsimit-ne-kushtet-e-pandemise-nuk-shpenzoi-asnje-qindarke","status":"publish","type":"post","link":"https:\/\/www.hashtag.al\/index.php\/2020\/12\/18\/vokshi-qeveria-deshtoi-ne-menaxhimin-e-arsimit-ne-kushtet-e-pandemise-nuk-shpenzoi-asnje-qindarke\/","title":{"rendered":"Vokshi: Qeveria d\u00ebshtoi n\u00eb menaxhimin e arsimit n\u00eb kushtet e pandemis\u00eb, nuk shpenzoi asnj\u00eb qindark\u00eb","gt_translate_keys":[{"key":"rendered","format":"text"}]},"content":{"rendered":"<p><img loading=\"lazy\" decoding=\"async\" class=\"aligncenter size-full wp-image-418725\" src=\"https:\/\/hashtag.al\/wp-content\/uploads\/2020\/12\/vokshi.jpg\" alt=\"\" width=\"780\" height=\"440\" srcset=\"https:\/\/www.hashtag.al\/wp-content\/uploads\/2020\/12\/vokshi.jpg 780w, https:\/\/www.hashtag.al\/wp-content\/uploads\/2020\/12\/vokshi-300x169.jpg 300w, https:\/\/www.hashtag.al\/wp-content\/uploads\/2020\/12\/vokshi-768x433.jpg 768w\" sizes=\"auto, (max-width: 780px) 100vw, 780px\" \/><\/p>\n<p><span style=\"color: #000000;\">Ish-deputetja e Partis\u00eb Demokratike, Albana Vokshi n\u00ebp\u00ebrmjet nj\u00eb deklarate nga selia blu ka folur p\u00ebr p\u00ebrmbylljen e semestrit t\u00eb k\u00ebtij viti t\u00eb ri shkollor duke e cil\u00ebsuar si t\u00eb d\u00ebshtuar q\u00eb n\u00eb fillim.<\/span><\/p>\n<p><span style=\"color: #000000;\">P\u00ebr Vokshin, qeveria ka d\u00ebshtuar n\u00eb menaxhimin e situat\u00ebs dhe sigurimin e kushteve p\u00ebr ruajtjen e sh\u00ebndetit.<\/span><\/p>\n<p><span style=\"color: #000000;\">Vokshi kritikoi edhe m\u00ebsimin online duke th\u00ebn\u00eb se platforma e nd\u00ebrtuar ka d\u00ebshtuar.<\/span><\/p>\n<p><span style=\"color: #000000;\">Ish-deputetja theksoi se p\u00ebr arsimin nuk \u00ebsht\u00eb hedhur asnj\u00eb lek\u00eb gjat\u00eb pandemis\u00eb.<\/span><\/p>\n<p><span style=\"color: #000000;\"><strong>Deklarata e plot\u00eb:<\/strong><\/span><\/p>\n<p><span style=\"color: #000000;\">P\u00ebr pak dit\u00eb, nx\u00ebn\u00ebsit mbyllin nj\u00eb semest\u00ebr t\u00eb v\u00ebshtir\u00eb. Askush nuk mund t\u00eb thot\u00eb se ky ishte nj\u00eb vit shkollor q\u00eb nisi mir\u00eb. Pandemia nxori n\u00eb pah d\u00ebshtimin e Edi Ram\u00ebs me arsimin n\u00eb k\u00ebto 7 vjet.<\/span><\/p>\n<p><span style=\"color: #000000;\">K\u00ebto tre muaj t\u00eb rihapjes s\u00eb shkollave kemi sjell\u00eb me qindra d\u00ebshmi t\u00eb p\u00ebrkeq\u00ebsimit t\u00eb kushteve n\u00eb shkolla nga m\u00ebsues, nx\u00ebn\u00ebs dhe prind\u00ebr.<\/span><\/p>\n<p><span style=\"color: #000000;\">P\u00ebr shkak t\u00eb d\u00ebshtimit t\u00eb Edi Ram\u00ebs dhe braktisjes s\u00eb arsimit, mbi 425 mij\u00eb nx\u00ebn\u00ebs m\u00ebsuan n\u00eb nj\u00eb sistem t\u00eb dob\u00ebsuar arsimor, mbi 34 mij\u00eb m\u00ebsues u keqp\u00ebrdor\u00ebn me m\u00ebsimin me 2,3 dhe 4 turne, pa u shp\u00ebrblyer si\u00e7 duhet. D\u00ebshtimi i Edi Ram\u00ebs p\u00ebr t\u00eb siguruar kushtet minimale p\u00ebr ruajtjen e sh\u00ebndetit t\u00eb m\u00ebsuesve rezultoi katastrofik. Vet\u00ebm nga informacionet e b\u00ebra publike, jan\u00eb t\u00eb pakt\u00ebn 13 m\u00ebsues t\u00eb ndar\u00eb nga jeta p\u00ebr shkak t\u00eb Covid-it.<\/span><\/p>\n<p><span style=\"color: #000000;\">Rihapja e shkollave pas pandemis\u00eb nxori n\u00eb pah se Edi Rama ishte pa asnj\u00eb plan p\u00ebr arsimin dhe vazhdoi t\u2019i linte n\u00eb m\u00ebshir\u00eb t\u00eb fatit nx\u00ebn\u00ebsit dhe m\u00ebsuesit pa shpenzuar asnj\u00eb qindark\u00eb p\u00ebr sigurin\u00eb e sh\u00ebndetit t\u00eb tyre.<\/span><\/p>\n<p><span style=\"color: #000000;\">Zero lek\u00eb p\u00ebr t\u00eb p\u00ebrballuar pandemin\u00eb n\u00eb arsim, sepse zero \u00ebsht\u00eb shqet\u00ebsimi i Edi Ram\u00ebs p\u00ebr shkollat. Zero lek\u00eb p\u00ebr m\u00ebsimin online. Megjith\u00ebse kishin 9 muaj n\u00eb dispozicion p\u00ebr t\u00eb nd\u00ebrtuar nj\u00eb platform\u00eb online dhe p\u00ebr t\u00eb siguruar akses n\u00eb k\u00ebt\u00eb platform\u00eb nga t\u00eb gjith\u00eb nx\u00ebn\u00ebsit dhe m\u00ebsuesit, asgj\u00eb nuk ndodhi.<\/span><\/p>\n<p><span style=\"color: #000000;\">Edi Rama d\u00ebshtoi s\u00ebrish, edhe me m\u00ebsimin online.\u00a0 Platforma nuk funksionoi asnj\u00eb dit\u00eb dhe mij\u00ebra f\u00ebmij\u00eb i marrin m\u00ebsimet akoma me \u00cbhatsapp dhe zoom.<\/span><\/p>\n<p><span style=\"color: #000000;\">Sipas t\u00eb dh\u00ebnave t\u00eb Bank\u00ebs Bot\u00ebrore n\u00eb qytet mbi 60 p\u00ebrqind e familjeve nuk kan\u00eb nj\u00eb kompjuter apo lap top, nd\u00ebrsa n\u00eb fshat jan\u00eb mbi 80 p\u00ebrqind e familjeve pa nj\u00eb pajisje q\u00eb mund\u00ebson m\u00ebsim normal online.<\/span><\/p>\n<p><span style=\"color: #000000;\">M\u00ebsuesit ngren\u00eb shqet\u00ebsimin q\u00eb, n\u00eb shum\u00eb raste, vet\u00ebm 1\/3 e nx\u00ebn\u00ebsve mund t\u00eb ndjekin m\u00ebsimin online. Kjo edhe p\u00ebr shkak t\u00eb munges\u00ebs s\u00eb internetit, pasi qeveria nuk mori asnj\u00eb mas\u00eb p\u00ebr t\u00eb siguruar internet falas p\u00ebr familjet n\u00eb nevoj\u00eb.<\/span><\/p>\n<p><span style=\"color: #000000;\">P\u00ebr fat t\u00eb keq, nx\u00ebn\u00ebsit nuk po mund t\u00eb marrin m\u00ebsim cil\u00ebsor dhe kjo pranohet hapur si nga m\u00ebsuesit, ashtu edhe nga prind\u00ebrit e shqet\u00ebsuar.<\/span><\/p>\n<p><span style=\"color: #000000;\">P\u00ebr shkak t\u00eb nj\u00eb kryeministri t\u00eb d\u00ebshtuar dhe t\u00eb paaft\u00eb, q\u00eb nuk e ka prioritet arsimin, n\u00eb Shqip\u00ebri po rritet nj\u00eb brez COVID. Dhe nj\u00eb brez analfabet\u00ebsh funksional\u00eb, q\u00eb \u00ebsht\u00eb rritur me p\u00ebrmasa t\u00eb rrezikshme, mbi 60%.<\/span><\/p>\n<p><span style=\"color: #000000;\">As m\u00ebsimi fizik 25-30 minut\u00ebsh nuk \u00ebsht\u00eb efikas, as m\u00ebsimi i alternuar nuk funksionon dhe m\u00ebsimi online \u00ebsht\u00eb gati i pamundur, sepse Shqip\u00ebria qeveriset nga nj\u00eb kryeminist\u00ebr i d\u00ebshtuar.\u00a0\u00a0<\/span><\/p>\n<p><span style=\"color: #000000;\">Partia Demokratike propozoi nj\u00eb plan konkret p\u00ebr t\u00eb ruajtur cil\u00ebsin\u00eb e arsimit dhe p\u00ebr t\u00eb siguruar kushte normale p\u00ebr sh\u00ebndetin gjat\u00eb pandemis\u00eb. Edi Rama refuzoi ta zbatonte at\u00eb plan dhe nuk investoi p\u00ebr t\u00eb ardhmen e f\u00ebmij\u00ebve t\u00eb shqiptar\u00ebve. Edi Rama flet shum\u00eb dhe punon pak ose aspak. Ai \u00ebsht\u00eb nj\u00eb kryeminist\u00ebr pa plan p\u00ebr arsimin, pa plan p\u00ebr ruajtjen e jet\u00ebs dhe sh\u00ebndetit n\u00eb shkolla, pa plan p\u00ebr nj\u00eb arsim m\u00eb t\u00eb mir\u00eb.<\/span><\/p>\n<p><span style=\"color: #000000;\">D\u00ebshtimi i Edi Ram\u00ebs me arsimin k\u00ebto 7 vjet, ve\u00e7an\u00ebrisht gjat\u00eb pandemis\u00eb po u kushton f\u00ebmij\u00ebve dhe t\u00eb rinjve t\u00eb ardhmen. Vendi yn\u00eb nuk mund t\u00eb p\u00ebrballoj\u00eb dot rritjen e analfabet\u00ebve funksional\u00eb, p\u00ebr shkak t\u00eb paaft\u00ebsis\u00eb s\u00eb kryeministrit t\u00eb vendit.<\/span><\/p>\n<p><span style=\"color: #000000;\">M\u00ebsuesit, nx\u00ebn\u00ebsit dhe prind\u00ebrit e tyre meritojn\u00eb nj\u00eb qeveri q\u00eb punon p\u00ebr ta! Boll m\u00eb me braktisjen e arsimit! \u00cbsht\u00eb koha p\u00ebr ndryshim!&#8221;<\/span><\/p>\n","protected":false,"gt_translate_keys":[{"key":"rendered","format":"html"}]},"excerpt":{"rendered":"<p>Ish-deputetja e Partis\u00eb Demokratike, Albana Vokshi n\u00ebp\u00ebrmjet nj\u00eb deklarate nga selia blu ka folur p\u00ebr p\u00ebrmbylljen e semestrit t\u00eb k\u00ebtij viti t\u00eb ri shkollor duke e cil\u00ebsuar si t\u00eb d\u00ebshtuar q\u00eb n\u00eb fillim. P\u00ebr Vokshin, qeveria ka d\u00ebshtuar n\u00eb menaxhimin e situat\u00ebs dhe sigurimin e kushteve p\u00ebr ruajtjen e sh\u00ebndetit. Vokshi kritikoi edhe m\u00ebsimin online [&hellip;]<\/p>\n","protected":false,"gt_translate_keys":[{"key":"rendered","format":"html"}]},"author":32,"featured_media":418725,"comment_status":"open","ping_status":"open","sticky":false,"template":"","format":"standard","meta":{"footnotes":""},"categories":[65,13],"tags":[],"class_list":["post-418724","post","type-post","status-publish","format-standard","has-post-thumbnail","hentry","category-lajme","category-te-fundit"],"gt_translate_keys":[{"key":"link","format":"url"}],"_links":{"self":[{"href":"https:\/\/www.hashtag.al\/index.php\/wp-json\/wp\/v2\/posts\/418724","targetHints":{"allow":["GET"]}}],"collection":[{"href":"https:\/\/www.hashtag.al\/index.php\/wp-json\/wp\/v2\/posts"}],"about":[{"href":"https:\/\/www.hashtag.al\/index.php\/wp-json\/wp\/v2\/types\/post"}],"author":[{"embeddable":true,"href":"https:\/\/www.hashtag.al\/index.php\/wp-json\/wp\/v2\/users\/32"}],"replies":[{"embeddable":true,"href":"https:\/\/www.hashtag.al\/index.php\/wp-json\/wp\/v2\/comments?post=418724"}],"version-history":[{"count":0,"href":"https:\/\/www.hashtag.al\/index.php\/wp-json\/wp\/v2\/posts\/418724\/revisions"}],"wp:featuredmedia":[{"embeddable":true,"href":"https:\/\/www.hashtag.al\/index.php\/wp-json\/wp\/v2\/media\/418725"}],"wp:attachment":[{"href":"https:\/\/www.hashtag.al\/index.php\/wp-json\/wp\/v2\/media?parent=418724"}],"wp:term":[{"taxonomy":"category","embeddable":true,"href":"https:\/\/www.hashtag.al\/index.php\/wp-json\/wp\/v2\/categories?post=418724"},{"taxonomy":"post_tag","embeddable":true,"href":"https:\/\/www.hashtag.al\/index.php\/wp-json\/wp\/v2\/tags?post=418724"}],"curies":[{"name":"wp","href":"https:\/\/api.w.org\/{rel}","templated":true}]}}