{"id":418174,"date":"2020-12-15T19:43:06","date_gmt":"2020-12-15T18:43:06","guid":{"rendered":"https:\/\/hashtag.al\/?p=418174"},"modified":"2020-12-15T20:08:49","modified_gmt":"2020-12-15T19:08:49","slug":"trupat-e-copetuar-te-nje-burri-dhe-nje-gruaje-gjenden-brenda-3-valixheve-ne-firence-dyshohet-se-jane-shtetas-shqiptare","status":"publish","type":"post","link":"https:\/\/www.hashtag.al\/index.php\/2020\/12\/15\/trupat-e-copetuar-te-nje-burri-dhe-nje-gruaje-gjenden-brenda-3-valixheve-ne-firence-dyshohet-se-jane-shtetas-shqiptare\/","title":{"rendered":"Trupat e cop\u00ebtuar t\u00eb nj\u00eb burri dhe nj\u00eb gruaje gjenden brenda 3 valixheve n\u00eb Firence, dyshohet se jan\u00eb shtetas shqiptar\u00eb","gt_translate_keys":[{"key":"rendered","format":"text"}]},"content":{"rendered":"<p><img loading=\"lazy\" decoding=\"async\" class=\"aligncenter size-full wp-image-418175\" src=\"https:\/\/hashtag.al\/wp-content\/uploads\/2020\/12\/WhatsApp-Image-2020-12-15-at-19.23.08.jpeg\" alt=\"\" width=\"640\" height=\"480\" srcset=\"https:\/\/www.hashtag.al\/wp-content\/uploads\/2020\/12\/WhatsApp-Image-2020-12-15-at-19.23.08.jpeg 640w, https:\/\/www.hashtag.al\/wp-content\/uploads\/2020\/12\/WhatsApp-Image-2020-12-15-at-19.23.08-300x225.jpeg 300w\" sizes=\"auto, (max-width: 640px) 100vw, 640px\" \/><\/p>\n<p><span style=\"color: #000000;\">Nj\u00eb tatuazh spiranc\u00eb me emrin e nj\u00eb qyteti shqiptar posht\u00eb, mund t\u00eb jet\u00eb \u00e7el\u00ebsi p\u00ebr identifikimin e dy kufomave (nj\u00eb burr\u00eb dhe nj\u00eb grua) t\u00eb gjetur brenda tre valixheve t\u00eb gjetura mes Firences, Pisa-Livorno dhe burgut Sollicciano.<\/span><\/p>\n<p><span style=\"color: #000000;\">N\u00eb k\u00ebto or\u00eb karabinier\u00ebt t\u00eb koordinuar nga prokurorja Ornella Galeotti, po punojn\u00eb p\u00ebr t\u00eb arritur n\u00eb nj\u00eb identifikim t\u00eb sakt\u00eb t\u00eb viktimave: nj\u00eb tatuazh, i gjetur n\u00eb parakrahun e burrit, \u00ebsht\u00eb nj\u00eb nga element\u00ebt kryesor\u00eb n\u00eb dispozicion. \u00cbsht\u00eb nj\u00eb dizajn n\u00eb form\u00eb spirance me mbishkrimin e qytetit shqiptar posht\u00eb, shkruan La Repubblica.<\/span><\/p>\n<p><span style=\"color: #000000;\"><strong>Rasti i bashk\u00ebshort\u00ebve q\u00eb u zhduk\u00ebn n\u00eb 2015<\/strong><\/span><\/p>\n<p><span style=\"color: #000000;\">Hetuesit po lidhin k\u00ebt\u00eb informacion me informacionin q\u00eb p\u00ebrmbahet n\u00eb dosjet e personave t\u00eb zhdukur. Nj\u00ebra nga k\u00ebto t\u00ebrhoqi v\u00ebmendjen dhe ka t\u00eb b\u00ebj\u00eb me rastin e Shp\u00ebtim dhe Teuta Pasho, nj\u00eb burr\u00eb dhe nj\u00eb grua me origjin\u00eb shqiptare t\u00eb cil\u00ebt u zhduk\u00ebn n\u00eb Castelfiorentino n\u00eb n\u00ebntor 2015, n\u00eb rrethana q\u00eb nuk jan\u00eb sqaruar kurr\u00eb.<\/span><\/p>\n<p><span style=\"color: #000000;\">Nj\u00eb tjet\u00ebr detaj q\u00eb nuk i ka shp\u00ebtuar zyr\u00ebs s\u00eb prokurorit dhe karabinier\u00ebve ka t\u00eb b\u00ebj\u00eb me djalin e \u00e7iftit, i cili ishte i arrestuar n\u00eb burgun Sollicciano n\u00eb koh\u00ebn e zhdukjes. Raporti i fundit daton n\u00eb 2 n\u00ebntor 2015, me nj\u00eb telefonat\u00eb (nga nj\u00eb num\u00ebr anonim) p\u00ebr vajz\u00ebn e saj n\u00eb t\u00eb cil\u00ebn gruaja tha se nuk donte t&#8217;i p\u00ebrgjigjej askujt.<\/span><\/p>\n<p><img loading=\"lazy\" decoding=\"async\" class=\"aligncenter size-full wp-image-418176\" src=\"https:\/\/hashtag.al\/wp-content\/uploads\/2020\/12\/ita5.png\" alt=\"\" width=\"1003\" height=\"680\" srcset=\"https:\/\/www.hashtag.al\/wp-content\/uploads\/2020\/12\/ita5.png 1003w, https:\/\/www.hashtag.al\/wp-content\/uploads\/2020\/12\/ita5-300x203.png 300w, https:\/\/www.hashtag.al\/wp-content\/uploads\/2020\/12\/ita5-768x521.png 768w\" sizes=\"auto, (max-width: 1003px) 100vw, 1003px\" \/><\/p>\n<p><span style=\"color: #000000;\"><strong>Zbulimi i trupave<\/strong><\/span><\/p>\n<p><span style=\"color: #000000;\">N\u00eb nd\u00ebrkoh\u00eb, hetimet po vazhdojn\u00eb nga disa an\u00eb. Dhe detaje t\u00eb tjera shqet\u00ebsuese shfaqen n\u00eb gjetjet q\u00eb ndodh\u00ebn dit\u00ebt e fundi. Mbetjet, ishin mb\u00ebshtjell\u00eb me celofan dhe najlon, t\u00eb gjitha t\u00eb lidhura me shirit ngjit\u00ebs dhe &#8220;t\u00eb mbrojtura&#8221; nga nj\u00eb lloj paketimi. S\u00eb pari u gjet nj\u00eb valixhe me trupin dhe nj\u00eb k\u00ebmb\u00eb t\u00eb burrit, pastaj nj\u00eb me gjymtyr\u00ebt e poshtme t\u00eb gruas dhe n\u00eb fund e fundit, trupi i saj.<\/span><\/p>\n<p><img loading=\"lazy\" decoding=\"async\" class=\"aligncenter size-full wp-image-418178\" src=\"https:\/\/hashtag.al\/wp-content\/uploads\/2020\/12\/ita2.png\" alt=\"\" width=\"983\" height=\"612\" srcset=\"https:\/\/www.hashtag.al\/wp-content\/uploads\/2020\/12\/ita2.png 983w, https:\/\/www.hashtag.al\/wp-content\/uploads\/2020\/12\/ita2-300x187.png 300w, https:\/\/www.hashtag.al\/wp-content\/uploads\/2020\/12\/ita2-768x478.png 768w\" sizes=\"auto, (max-width: 983px) 100vw, 983px\" \/><\/p>\n<p><span style=\"color: #000000;\"><strong>K\u00ebrkimet n\u00eb tok\u00ebn af\u00ebr Sollicciano<\/strong><\/span><\/p>\n<p><span style=\"color: #000000;\">K\u00ebrkimet nga karabinier\u00ebt dhe mjek\u00ebsia ligjore vazhdojn\u00eb n\u00eb zon\u00ebn midis burgut Sollicciano dhe autostrad\u00ebs FiPiLi ku u gjet\u00ebn tre valixhe me disa mbetje njer\u00ebzore t\u00eb cop\u00ebtuara. Ata jan\u00eb nj\u00eb burr\u00eb dhe nj\u00eb grua, t\u00eb cil\u00ebt nuk jan\u00eb identifikuar ende. Ekzaminimi i ADN-s\u00eb mund t\u00eb siguroj\u00eb elemente t\u00eb dobish\u00ebm p\u00ebr hetime. Nd\u00ebrkoh\u00eb, disa hipoteza tashm\u00eb jan\u00eb duke u b\u00ebr\u00eb. Mbetjet mund t\u00eb jen\u00eb hedhur n\u00eb nga nj\u00eb makin\u00eb q\u00eb kalonte n\u00eb autostrad\u00eb, ose vrasja e dyfisht\u00eb mund t\u00eb ishte kryer n\u00eb at\u00eb vend. Vrasje q\u00eb mund t\u00eb ket\u00eb gjithashtu motive pasioni. T\u00eb gjitha hipotezat jan\u00eb ende duke u shqyrtuar nga hetuesit.<\/span><\/p>\n<p><span style=\"color: #000000;\">Vendi ku u gjet\u00ebn valixhet, n\u00eb nj\u00eb distanc\u00eb prej dhjet\u00ebra metrash nga nj\u00ebra-tjetra p\u00ebrgjat\u00eb gjurm\u00ebs s\u00eb autostrad\u00ebs, i b\u00ebn hetuesit t\u00eb supozojn\u00eb se ato ishin hedhur nga nj\u00eb makin\u00eb n\u00eb ecje e sip\u00ebr (me shpejt\u00ebsi t\u00eb ul\u00ebt) n\u00eb \u00a0aksin Firence- Pisa-Livorno, drejt Firences.<\/span><\/p>\n<p><span style=\"color: #000000;\">N\u00eb or\u00ebt e ardhshme, rezultati i autopsis\u00eb n\u00eb trupin e gruas duhet t\u00eb arrij\u00eb, nga i cili priten siguri mbi shkaqet e vdekjes dhe p\u00ebr ndonj\u00eb ngjashm\u00ebri me at\u00eb t\u00eb burrit, i vrar\u00eb sipas mjekut nga nj\u00eb plag\u00eb n\u00eb fyt.<\/span><\/p>\n<p><img loading=\"lazy\" decoding=\"async\" class=\"aligncenter size-full wp-image-418180\" src=\"https:\/\/hashtag.al\/wp-content\/uploads\/2020\/12\/ita3.png\" alt=\"\" width=\"1054\" height=\"646\" srcset=\"https:\/\/www.hashtag.al\/wp-content\/uploads\/2020\/12\/ita3.png 1054w, https:\/\/www.hashtag.al\/wp-content\/uploads\/2020\/12\/ita3-300x184.png 300w, https:\/\/www.hashtag.al\/wp-content\/uploads\/2020\/12\/ita3-768x471.png 768w, https:\/\/www.hashtag.al\/wp-content\/uploads\/2020\/12\/ita3-1024x628.png 1024w\" sizes=\"auto, (max-width: 1054px) 100vw, 1054px\" \/> <img loading=\"lazy\" decoding=\"async\" class=\"aligncenter size-full wp-image-418181\" src=\"https:\/\/hashtag.al\/wp-content\/uploads\/2020\/12\/ita4.png\" alt=\"\" width=\"1052\" height=\"698\" srcset=\"https:\/\/www.hashtag.al\/wp-content\/uploads\/2020\/12\/ita4.png 1052w, https:\/\/www.hashtag.al\/wp-content\/uploads\/2020\/12\/ita4-300x199.png 300w, https:\/\/www.hashtag.al\/wp-content\/uploads\/2020\/12\/ita4-768x510.png 768w, https:\/\/www.hashtag.al\/wp-content\/uploads\/2020\/12\/ita4-1024x679.png 1024w\" sizes=\"auto, (max-width: 1052px) 100vw, 1052px\" \/> <img loading=\"lazy\" decoding=\"async\" class=\"aligncenter size-full wp-image-418182\" src=\"https:\/\/hashtag.al\/wp-content\/uploads\/2020\/12\/italianet-1.png\" alt=\"\" width=\"1216\" height=\"586\" srcset=\"https:\/\/www.hashtag.al\/wp-content\/uploads\/2020\/12\/italianet-1.png 1216w, https:\/\/www.hashtag.al\/wp-content\/uploads\/2020\/12\/italianet-1-300x145.png 300w, https:\/\/www.hashtag.al\/wp-content\/uploads\/2020\/12\/italianet-1-768x370.png 768w, https:\/\/www.hashtag.al\/wp-content\/uploads\/2020\/12\/italianet-1-1024x493.png 1024w\" sizes=\"auto, (max-width: 1216px) 100vw, 1216px\" \/><\/p>\n","protected":false,"gt_translate_keys":[{"key":"rendered","format":"html"}]},"excerpt":{"rendered":"<p>Nj\u00eb tatuazh spiranc\u00eb me emrin e nj\u00eb qyteti shqiptar posht\u00eb, mund t\u00eb jet\u00eb \u00e7el\u00ebsi p\u00ebr identifikimin e dy kufomave (nj\u00eb burr\u00eb dhe nj\u00eb grua) t\u00eb gjetur brenda tre valixheve t\u00eb gjetura mes Firences, Pisa-Livorno dhe burgut Sollicciano. N\u00eb k\u00ebto or\u00eb karabinier\u00ebt t\u00eb koordinuar nga prokurorja Ornella Galeotti, po punojn\u00eb p\u00ebr t\u00eb arritur n\u00eb nj\u00eb identifikim [&hellip;]<\/p>\n","protected":false,"gt_translate_keys":[{"key":"rendered","format":"html"}]},"author":32,"featured_media":418175,"comment_status":"open","ping_status":"open","sticky":false,"template":"","format":"standard","meta":{"footnotes":""},"categories":[22,65,13],"tags":[],"class_list":["post-418174","post","type-post","status-publish","format-standard","has-post-thumbnail","hentry","category-ballina","category-lajme","category-te-fundit"],"gt_translate_keys":[{"key":"link","format":"url"}],"_links":{"self":[{"href":"https:\/\/www.hashtag.al\/index.php\/wp-json\/wp\/v2\/posts\/418174","targetHints":{"allow":["GET"]}}],"collection":[{"href":"https:\/\/www.hashtag.al\/index.php\/wp-json\/wp\/v2\/posts"}],"about":[{"href":"https:\/\/www.hashtag.al\/index.php\/wp-json\/wp\/v2\/types\/post"}],"author":[{"embeddable":true,"href":"https:\/\/www.hashtag.al\/index.php\/wp-json\/wp\/v2\/users\/32"}],"replies":[{"embeddable":true,"href":"https:\/\/www.hashtag.al\/index.php\/wp-json\/wp\/v2\/comments?post=418174"}],"version-history":[{"count":0,"href":"https:\/\/www.hashtag.al\/index.php\/wp-json\/wp\/v2\/posts\/418174\/revisions"}],"wp:featuredmedia":[{"embeddable":true,"href":"https:\/\/www.hashtag.al\/index.php\/wp-json\/wp\/v2\/media\/418175"}],"wp:attachment":[{"href":"https:\/\/www.hashtag.al\/index.php\/wp-json\/wp\/v2\/media?parent=418174"}],"wp:term":[{"taxonomy":"category","embeddable":true,"href":"https:\/\/www.hashtag.al\/index.php\/wp-json\/wp\/v2\/categories?post=418174"},{"taxonomy":"post_tag","embeddable":true,"href":"https:\/\/www.hashtag.al\/index.php\/wp-json\/wp\/v2\/tags?post=418174"}],"curies":[{"name":"wp","href":"https:\/\/api.w.org\/{rel}","templated":true}]}}