{"id":418138,"date":"2020-12-15T15:48:18","date_gmt":"2020-12-15T14:48:18","guid":{"rendered":"https:\/\/hashtag.al\/?p=418138"},"modified":"2020-12-15T15:48:18","modified_gmt":"2020-12-15T14:48:18","slug":"macron-terhiqet-nga-projektligji-pas-protestave-qytetare-tani-protestojne-policet-duam-mbeshtetje","status":"publish","type":"post","link":"https:\/\/www.hashtag.al\/index.php\/2020\/12\/15\/macron-terhiqet-nga-projektligji-pas-protestave-qytetare-tani-protestojne-policet-duam-mbeshtetje\/","title":{"rendered":"Macron t\u00ebrhiqet nga projektligji pas protestave qytetare, tani protestojn\u00eb polic\u00ebt: Duam mb\u00ebshtetje","gt_translate_keys":[{"key":"rendered","format":"text"}]},"content":{"rendered":"<p><span style=\"color: #000000;\"><img loading=\"lazy\" decoding=\"async\" class=\"aligncenter size-full wp-image-418139\" src=\"https:\/\/hashtag.al\/wp-content\/uploads\/2020\/12\/policiafrance.jpg\" alt=\"\" width=\"983\" height=\"511\" srcset=\"https:\/\/www.hashtag.al\/wp-content\/uploads\/2020\/12\/policiafrance.jpg 983w, https:\/\/www.hashtag.al\/wp-content\/uploads\/2020\/12\/policiafrance-300x156.jpg 300w, https:\/\/www.hashtag.al\/wp-content\/uploads\/2020\/12\/policiafrance-768x399.jpg 768w\" sizes=\"auto, (max-width: 983px) 100vw, 983px\" \/><\/span><\/p>\n<p><span style=\"color: #000000;\">Pasi presidenti francez, Macron, b\u00ebri thirrje p\u00ebr nj\u00eb reform\u00eb gjith\u00ebp\u00ebrfshir\u00ebse t\u00eb policis\u00eb si dhe \u00ebsht\u00eb t\u00ebrhequr nga projektligji i siguris\u00eb pas protestave t\u00eb qytetar\u00ebve, tani jan\u00eb polic\u00ebt q\u00eb protestojn\u00eb.<\/span><\/p>\n<p><span style=\"color: #000000;\">Ata jan\u00eb mbledhur ne kryeqytetin e vendit, Paris, duke k\u00ebrkuar q\u00eb qeveria t\u2019i mb\u00ebshtes\u00eb.<\/span><\/p>\n<p><span style=\"color: #000000;\">Oficer\u00ebt u pan\u00eb duke demonstruar n\u00eb rrug\u00ebt e Parisit t\u00eb h\u00ebn\u00ebn n\u00eb mbr\u00ebmje n\u00eb pamjet e kapura nga agjencia video e RT, Ruptly. Disa protestuan me uniforma dhe me automjetet e urgjenc\u00ebs, nd\u00ebrsa dritat e tyre blu ndri\u00e7onin vendin ikonik t\u00eb qytetit, l&#8217;Etoile.<\/span><\/p>\n<p><span style=\"color: #000000;\"><em>&#8220;Un\u00eb flas n\u00eb em\u00ebr t\u00eb koleg\u00ebve q\u00eb jan\u00eb pas meje, t\u00eb cil\u00ebt vuajn\u00eb \u00e7do dit\u00eb jasht\u00eb, t\u00eb cil\u00ebt ngacmohen, digjen, abuzohen, k\u00ebrc\u00ebnohen.&#8221;<\/em> &#8211; tha nj\u00eb oficer, duke k\u00ebrkuar q\u00eb policia t\u00eb marr\u00eb mb\u00ebshtetje nga qeveria.<\/span><\/p>\n<p><span style=\"color: #000000;\"><em>\u201cNe duhet ta dim\u00eb se vendimi i qeveris\u00eb ndikon gjithashtu n\u00eb familjet tona, gruan, f\u00ebmij\u00ebt, prind\u00ebrit, t\u00eb cil\u00ebt gjithashtu vuajn\u00eb sepse f\u00ebmij\u00ebt e policive keqtrajtohen dhe ngacmohen p\u00ebrgjithmon\u00eb. Ndikon n\u00eb shum\u00eb njer\u00ebz dhe ne kemi nevoj\u00eb p\u00ebr k\u00ebt\u00eb mb\u00ebshtetje. Pa at\u00eb, ne nuk do t\u00eb ecim p\u00ebrpara.\u201d<\/em> \u2013 tha nj\u00eb tjet\u00ebr oficer policie.<\/span><\/p>\n<div style=\"width: 854px;\" class=\"wp-video\"><video class=\"wp-video-shortcode\" id=\"video-418138-1\" width=\"854\" height=\"480\" preload=\"metadata\" controls=\"controls\"><source type=\"video\/mp4\" src=\"https:\/\/hashtag.al\/wp-content\/uploads\/2020\/12\/files_2020.12_5fd8620e20302735f657edd9.mp4?_=1\" \/><a href=\"https:\/\/hashtag.al\/wp-content\/uploads\/2020\/12\/files_2020.12_5fd8620e20302735f657edd9.mp4\">https:\/\/hashtag.al\/wp-content\/uploads\/2020\/12\/files_2020.12_5fd8620e20302735f657edd9.mp4<\/a><\/video><\/div>\n","protected":false,"gt_translate_keys":[{"key":"rendered","format":"html"}]},"excerpt":{"rendered":"<p>Pasi presidenti francez, Macron, b\u00ebri thirrje p\u00ebr nj\u00eb reform\u00eb gjith\u00ebp\u00ebrfshir\u00ebse t\u00eb policis\u00eb si dhe \u00ebsht\u00eb t\u00ebrhequr nga projektligji i siguris\u00eb pas protestave t\u00eb qytetar\u00ebve, tani jan\u00eb polic\u00ebt q\u00eb protestojn\u00eb. Ata jan\u00eb mbledhur ne kryeqytetin e vendit, Paris, duke k\u00ebrkuar q\u00eb qeveria t\u2019i mb\u00ebshtes\u00eb. Oficer\u00ebt u pan\u00eb duke demonstruar n\u00eb rrug\u00ebt e Parisit t\u00eb h\u00ebn\u00ebn n\u00eb [&hellip;]<\/p>\n","protected":false,"gt_translate_keys":[{"key":"rendered","format":"html"}]},"author":51,"featured_media":418139,"comment_status":"open","ping_status":"open","sticky":false,"template":"","format":"standard","meta":{"footnotes":""},"categories":[6],"tags":[],"class_list":["post-418138","post","type-post","status-publish","format-standard","has-post-thumbnail","hentry","category-nderkombetare"],"gt_translate_keys":[{"key":"link","format":"url"}],"_links":{"self":[{"href":"https:\/\/www.hashtag.al\/index.php\/wp-json\/wp\/v2\/posts\/418138","targetHints":{"allow":["GET"]}}],"collection":[{"href":"https:\/\/www.hashtag.al\/index.php\/wp-json\/wp\/v2\/posts"}],"about":[{"href":"https:\/\/www.hashtag.al\/index.php\/wp-json\/wp\/v2\/types\/post"}],"author":[{"embeddable":true,"href":"https:\/\/www.hashtag.al\/index.php\/wp-json\/wp\/v2\/users\/51"}],"replies":[{"embeddable":true,"href":"https:\/\/www.hashtag.al\/index.php\/wp-json\/wp\/v2\/comments?post=418138"}],"version-history":[{"count":0,"href":"https:\/\/www.hashtag.al\/index.php\/wp-json\/wp\/v2\/posts\/418138\/revisions"}],"wp:featuredmedia":[{"embeddable":true,"href":"https:\/\/www.hashtag.al\/index.php\/wp-json\/wp\/v2\/media\/418139"}],"wp:attachment":[{"href":"https:\/\/www.hashtag.al\/index.php\/wp-json\/wp\/v2\/media?parent=418138"}],"wp:term":[{"taxonomy":"category","embeddable":true,"href":"https:\/\/www.hashtag.al\/index.php\/wp-json\/wp\/v2\/categories?post=418138"},{"taxonomy":"post_tag","embeddable":true,"href":"https:\/\/www.hashtag.al\/index.php\/wp-json\/wp\/v2\/tags?post=418138"}],"curies":[{"name":"wp","href":"https:\/\/api.w.org\/{rel}","templated":true}]}}