{"id":418122,"date":"2020-12-15T14:27:28","date_gmt":"2020-12-15T13:27:28","guid":{"rendered":"https:\/\/hashtag.al\/?p=418122"},"modified":"2020-12-15T14:27:28","modified_gmt":"2020-12-15T13:27:28","slug":"rama-simboli-e-pengu-i-dhunes-se-aleances-se-tij-me-krimi-e-oligarket-te-hetohet-ardi-veliu-basha","status":"publish","type":"post","link":"https:\/\/www.hashtag.al\/index.php\/2020\/12\/15\/rama-simboli-e-pengu-i-dhunes-se-aleances-se-tij-me-krimi-e-oligarket-te-hetohet-ardi-veliu-basha\/","title":{"rendered":"&#8220;Rama simboli e pengu i dhun\u00ebs s\u00eb aleanc\u00ebs s\u00eb tij me krimi e oligark\u00ebt, t\u00eb hetohet Ardi Veliu&#8221; &#8211; Basha","gt_translate_keys":[{"key":"rendered","format":"text"}]},"content":{"rendered":"<p><img loading=\"lazy\" decoding=\"async\" class=\"aligncenter size-full wp-image-418123\" src=\"https:\/\/hashtag.al\/wp-content\/uploads\/2020\/12\/basha2.jpg\" alt=\"\" width=\"1250\" height=\"700\" srcset=\"https:\/\/www.hashtag.al\/wp-content\/uploads\/2020\/12\/basha2.jpg 1250w, https:\/\/www.hashtag.al\/wp-content\/uploads\/2020\/12\/basha2-300x168.jpg 300w, https:\/\/www.hashtag.al\/wp-content\/uploads\/2020\/12\/basha2-768x430.jpg 768w, https:\/\/www.hashtag.al\/wp-content\/uploads\/2020\/12\/basha2-1024x573.jpg 1024w\" sizes=\"auto, (max-width: 1250px) 100vw, 1250px\" \/><\/p>\n<p><span style=\"color: #000000;\">Kreu i PD-s\u00eb, Basha, tha se kryeministri Rama \u00ebsht\u00eb peng i dhun\u00ebs nga aleanca e tij me krimin e oligark\u00ebt. <\/span><\/p>\n<p><span style=\"color: #000000;\">Kryedemokrati theksoi se kreu i qeveris\u00eb \u00ebsht\u00eb simboli i dhun\u00ebs dhe k\u00ebt\u00eb e ka treguar gjat\u00eb gjith\u00eb qeverisjes s\u00eb tij 7-vje\u00e7are. <\/span><\/p>\n<p><span style=\"color: #000000;\">Basha theksoi se m\u00eb 25 prill shqiptar\u00ebt do e largojn\u00eb kryeministrin Rama dhe qeverisjen e tij kriminale.<\/span><\/p>\n<p><span style=\"color: #000000;\"><em>\u201cRama \u00ebsht\u00eb pengu i dhun\u00ebs nga aleanca me krimin e oligark\u00ebt. Ai \u00ebsht\u00eb simboli i dhun\u00ebs. \u00cbsht\u00eb personifikimi i dhun\u00ebs, shkat\u00ebrroi mij\u00ebra sht\u00ebpi. Nxorri me dhun\u00eb e gaz f\u00ebmij\u00ebt 5-vje\u00e7ar e dhunoi grat\u00eb e pleqt\u00eb. Apo dhun\u00ebn ndaj qytetar\u00ebve te Teatri Komb\u00ebtar. Dhun\u00ebn ndaj 13-vje\u00e7ar\u00ebve dit\u00ebt e fundit. Arrestimin e dhun\u00ebs ndaj grave t\u00eb Unaza e R\u00eb. D\u00ebnoj dhun\u00ebn e shtetit policor t\u00eb regjimit t\u00eb tij. Kam k\u00ebrkuar hetimin e dhun\u00ebs s\u00eb Ardi Veliut e nj\u00eb grushti polic\u00ebsh q\u00eb b\u00ebjn\u00eb me turp pjes\u00ebn d\u00ebrrmuese t\u00eb policis\u00eb. Ai \u00ebsht\u00eb e keqja q\u00eb do e largojm\u00eb me 25 prill.\u201d<\/em> \u2013 tha Basha.<\/span><\/p>\n","protected":false,"gt_translate_keys":[{"key":"rendered","format":"html"}]},"excerpt":{"rendered":"<p>Kreu i PD-s\u00eb, Basha, tha se kryeministri Rama \u00ebsht\u00eb peng i dhun\u00ebs nga aleanca e tij me krimin e oligark\u00ebt. Kryedemokrati theksoi se kreu i qeveris\u00eb \u00ebsht\u00eb simboli i dhun\u00ebs dhe k\u00ebt\u00eb e ka treguar gjat\u00eb gjith\u00eb qeverisjes s\u00eb tij 7-vje\u00e7are. Basha theksoi se m\u00eb 25 prill shqiptar\u00ebt do e largojn\u00eb kryeministrin Rama dhe qeverisjen [&hellip;]<\/p>\n","protected":false,"gt_translate_keys":[{"key":"rendered","format":"html"}]},"author":51,"featured_media":418123,"comment_status":"open","ping_status":"open","sticky":false,"template":"","format":"standard","meta":{"footnotes":""},"categories":[65,13],"tags":[],"class_list":["post-418122","post","type-post","status-publish","format-standard","has-post-thumbnail","hentry","category-lajme","category-te-fundit"],"gt_translate_keys":[{"key":"link","format":"url"}],"_links":{"self":[{"href":"https:\/\/www.hashtag.al\/index.php\/wp-json\/wp\/v2\/posts\/418122","targetHints":{"allow":["GET"]}}],"collection":[{"href":"https:\/\/www.hashtag.al\/index.php\/wp-json\/wp\/v2\/posts"}],"about":[{"href":"https:\/\/www.hashtag.al\/index.php\/wp-json\/wp\/v2\/types\/post"}],"author":[{"embeddable":true,"href":"https:\/\/www.hashtag.al\/index.php\/wp-json\/wp\/v2\/users\/51"}],"replies":[{"embeddable":true,"href":"https:\/\/www.hashtag.al\/index.php\/wp-json\/wp\/v2\/comments?post=418122"}],"version-history":[{"count":0,"href":"https:\/\/www.hashtag.al\/index.php\/wp-json\/wp\/v2\/posts\/418122\/revisions"}],"wp:featuredmedia":[{"embeddable":true,"href":"https:\/\/www.hashtag.al\/index.php\/wp-json\/wp\/v2\/media\/418123"}],"wp:attachment":[{"href":"https:\/\/www.hashtag.al\/index.php\/wp-json\/wp\/v2\/media?parent=418122"}],"wp:term":[{"taxonomy":"category","embeddable":true,"href":"https:\/\/www.hashtag.al\/index.php\/wp-json\/wp\/v2\/categories?post=418122"},{"taxonomy":"post_tag","embeddable":true,"href":"https:\/\/www.hashtag.al\/index.php\/wp-json\/wp\/v2\/tags?post=418122"}],"curies":[{"name":"wp","href":"https:\/\/api.w.org\/{rel}","templated":true}]}}