{"id":418082,"date":"2020-12-15T12:24:48","date_gmt":"2020-12-15T11:24:48","guid":{"rendered":"https:\/\/hashtag.al\/?p=418082"},"modified":"2020-12-15T12:30:20","modified_gmt":"2020-12-15T11:30:20","slug":"rama-kritikon-protestat-por-distancon-nga-dhuna-lulzim-bashen-ai-nuk-ka-lidhje-me-to","status":"publish","type":"post","link":"https:\/\/www.hashtag.al\/index.php\/2020\/12\/15\/rama-kritikon-protestat-por-distancon-nga-dhuna-lulzim-bashen-ai-nuk-ka-lidhje-me-to\/","title":{"rendered":"Rama kritikon protestat por distancon nga dhuna Lulzim Bash\u00ebn: Ai nuk ka lidhje me to","gt_translate_keys":[{"key":"rendered","format":"text"}]},"content":{"rendered":"<p><a href=\"https:\/\/hashtag.al\/wp-content\/uploads\/2020\/12\/rama-6.jpg\"><img loading=\"lazy\" decoding=\"async\" class=\"aligncenter size-full wp-image-418084\" src=\"https:\/\/hashtag.al\/wp-content\/uploads\/2020\/12\/rama-6.jpg\" alt=\"\" width=\"970\" height=\"509\" srcset=\"https:\/\/www.hashtag.al\/wp-content\/uploads\/2020\/12\/rama-6.jpg 970w, https:\/\/www.hashtag.al\/wp-content\/uploads\/2020\/12\/rama-6-300x157.jpg 300w, https:\/\/www.hashtag.al\/wp-content\/uploads\/2020\/12\/rama-6-768x403.jpg 768w\" sizes=\"auto, (max-width: 970px) 100vw, 970px\" \/><\/a><\/p>\n<p><span style=\"color: #000000;\">Kryeministri Edi Rama ka komentuar n\u00eb konferenc\u00ebn e sotme, protestat 6-ditore p\u00ebr vrasjen e 25-vje\u00e7arit Klodian Rasha nga efektivi i policis\u00eb Navaldo Hajdaraj.<\/span><\/p>\n<p><span style=\"color: #000000;\">Rama p\u00ebrs\u00ebriti deklaratat se n\u00eb k\u00ebt\u00eb protest\u00eb f\u00ebmij\u00ebt po p\u00ebrdoren, duke i krahasuar organizator\u00ebt e k\u00ebtyre protestave me organizat\u00ebn terroriste t\u00eb Boko Haramit.<\/span><\/p>\n<p><span style=\"color: #000000;\">Sipas tij, pas k\u00ebtyre protestave q\u00ebndron presidenti Ilir Meta dhe Sali Berisha, nd\u00ebrsa e diferencon kreun aktual t\u00eb PD-s\u00eb Lulzim Bash\u00ebn. Rama thot\u00eb se Basha s&#8217;ka lidhje me k\u00ebto protesta, por heshtja e tij sipas tij legjitimon dhun\u00ebn.<\/span><\/p>\n<p><em><span style=\"color: #000000;\">&#8220;SH\u00c7BA, ka marr\u00eb menj\u00ebher\u00eb p\u00ebrsip\u00ebr at\u00eb q\u00eb i takonte sepse nuk mundte dot Policia e shtetit t\u00eb hetonte di\u00e7ka q\u00eb kishte ardhur si rezultat i nj\u00eb veprimi ekstrem t\u00eb nj\u00eb punonj\u00ebsi policie. Dhe n\u00eb fund autori jo vet\u00ebm u ndalua menj\u00ebher\u00eb por doli edhe p\u00ebrpara gjyqit. At\u00ebhere \u00e7far\u00eb duan k\u00ebta? T\u00eb vazhdojn\u00eb ciklin e revolucionit imagjinar q\u00eb prej dy vjet\u00ebsh g\u00eblon n\u00eb rradaken e Ilir Met\u00ebs e Sali Berish\u00ebs.<\/span><\/em><\/p>\n<p><span style=\"color: #000000;\"><em>M\u00eb vjen keq p\u00ebr Lulzim Bash\u00ebn sepse ky rast tregon se ky \u00ebsht\u00eb nj\u00eb lider pa karakter. Kjo nuk \u00ebsht\u00eb vep\u00ebr e Lulzim Bash\u00ebs. Jam i bindur se Basha nuk ka asnj\u00eb lidhje me ato q\u00eb ndodhin, por kjo e b\u00ebn dyfish fajtor sepse kjo nuk \u00ebsht\u00eb rruga p\u00ebr t\u00eb ardhur n\u00eb pushtet. Sepse n\u00eb pushtet vihet me zgjedhje.&#8221;<\/em>&#8211; deklaroi Rama.<\/span><\/p>\n<p><strong><span style=\"color: #000000;\">Pjes\u00eb nga fjala e Ram\u00ebs<\/span><\/strong><\/p>\n<p><span style=\"color: #000000;\">Qeverit\u00eb shkojn\u00eb dhe vin\u00eb, por n\u00eb fund t\u00eb dit\u00ebs askush nuk lind e nuk vdes kryeminist\u00ebr, pasi je qytetar\u00eb i k\u00ebtij vendi, je prind n\u00eb k\u00ebt\u00eb vend, je edhe pasues i t\u00eb tjer\u00ebve q\u00eb kan\u00eb qen\u00eb p\u00ebrpara, si banor\u00eb t\u00eb k\u00ebtij vendi, dhe t\u00eb tjer\u00eb pas teje do t\u00eb vijn\u00eb. \u00cbsht\u00eb p\u00ebrtej skandalozes, \u00ebsht\u00eb nj\u00eb turp i pashoq, q\u00eb t\u00eb shoh\u00ebsh njer\u00ebz, q\u00eb edhe pse kan\u00eb arsyet e tyre, q\u00eb t\u00eb arrijn\u00eb deri n\u00eb k\u00ebt\u00eb pik\u00eb.\u00a0<\/span><\/p>\n<p><span style=\"color: #000000;\">I riabuzojn\u00eb t\u00eb miturit, duke i p\u00ebrdorur si argument p\u00ebr t\u00eb vazhduar t\u00eb pikturojn\u00eb nj\u00eb panoram\u00eb t\u00eb nj\u00eb revolucioni, q\u00eb kan\u00eb koh\u00eb q\u00eb e nxisin dhe e presin, \u00ebsht\u00eb r\u00ebnie n\u00eb nj\u00eb nivel q\u00eb nga pik\u00ebpamha humane \u00ebsht\u00eb katastrof\u00eb. Nuk gjej fjal\u00ebt q\u00eb t\u00eb arsyetoj analist\u00eb q\u00eb predikojn\u00eb dhun\u00ebn, komentator\u00eb q\u00eb relativizioj\u00ebn vandalizimin, opinionist\u00eb q\u00eb agrumentojn\u00eb se \u00e7far\u00eb vlere ka p\u00ebr shoq\u00ebrin\u00eb djegia e pron\u00ebs publike.<\/span><\/p>\n<p><span style=\"color: #000000;\">\u00c7a jan\u00eb k\u00ebta, \u00e7a jan\u00eb k\u00ebta, kush \u00ebsht\u00eb shqet\u00ebsimi sot, se po flas shum\u00eb i zhveshur nga pozicioni. Boko Harami \u00ebsht\u00eb nj\u00eb organizat\u00eb fatkeqe terroriste, ka marr\u00eb stafet\u00ebn e t\u00eb tjera forcave q\u00eb kan\u00eb shfryt\u00ebzuar t\u00eb miturit, si mund t\u00eb ndodh\u00eb kjo n\u00eb Shqip\u00ebri.<\/span><\/p>\n<p><span style=\"color: #000000;\">Nuk jan\u00eb ata f\u00ebmij\u00eb t\u00eb vet\u00ebdijsh\u00ebm p\u00ebr at\u00eb q\u00eb b\u00ebjn\u00eb, nuk jan\u00eb ata t\u00eb motivuar nga politika n\u00eb qenien e tyre, apo nga ideja e nj\u00eb drejt\u00ebsie. Ata f\u00ebmij\u00eb jan\u00eb sot t\u00eb abuzuar, jan\u00eb t\u00eb p\u00ebrdorur si mish p\u00ebr top.<\/span><\/p>\n<p><span style=\"color: #000000;\">\u00a0Si mundet t\u00eb them un\u00eb q\u00eb ata minoren\u00eb q\u00eb vandalizuan selin\u00eb e PS-s\u00eb n\u00eb Shkod\u00ebr jan\u00eb t\u00eb vet\u00ebdijsh\u00ebm p\u00ebr at\u00eb q\u00eb b\u00ebjn\u00eb, ata kan\u00eb problematikat e tyre, por ata q\u00eb jan\u00eb pas tyre jan\u00eb kriminel\u00eb.<\/span><\/p>\n<p><span style=\"color: #000000;\">\u00c7far\u00eb i thon\u00eb k\u00ebta popullit shqiptar? Protesta \u00ebsht\u00eb nj\u00eb e drejt\u00eb e legjitimuar, por kjo s\u2019do t\u00eb thot\u00eb se protestuesi ka gjithmon\u00eb t\u00eb drejt\u00eb<\/span><\/p>\n<p><span style=\"color: #000000;\">Qeveria mund t\u00eb ket\u00eb nj\u00ebmij\u00eb e nj\u00eb arsye p\u00ebr t\u2019u kontestuar, por kontestimi b\u00ebhet me protest\u00eb paq\u00ebsore dhe b\u00ebhet me vot\u00eb. Kthehuni pak pas n\u00eb koh\u00eb n\u00eb qeverisjen ton\u00eb, cilat kan\u00eb qen\u00eb protestat q\u00eb kan\u00eb funksionuar, protestat e dhunshme apo ato paq\u00ebsore.<\/span><\/p>\n<p><span style=\"color: #000000;\">Nuk vendoset n\u00eb rrug\u00eb se kush ik\u00ebn e kush rri. Vendoset n\u00eb baz\u00eb t\u00eb \u00e7far\u00eb \u00ebsht\u00eb e drejt\u00eb dhe ishte e drejt\u00eb q\u00eb qeveria t\u00eb k\u00ebrkonte ndjes\u00eb, jo se kishte gisht n\u00eb tragjedin\u00eb q\u00eb ndodhi por sepse djalin 25-vje\u00e7ar e vrau arma e shtetit. Ishte e drejt\u00eb q\u00eb ministri i Brendsh\u00ebm t\u00eb k\u00ebmb\u00ebngulte q\u00eb duhej t\u00eb largohej, jo se kishte p\u00ebrgjegj\u00ebsi as direkte as indirekte n\u00eb ngjarje por sepse ishte e drejt\u00eb q\u00eb mesazhi i pjes\u00ebmarrjes n\u00eb dhimbjen e asaj familje mos t\u00eb ishte vet\u00ebm me fjal\u00eb dhe q\u00eb moralisht t\u00eb thoshte at\u00eb q\u00eb tha.<\/span><\/p>\n<p><span style=\"color: #000000;\">Por k\u00ebto nuk jan\u00eb b\u00ebr\u00eb si rezultat i protest\u00ebs, q\u00eb t\u00eb jemi t\u00eb qart\u00eb. Edhe un\u00eb pot \u00eb mos isha kryeminist\u00ebr do t\u00eb kisha dal\u00eb n\u00eb protest\u00eb, por jo n\u00eb k\u00ebto protesta. N\u00eb protest\u00ebn e par\u00eb p\u00ebr t\u00eb d\u00ebshmuar indinjat\u00ebn qytetarisht dhe p\u00ebr t\u00eb f\u00ebshmuar vendosm\u00ebrin\u00eb qytetare p\u00ebr t\u00eb k\u00ebkruar drejt\u00ebsi.<\/span><\/p>\n<p><span style=\"color: #000000;\">Mos harroni thelbin q\u00eb qysh n\u00eb momentin e par\u00eb ndaj ngjarjes \u00ebsht\u00eb mbajtur q\u00ebndrimi m\u00eb korrekt dhe m\u00eb professional dhe sikur t\u00eb mos ishin disa nga ju mediat, sigurisht q\u00eb ngjarja dhe q\u00ebndrimi ndaj saj nuk do ishin ndotur nga lloj lloj marr\u00ebzish q\u00eb jan\u00eb shkruar.<\/span><\/p>\n<p><span style=\"color: #000000;\">SH\u00c7BA, ka marr\u00eb menj\u00ebher\u00eb p\u00ebrsip\u00ebr at\u00eb q\u00eb i takonte sepse nuk mundte dot Policia e shtetit t\u00eb hetonte di\u00e7ka q\u00eb kishte ardhur si rezultat i nj\u00eb veprimi ekstrem t\u00eb nj\u00eb punonj\u00ebsi policie. Dhe n\u00eb fund autori jo vet\u00ebm u ndalua menj\u00ebher\u00eb por doli edhe p\u00ebrpara gjyqit. At\u00ebhere \u00e7far\u00eb duan k\u00ebta? T\u00eb vazhdojn\u00eb ciklin e revolucionit imagjinar q\u00eb prej dy vjet\u00ebsh g\u00eblon n\u00eb rradaken e Ilir Met\u00ebs e Sali Berish\u00ebs.<\/span><\/p>\n<p><span style=\"color: #000000;\">M\u00eb vjen keq p\u00ebr Lulzim Bash\u00ebn sepse ky rast tregon se ky \u00ebsht\u00eb nj\u00eb lider pa karakter. Kjo nuk \u00ebsht\u00eb vep\u00ebr e Lulzim Bash\u00ebs. Jam i bindur se Basha nuk ka asnj\u00eb lidhje me ato q\u00eb ndodhin, por kjo e b\u00ebn dyfish fajtor sepse kjo nuk \u00ebsht\u00eb rruga p\u00ebr t\u00eb ardhur n\u00eb pushtet. Sepse n\u00eb pushtet vihet me zgjedhje.<\/span><\/p>\n","protected":false,"gt_translate_keys":[{"key":"rendered","format":"html"}]},"excerpt":{"rendered":"<p>Kryeministri Edi Rama ka komentuar n\u00eb konferenc\u00ebn e sotme, protestat 6-ditore p\u00ebr vrasjen e 25-vje\u00e7arit Klodian Rasha nga efektivi i policis\u00eb Navaldo Hajdaraj. Rama p\u00ebrs\u00ebriti deklaratat se n\u00eb k\u00ebt\u00eb protest\u00eb f\u00ebmij\u00ebt po p\u00ebrdoren, duke i krahasuar organizator\u00ebt e k\u00ebtyre protestave me organizat\u00ebn terroriste t\u00eb Boko Haramit. Sipas tij, pas k\u00ebtyre protestave q\u00ebndron presidenti Ilir Meta [&hellip;]<\/p>\n","protected":false,"gt_translate_keys":[{"key":"rendered","format":"html"}]},"author":30,"featured_media":418083,"comment_status":"open","ping_status":"open","sticky":false,"template":"","format":"standard","meta":{"footnotes":""},"categories":[22,65],"tags":[],"class_list":["post-418082","post","type-post","status-publish","format-standard","has-post-thumbnail","hentry","category-ballina","category-lajme"],"gt_translate_keys":[{"key":"link","format":"url"}],"_links":{"self":[{"href":"https:\/\/www.hashtag.al\/index.php\/wp-json\/wp\/v2\/posts\/418082","targetHints":{"allow":["GET"]}}],"collection":[{"href":"https:\/\/www.hashtag.al\/index.php\/wp-json\/wp\/v2\/posts"}],"about":[{"href":"https:\/\/www.hashtag.al\/index.php\/wp-json\/wp\/v2\/types\/post"}],"author":[{"embeddable":true,"href":"https:\/\/www.hashtag.al\/index.php\/wp-json\/wp\/v2\/users\/30"}],"replies":[{"embeddable":true,"href":"https:\/\/www.hashtag.al\/index.php\/wp-json\/wp\/v2\/comments?post=418082"}],"version-history":[{"count":0,"href":"https:\/\/www.hashtag.al\/index.php\/wp-json\/wp\/v2\/posts\/418082\/revisions"}],"wp:featuredmedia":[{"embeddable":true,"href":"https:\/\/www.hashtag.al\/index.php\/wp-json\/wp\/v2\/media\/418083"}],"wp:attachment":[{"href":"https:\/\/www.hashtag.al\/index.php\/wp-json\/wp\/v2\/media?parent=418082"}],"wp:term":[{"taxonomy":"category","embeddable":true,"href":"https:\/\/www.hashtag.al\/index.php\/wp-json\/wp\/v2\/categories?post=418082"},{"taxonomy":"post_tag","embeddable":true,"href":"https:\/\/www.hashtag.al\/index.php\/wp-json\/wp\/v2\/tags?post=418082"}],"curies":[{"name":"wp","href":"https:\/\/api.w.org\/{rel}","templated":true}]}}