{"id":418079,"date":"2020-12-15T12:05:46","date_gmt":"2020-12-15T11:05:46","guid":{"rendered":"https:\/\/hashtag.al\/?p=418079"},"modified":"2020-12-15T12:05:46","modified_gmt":"2020-12-15T11:05:46","slug":"rama-pavaresisht-pandemise-pensionistet-do-e-marrin-shperblimin-per-vit-te-ri","status":"publish","type":"post","link":"https:\/\/www.hashtag.al\/index.php\/2020\/12\/15\/rama-pavaresisht-pandemise-pensionistet-do-e-marrin-shperblimin-per-vit-te-ri\/","title":{"rendered":"Rama: Pavar\u00ebsisht pandemis\u00eb, pensionist\u00ebt do e marrin shp\u00ebrblimin p\u00ebr Vit t\u00eb Ri","gt_translate_keys":[{"key":"rendered","format":"text"}]},"content":{"rendered":"<p><a href=\"https:\/\/hashtag.al\/wp-content\/uploads\/2020\/12\/rama-4.jpg\"><img loading=\"lazy\" decoding=\"async\" class=\"aligncenter size-full wp-image-418080\" src=\"https:\/\/hashtag.al\/wp-content\/uploads\/2020\/12\/rama-4.jpg\" alt=\"\" width=\"970\" height=\"509\" srcset=\"https:\/\/www.hashtag.al\/wp-content\/uploads\/2020\/12\/rama-4.jpg 970w, https:\/\/www.hashtag.al\/wp-content\/uploads\/2020\/12\/rama-4-300x157.jpg 300w, https:\/\/www.hashtag.al\/wp-content\/uploads\/2020\/12\/rama-4-768x403.jpg 768w\" sizes=\"auto, (max-width: 970px) 100vw, 970px\" \/><\/a><\/p>\n<p><span style=\"color: #000000;\">N\u00eb konferenc\u00ebn e sotme p\u00ebr mediat, kryeministri Edi Rama ka deklaruar se pavar\u00ebsisht kriz\u00ebs s\u00eb pandemis\u00eb, pensionist\u00ebt do ta marrin shp\u00ebrblimin p\u00ebr vit t\u00eb ri si \u00e7do her\u00eb tjet\u00ebr.<\/span><\/p>\n<p><span style=\"color: #000000;\"><em>\u201cNe po p\u00ebrgatisim aktin normativ dhe pavar\u00ebsisht gjith\u00eb k\u00ebtyre pengesave t\u00eb befasishme me t\u00eb cil\u00ebt na ka ndeshur t\u00ebrmeti dhe pandemia ne do vendosim 34 mln dollar\u00eb p\u00ebr pensionist\u00ebt p\u00ebr vitin e ri<\/em>&#8221; &#8211; tha Rama.<\/span><\/p>\n<p><span style=\"color: #000000;\">Ai e b\u00ebri k\u00ebt\u00eb deklarat\u00eb nd\u00ebrsa fliste p\u00ebr buxhetin e vitit 2021, q\u00eb sipas tij garanton mb\u00ebshtetje financare p\u00ebr t\u00eb gjith\u00eb ata q\u00eb kan\u00eb nevoj\u00eb.<\/span><\/p>\n<p><em><span style=\"color: #000000;\">&#8220;Buxheti i vitit t\u00eb ardhsh\u00ebm garanton nj\u00eb volum t\u00eb konsideruesh\u00ebm mb\u00ebshtetje financiare p\u00ebr ata q\u00eb jan\u00eb n\u00eb nevoj\u00eb. Familjet me ndihm\u00eb ekonomike do marrin dyfishin deri n\u00eb p\u00ebrfundim t\u00eb k\u00ebsaj lufte me armikun e paduksh\u00ebm. Mjek\u00ebt, infermier\u00ebt do ken\u00eb nj\u00eb rritje jasht\u00ebzakonisht t\u00eb q\u00ebn\u00ebsishme t\u00eb pag\u00ebs s\u00eb tyre. Po t\u00eb kthehemi n\u00eb koh\u00eb dhe t\u00eb shohim se mjek\u00ebt paguheshin me 340 mij\u00eb lek\u00eb t\u00eb vjetra, e kupton se ku kemi ardhur. Transformimi i struktur\u00ebs me standarte europiane do t\u00eb vazhdoj\u00eb. Kemi nj\u00eb front jasht\u00ebzakonisht sfidues me luft\u00ebn kund\u00ebr armikut t\u00eb paduksh\u00ebm p\u00ebr t\u00eb cil\u00ebn duhet t\u00eb financojm\u00eb masivisht p\u00ebr t\u00eb garantuar vaksinimin e qytetar\u00ebve falas. P\u00ebr \u00e7do qytetar q\u00eb do d\u00ebshiroj t\u00eb vaksinohet, ajo do t\u00eb jet\u00eb falas.<\/span><\/em><br \/>\n<span style=\"color: #000000;\"><em>Do vazhdojm\u00eb t\u00eb kthejm\u00eb n\u00eb sht\u00ebpi njer\u00ebzit. Deri kur familja e fundit n\u00eb pritje t\u00eb sht\u00ebpis\u00eb s\u00eb re t\u00eb futen brenda nd\u00ebrtesave. Keni par\u00eb q\u00eb po nd\u00ebrtohen shkolla q\u00eb nuk kan\u00eb asnj\u00eb gj\u00eb m\u00eb pak se ato n\u00eb Franc\u00eb apo n\u00eb vende t\u00eb tjera. Edhe kopshtet jan\u00eb t\u00eb nj\u00eb niveli tjet\u00ebr. Mbani parasysh q\u00eb ka nj\u00eb s\u00ebr strukturash sh\u00ebndet\u00ebsore q\u00eb do rind\u00ebrtohen paralelisht.\u201d<\/em>&#8211; deklaroi Rama.<\/span><\/p>\n","protected":false,"gt_translate_keys":[{"key":"rendered","format":"html"}]},"excerpt":{"rendered":"<p>N\u00eb konferenc\u00ebn e sotme p\u00ebr mediat, kryeministri Edi Rama ka deklaruar se pavar\u00ebsisht kriz\u00ebs s\u00eb pandemis\u00eb, pensionist\u00ebt do ta marrin shp\u00ebrblimin p\u00ebr vit t\u00eb ri si \u00e7do her\u00eb tjet\u00ebr. \u201cNe po p\u00ebrgatisim aktin normativ dhe pavar\u00ebsisht gjith\u00eb k\u00ebtyre pengesave t\u00eb befasishme me t\u00eb cil\u00ebt na ka ndeshur t\u00ebrmeti dhe pandemia ne do vendosim 34 mln [&hellip;]<\/p>\n","protected":false,"gt_translate_keys":[{"key":"rendered","format":"html"}]},"author":30,"featured_media":418080,"comment_status":"open","ping_status":"open","sticky":false,"template":"","format":"standard","meta":{"footnotes":""},"categories":[65,13],"tags":[],"class_list":["post-418079","post","type-post","status-publish","format-standard","has-post-thumbnail","hentry","category-lajme","category-te-fundit"],"gt_translate_keys":[{"key":"link","format":"url"}],"_links":{"self":[{"href":"https:\/\/www.hashtag.al\/index.php\/wp-json\/wp\/v2\/posts\/418079","targetHints":{"allow":["GET"]}}],"collection":[{"href":"https:\/\/www.hashtag.al\/index.php\/wp-json\/wp\/v2\/posts"}],"about":[{"href":"https:\/\/www.hashtag.al\/index.php\/wp-json\/wp\/v2\/types\/post"}],"author":[{"embeddable":true,"href":"https:\/\/www.hashtag.al\/index.php\/wp-json\/wp\/v2\/users\/30"}],"replies":[{"embeddable":true,"href":"https:\/\/www.hashtag.al\/index.php\/wp-json\/wp\/v2\/comments?post=418079"}],"version-history":[{"count":0,"href":"https:\/\/www.hashtag.al\/index.php\/wp-json\/wp\/v2\/posts\/418079\/revisions"}],"wp:featuredmedia":[{"embeddable":true,"href":"https:\/\/www.hashtag.al\/index.php\/wp-json\/wp\/v2\/media\/418080"}],"wp:attachment":[{"href":"https:\/\/www.hashtag.al\/index.php\/wp-json\/wp\/v2\/media?parent=418079"}],"wp:term":[{"taxonomy":"category","embeddable":true,"href":"https:\/\/www.hashtag.al\/index.php\/wp-json\/wp\/v2\/categories?post=418079"},{"taxonomy":"post_tag","embeddable":true,"href":"https:\/\/www.hashtag.al\/index.php\/wp-json\/wp\/v2\/tags?post=418079"}],"curies":[{"name":"wp","href":"https:\/\/api.w.org\/{rel}","templated":true}]}}