{"id":418074,"date":"2020-12-15T11:57:24","date_gmt":"2020-12-15T10:57:24","guid":{"rendered":"https:\/\/hashtag.al\/?p=418074"},"modified":"2020-12-15T12:00:09","modified_gmt":"2020-12-15T11:00:09","slug":"arben-ahmetaj-bizneset-e-vogla-u-trefishuan-gjate-2020-es","status":"publish","type":"post","link":"https:\/\/www.hashtag.al\/index.php\/2020\/12\/15\/arben-ahmetaj-bizneset-e-vogla-u-trefishuan-gjate-2020-es\/","title":{"rendered":"Arben Ahmetaj: Bizneset e vogla u trefishuan gjat\u00eb 2020-\u00ebs","gt_translate_keys":[{"key":"rendered","format":"text"}]},"content":{"rendered":"<p><a href=\"https:\/\/hashtag.al\/wp-content\/uploads\/2020\/12\/1608027861_ahmetaj7.jpg\"><img loading=\"lazy\" decoding=\"async\" class=\"aligncenter size-full wp-image-418075\" src=\"https:\/\/hashtag.al\/wp-content\/uploads\/2020\/12\/1608027861_ahmetaj7.jpg\" alt=\"\" width=\"780\" height=\"440\" srcset=\"https:\/\/www.hashtag.al\/wp-content\/uploads\/2020\/12\/1608027861_ahmetaj7.jpg 780w, https:\/\/www.hashtag.al\/wp-content\/uploads\/2020\/12\/1608027861_ahmetaj7-300x169.jpg 300w, https:\/\/www.hashtag.al\/wp-content\/uploads\/2020\/12\/1608027861_ahmetaj7-768x433.jpg 768w\" sizes=\"auto, (max-width: 780px) 100vw, 780px\" \/><\/a><\/p>\n<p><span style=\"color: #000000;\">Ministri i Rind\u00ebrtimit, Arben Ahmetaj deklaroi n\u00eb nj\u00eb konferenc\u00eb p\u00ebr shtyp, se k\u00ebt\u00eb vit \u00ebsht\u00eb 3 fishuar numri i bizneseve t\u00eb vogla, p\u00ebrkund\u00ebr deklaratave t\u00eb opozit\u00ebs.<\/span><\/p>\n<p><span style=\"color: #000000;\">\u00a0Ahmetaj theksoi se p\u00ebr buxhetin e 2021, fokusi kryesor \u00ebsht\u00eb politika fiskale.<\/span><\/p>\n<p><em><span style=\"color: #000000;\">&#8220;Dua t\u00eb ndaloj te biznesi i vog\u00ebl. Numri i bizneseve t\u00eb vogla \u00ebsht\u00eb rritur 3 her\u00eb m\u00eb shum\u00eb. N\u00eb 2020 jan\u00eb 103 mij\u00eb biznese t\u00eb vogla. 57,251 n\u00eb vitin 2013 dhe 151,673 t\u00eb pun\u00ebsuarit n\u00eb biznesin e vog\u00ebl n\u00eb vitin 2020. Tek biznesi i vog\u00ebl ka nj\u00eb trajtim social. Synimi i 2021 \u00ebsht\u00eb taksimi 0. Trajtimi i familjes n\u00eb biznesin e vog\u00ebl, nj\u00eb nga an\u00ebtar\u00ebt i familjes nuk taksohet dhe paguan vet\u00ebm sigurin\u00eb sh\u00ebndet\u00ebsore. 0 taksa p\u00ebr biznesin e vog\u00ebl. Un\u00eb i referohem si premtim i mbajtur, kush fiton m\u00eb shum\u00eb paguan m\u00eb shum\u00eb. \u00cbsht\u00eb premtim social i mbajtur. N\u00eb themel t\u00eb k\u00ebtij buxheti ka pasur v\u00ebmendjen n\u00eb pag\u00ebn mesatare por dhe t\u00eb pag\u00ebs s\u00eb administrat\u00ebs.<\/span><\/em><\/p>\n<p><span style=\"color: #000000;\"><em>Politika e pagave n\u00eb sh\u00ebndet\u00ebsi p\u00ebr infermier\u00ebt, n\u00eb 2013 ka qen\u00eb 360 mij\u00eb lek\u00eb. Sot \u00ebsht\u00eb t\u00eb pakt\u00ebn 600 mij\u00eb lek\u00eb t\u00eb vjetra. Personi q\u00eb paguhet m\u00eb pak n\u00eb administrat\u00eb \u00ebsht\u00eb 380 mij\u00eb lek\u00eb.Sot n\u00eb Shqip\u00ebri jan\u00eb 781 mij\u00eb kontribuesve nd\u00ebrsa n\u00eb 2013 ishin m\u00eb shum\u00eb se 561 mij\u00eb. Pensioni social \u00ebsht\u00eb 74 mij\u00eb lek\u00eb t\u00eb vjetra, \u00ebsht\u00eb pak. Por t\u00eb pakt\u00ebn \u00ebsht\u00eb m\u00eb mir\u00eb se sa 7 vite m\u00eb par\u00eb kur ishte zero&#8221;<\/em> &#8211; deklaroi Ahmetaj.<\/span><\/p>\n<p><span style=\"color: #000000;\">N\u00eb k\u00ebt\u00eb konferenc\u00eb, Ahmetaj ishte i shoq\u00ebruar nga kryeministri Edi Rama dhe ministrja e Ekonomis\u00eb dhe e Financave, Anila Denaj. Kjo e fundit foli p\u00ebr buxhetin e 2021-shit q\u00eb presidenti Ilir Meta e ktheu n\u00eb Kuvend. Sipas Denajt, ky buxhet do miratohet dhe ka si synim uljen e papun\u00ebsis\u00eb.<\/span><\/p>\n","protected":false,"gt_translate_keys":[{"key":"rendered","format":"html"}]},"excerpt":{"rendered":"<p>Ministri i Rind\u00ebrtimit, Arben Ahmetaj deklaroi n\u00eb nj\u00eb konferenc\u00eb p\u00ebr shtyp, se k\u00ebt\u00eb vit \u00ebsht\u00eb 3 fishuar numri i bizneseve t\u00eb vogla, p\u00ebrkund\u00ebr deklaratave t\u00eb opozit\u00ebs. \u00a0Ahmetaj theksoi se p\u00ebr buxhetin e 2021, fokusi kryesor \u00ebsht\u00eb politika fiskale. &#8220;Dua t\u00eb ndaloj te biznesi i vog\u00ebl. Numri i bizneseve t\u00eb vogla \u00ebsht\u00eb rritur 3 her\u00eb m\u00eb [&hellip;]<\/p>\n","protected":false,"gt_translate_keys":[{"key":"rendered","format":"html"}]},"author":30,"featured_media":418075,"comment_status":"open","ping_status":"open","sticky":false,"template":"","format":"standard","meta":{"footnotes":""},"categories":[65,13],"tags":[],"class_list":["post-418074","post","type-post","status-publish","format-standard","has-post-thumbnail","hentry","category-lajme","category-te-fundit"],"gt_translate_keys":[{"key":"link","format":"url"}],"_links":{"self":[{"href":"https:\/\/www.hashtag.al\/index.php\/wp-json\/wp\/v2\/posts\/418074","targetHints":{"allow":["GET"]}}],"collection":[{"href":"https:\/\/www.hashtag.al\/index.php\/wp-json\/wp\/v2\/posts"}],"about":[{"href":"https:\/\/www.hashtag.al\/index.php\/wp-json\/wp\/v2\/types\/post"}],"author":[{"embeddable":true,"href":"https:\/\/www.hashtag.al\/index.php\/wp-json\/wp\/v2\/users\/30"}],"replies":[{"embeddable":true,"href":"https:\/\/www.hashtag.al\/index.php\/wp-json\/wp\/v2\/comments?post=418074"}],"version-history":[{"count":0,"href":"https:\/\/www.hashtag.al\/index.php\/wp-json\/wp\/v2\/posts\/418074\/revisions"}],"wp:featuredmedia":[{"embeddable":true,"href":"https:\/\/www.hashtag.al\/index.php\/wp-json\/wp\/v2\/media\/418075"}],"wp:attachment":[{"href":"https:\/\/www.hashtag.al\/index.php\/wp-json\/wp\/v2\/media?parent=418074"}],"wp:term":[{"taxonomy":"category","embeddable":true,"href":"https:\/\/www.hashtag.al\/index.php\/wp-json\/wp\/v2\/categories?post=418074"},{"taxonomy":"post_tag","embeddable":true,"href":"https:\/\/www.hashtag.al\/index.php\/wp-json\/wp\/v2\/tags?post=418074"}],"curies":[{"name":"wp","href":"https:\/\/api.w.org\/{rel}","templated":true}]}}