{"id":417903,"date":"2020-12-14T15:05:06","date_gmt":"2020-12-14T14:05:06","guid":{"rendered":"https:\/\/hashtag.al\/?p=417903"},"modified":"2020-12-14T15:05:06","modified_gmt":"2020-12-14T14:05:06","slug":"gjiknuri-per-vrasjen-e-25-vjecarit-nga-policia-aksidenti-ndodh-shteti-veproi-menjehere","status":"publish","type":"post","link":"https:\/\/www.hashtag.al\/index.php\/2020\/12\/14\/gjiknuri-per-vrasjen-e-25-vjecarit-nga-policia-aksidenti-ndodh-shteti-veproi-menjehere\/","title":{"rendered":"Gjiknuri p\u00ebr vrasjen e 25-vje\u00e7arit nga policia: Aksidenti ndodh, shteti veproi menj\u00ebher\u00eb","gt_translate_keys":[{"key":"rendered","format":"text"}]},"content":{"rendered":"<p><img loading=\"lazy\" decoding=\"async\" class=\"aligncenter size-full wp-image-417904\" src=\"https:\/\/hashtag.al\/wp-content\/uploads\/2020\/12\/damian-gjiknuri.jpg\" alt=\"\" width=\"1532\" height=\"999\" srcset=\"https:\/\/www.hashtag.al\/wp-content\/uploads\/2020\/12\/damian-gjiknuri.jpg 1532w, https:\/\/www.hashtag.al\/wp-content\/uploads\/2020\/12\/damian-gjiknuri-300x196.jpg 300w, https:\/\/www.hashtag.al\/wp-content\/uploads\/2020\/12\/damian-gjiknuri-768x501.jpg 768w, https:\/\/www.hashtag.al\/wp-content\/uploads\/2020\/12\/damian-gjiknuri-1024x668.jpg 1024w\" sizes=\"auto, (max-width: 1532px) 100vw, 1532px\" \/><\/p>\n<p><span style=\"color: #000000;\">Deputeti socialist Damian Gjiknuri tha se se shteti pati reagim model pas ngjarjes s\u00eb r\u00ebnd\u00eb t\u00eb para pak dit\u00ebve n\u00eb Tiran\u00eb.<\/span><\/p>\n<p><span style=\"color: #000000;\">Ai e quajti vrasjen e 25-vje\u00e7arit Rasha nj\u00eb aksident q\u00eb ndodh por vler\u00ebsoi lart reagimin e institucioneve. <\/span><\/p>\n<p><span style=\"color: #000000;\">Gjiknuri ishte i ftuar n\u00eb Report TV ku pretendoi se ka pasur tendenca nga partit\u00eb politike p\u00ebr t\u00eb manipuluar protestat.<\/span><\/p>\n<p><span style=\"color: #000000;\"><em>&#8220;Aksidenti ndodh, ngjarja qe e r\u00ebnd\u00eb. Polici nuk ka vepruar n\u00eb m\u00ebnyr\u00eb profesionale. Shteti veproi menj\u00ebher\u00eb. Pas p\u00ebrshkall\u00ebzimit t\u00eb protestave pati nj\u00eb dor\u00ebheqje t\u00eb ministrit t\u00eb Brendsh\u00ebm, q\u00eb ishte nj\u00eb akt politik jo si ai kishte p\u00ebrgjegj\u00ebsi. Nga ana tjet\u00ebr p\u00ebrtej motiveve t\u00eb nj\u00eb grupi t\u00eb rinjsh apo organizatave t\u00eb ndryshme, aktet e dhun\u00ebs erdh\u00ebn pasi pati tendenca p\u00ebr manipulim nga partit\u00eb politike.\u201d<\/em> \u2013 tha Gjiknuri.<\/span><\/p>\n<p><span style=\"color: #000000;\">Ai riktheu krahasimin e ngjarjes s\u00eb para pak dit\u00ebve me 21 janarin duke th\u00ebn\u00eb se pas vrasjes s\u00eb kat\u00ebr personave n\u00eb bulevard nuk ka mbajtur p\u00ebrgjegj\u00ebsi askush.<\/span><\/p>\n<p><span style=\"color: #000000;\"><em>\u201cK\u00ebtu ka pasur raste kur jan\u00eb vrar\u00eb njer\u00ebz n\u00eb Bulevard dhe zinxhiri i komandimit t\u00eb Gard\u00ebs jo vet\u00ebm q\u00eb nuk dha dor\u00ebheqjen, por u mbrojt nga ish-qeverisja. Negocioi prokuroria me qeverin\u00eb p\u00ebr hetimin e tyre.&#8221;<\/em> &#8211; tha Gjiknuri.<\/span><\/p>\n","protected":false,"gt_translate_keys":[{"key":"rendered","format":"html"}]},"excerpt":{"rendered":"<p>Deputeti socialist Damian Gjiknuri tha se se shteti pati reagim model pas ngjarjes s\u00eb r\u00ebnd\u00eb t\u00eb para pak dit\u00ebve n\u00eb Tiran\u00eb. Ai e quajti vrasjen e 25-vje\u00e7arit Rasha nj\u00eb aksident q\u00eb ndodh por vler\u00ebsoi lart reagimin e institucioneve. Gjiknuri ishte i ftuar n\u00eb Report TV ku pretendoi se ka pasur tendenca nga partit\u00eb politike p\u00ebr [&hellip;]<\/p>\n","protected":false,"gt_translate_keys":[{"key":"rendered","format":"html"}]},"author":51,"featured_media":417904,"comment_status":"open","ping_status":"open","sticky":false,"template":"","format":"standard","meta":{"footnotes":""},"categories":[65,13],"tags":[],"class_list":["post-417903","post","type-post","status-publish","format-standard","has-post-thumbnail","hentry","category-lajme","category-te-fundit"],"gt_translate_keys":[{"key":"link","format":"url"}],"_links":{"self":[{"href":"https:\/\/www.hashtag.al\/index.php\/wp-json\/wp\/v2\/posts\/417903","targetHints":{"allow":["GET"]}}],"collection":[{"href":"https:\/\/www.hashtag.al\/index.php\/wp-json\/wp\/v2\/posts"}],"about":[{"href":"https:\/\/www.hashtag.al\/index.php\/wp-json\/wp\/v2\/types\/post"}],"author":[{"embeddable":true,"href":"https:\/\/www.hashtag.al\/index.php\/wp-json\/wp\/v2\/users\/51"}],"replies":[{"embeddable":true,"href":"https:\/\/www.hashtag.al\/index.php\/wp-json\/wp\/v2\/comments?post=417903"}],"version-history":[{"count":0,"href":"https:\/\/www.hashtag.al\/index.php\/wp-json\/wp\/v2\/posts\/417903\/revisions"}],"wp:featuredmedia":[{"embeddable":true,"href":"https:\/\/www.hashtag.al\/index.php\/wp-json\/wp\/v2\/media\/417904"}],"wp:attachment":[{"href":"https:\/\/www.hashtag.al\/index.php\/wp-json\/wp\/v2\/media?parent=417903"}],"wp:term":[{"taxonomy":"category","embeddable":true,"href":"https:\/\/www.hashtag.al\/index.php\/wp-json\/wp\/v2\/categories?post=417903"},{"taxonomy":"post_tag","embeddable":true,"href":"https:\/\/www.hashtag.al\/index.php\/wp-json\/wp\/v2\/tags?post=417903"}],"curies":[{"name":"wp","href":"https:\/\/api.w.org\/{rel}","templated":true}]}}