{"id":417791,"date":"2020-12-14T09:49:58","date_gmt":"2020-12-14T08:49:58","guid":{"rendered":"https:\/\/hashtag.al\/?p=417791"},"modified":"2020-12-14T09:49:58","modified_gmt":"2020-12-14T08:49:58","slug":"protestuan-te-merkuren-para-komisariatit-procedohen-10-persona-ne-bulqize","status":"publish","type":"post","link":"https:\/\/www.hashtag.al\/index.php\/2020\/12\/14\/protestuan-te-merkuren-para-komisariatit-procedohen-10-persona-ne-bulqize\/","title":{"rendered":"Protestuan t\u00eb m\u00ebrkur\u00ebn para Komisariatit, procedohen 10 persona n\u00eb Bulqiz\u00eb","gt_translate_keys":[{"key":"rendered","format":"text"}]},"content":{"rendered":"<p><a href=\"https:\/\/hashtag.al\/wp-content\/uploads\/2020\/12\/Bulqiza.jpg\"><img loading=\"lazy\" decoding=\"async\" class=\"aligncenter size-full wp-image-417792\" src=\"https:\/\/hashtag.al\/wp-content\/uploads\/2020\/12\/Bulqiza.jpg\" alt=\"\" width=\"1280\" height=\"720\" srcset=\"https:\/\/www.hashtag.al\/wp-content\/uploads\/2020\/12\/Bulqiza.jpg 1280w, https:\/\/www.hashtag.al\/wp-content\/uploads\/2020\/12\/Bulqiza-300x169.jpg 300w, https:\/\/www.hashtag.al\/wp-content\/uploads\/2020\/12\/Bulqiza-768x432.jpg 768w, https:\/\/www.hashtag.al\/wp-content\/uploads\/2020\/12\/Bulqiza-1024x576.jpg 1024w\" sizes=\"auto, (max-width: 1280px) 100vw, 1280px\" \/><\/a><\/p>\n<p><span style=\"color: #000000;\">Policia n\u00eb Bulqiz\u00eb ka proceduar penalisht 10 persona n\u00eb Bulqiz\u00eb, pasi protestuan p\u00ebrpara godin\u00ebs s\u00eb Komisariatit t\u00eb m\u00ebrkur\u00ebn e kaluar.<\/span><\/p>\n<p><span style=\"color: #000000;\">Policia thot\u00eb se protestuesit nuk iu bind\u00ebn urdhrit t\u00eb bluve p\u00ebr t\u2019u shp\u00ebrndar\u00eb. Mes personave t\u00eb proceduar kishte edhe t\u00eb mitur.<\/span><\/p>\n<p><span style=\"color: #000000;\">Njoftimi i Policis\u00eb<\/span><\/p>\n<p><span style=\"color: #000000;\">Organizuan grumbullim dhe manifestim t\u00eb paligjsh\u00ebm, dhe nuk i\u2019u bind\u00ebn urdhrit t\u00eb\u00a0 punonj\u00ebsve t\u00eb policis\u00eb, procedohen penalisht 10 shtetas.<\/span><\/p>\n<p><span style=\"color: #000000;\">Specialist\u00ebt p\u00ebr Hetimin e Krimit n\u00eb Komisariatin e Policis\u00eb Bulqiz\u00eb,\u00a0 n\u00eb p\u00ebrfundim t\u00eb veprimeve t\u00eb kryera, n\u00eb lidhje me protest\u00ebn e paligjshme t\u00eb zhvilluar n\u00eb dat\u00ebn 09.12.2010,\u00a0 p\u00ebrpara godin\u00ebs s\u00eb Komisariatit t\u00eb Policis\u00eb Bulqiz\u00eb , kan\u00eb filluar procedimin penal n\u00eb gjendje t\u00eb lir\u00eb ndaj shtetasve:<\/span><\/p>\n<ol>\n<li><span style=\"color: #000000;\">L., E. T., F. A., H. A., K. V., K. B., K. Sh., K. H., K. A., S. \u00c7, t\u00eb moshave 17 deri n\u00eb 24 vje\u00e7, banues n\u00eb Bulqiz\u00eb.<\/span><\/li>\n<\/ol>\n<p><span style=\"color: #000000;\">Shtetasit e lartp\u00ebrmendur, kan\u00eb protestuar n\u00eb m\u00ebnyr\u00eb t\u00eb paligjshme dhe nuk jan\u00eb bindur urdh\u00ebrave t\u00eb punonj\u00ebsve t\u00eb policis\u00eb p\u00ebr t\u2019u shp\u00ebrndar\u00eb.<\/span><\/p>\n<p><span style=\"color: #000000;\">Drejtoria Vendore e Policis\u00eb Dib\u00ebr apelon p\u00ebr respektim n\u00eb maksimum t\u00eb masave kufizuese, me q\u00ebllim parandalimin e p\u00ebrhapjes s\u00eb COVID-19, si dhe u b\u00ebn thirrje qytetar\u00ebve q\u00eb problematiken dhe shqet\u00ebsimin q\u00eb kan\u00eb ta adresojn\u00eb pran\u00eb institucioneve dhe organeve kompetente, pa krijuar grumbullime, pasi grumbullimet dhe tubimet jan\u00eb n\u00eb shkelje t\u00eb Aktit Normativ p\u00ebr parandalimin e pandemis\u00eb COVID -19.<\/span><\/p>\n","protected":false,"gt_translate_keys":[{"key":"rendered","format":"html"}]},"excerpt":{"rendered":"<p>Policia n\u00eb Bulqiz\u00eb ka proceduar penalisht 10 persona n\u00eb Bulqiz\u00eb, pasi protestuan p\u00ebrpara godin\u00ebs s\u00eb Komisariatit t\u00eb m\u00ebrkur\u00ebn e kaluar. Policia thot\u00eb se protestuesit nuk iu bind\u00ebn urdhrit t\u00eb bluve p\u00ebr t\u2019u shp\u00ebrndar\u00eb. Mes personave t\u00eb proceduar kishte edhe t\u00eb mitur. Njoftimi i Policis\u00eb Organizuan grumbullim dhe manifestim t\u00eb paligjsh\u00ebm, dhe nuk i\u2019u bind\u00ebn urdhrit [&hellip;]<\/p>\n","protected":false,"gt_translate_keys":[{"key":"rendered","format":"html"}]},"author":30,"featured_media":417792,"comment_status":"open","ping_status":"open","sticky":false,"template":"","format":"standard","meta":{"footnotes":""},"categories":[65,13],"tags":[],"class_list":["post-417791","post","type-post","status-publish","format-standard","has-post-thumbnail","hentry","category-lajme","category-te-fundit"],"gt_translate_keys":[{"key":"link","format":"url"}],"_links":{"self":[{"href":"https:\/\/www.hashtag.al\/index.php\/wp-json\/wp\/v2\/posts\/417791","targetHints":{"allow":["GET"]}}],"collection":[{"href":"https:\/\/www.hashtag.al\/index.php\/wp-json\/wp\/v2\/posts"}],"about":[{"href":"https:\/\/www.hashtag.al\/index.php\/wp-json\/wp\/v2\/types\/post"}],"author":[{"embeddable":true,"href":"https:\/\/www.hashtag.al\/index.php\/wp-json\/wp\/v2\/users\/30"}],"replies":[{"embeddable":true,"href":"https:\/\/www.hashtag.al\/index.php\/wp-json\/wp\/v2\/comments?post=417791"}],"version-history":[{"count":0,"href":"https:\/\/www.hashtag.al\/index.php\/wp-json\/wp\/v2\/posts\/417791\/revisions"}],"wp:featuredmedia":[{"embeddable":true,"href":"https:\/\/www.hashtag.al\/index.php\/wp-json\/wp\/v2\/media\/417792"}],"wp:attachment":[{"href":"https:\/\/www.hashtag.al\/index.php\/wp-json\/wp\/v2\/media?parent=417791"}],"wp:term":[{"taxonomy":"category","embeddable":true,"href":"https:\/\/www.hashtag.al\/index.php\/wp-json\/wp\/v2\/categories?post=417791"},{"taxonomy":"post_tag","embeddable":true,"href":"https:\/\/www.hashtag.al\/index.php\/wp-json\/wp\/v2\/tags?post=417791"}],"curies":[{"name":"wp","href":"https:\/\/api.w.org\/{rel}","templated":true}]}}