{"id":417627,"date":"2020-12-13T10:51:30","date_gmt":"2020-12-13T09:51:30","guid":{"rendered":"https:\/\/hashtag.al\/?p=417627"},"modified":"2020-12-13T10:51:30","modified_gmt":"2020-12-13T09:51:30","slug":"protesta-ne-shkoder-procedohet-penalisht-voltana-ademi-dhe-45-persona-te-tjere-procedohen-dhe-dy-zjarrfikes-nuk-nderhyne-ne-kohe-per-te-shuar-zjarrin-para-selise-te-ps-se","status":"publish","type":"post","link":"https:\/\/www.hashtag.al\/index.php\/2020\/12\/13\/protesta-ne-shkoder-procedohet-penalisht-voltana-ademi-dhe-45-persona-te-tjere-procedohen-dhe-dy-zjarrfikes-nuk-nderhyne-ne-kohe-per-te-shuar-zjarrin-para-selise-te-ps-se\/","title":{"rendered":"Protesta n\u00eb Shkod\u00ebr\/ Procedohet penalisht Voltana Ademi dhe 45 persona t\u00eb tjer\u00eb, procedohen dhe dy zjarrfik\u00ebs, nuk nd\u00ebrhyn\u00eb n\u00eb koh\u00eb p\u00ebr t\u00eb shuar zjarrin para selis\u00eb t\u00eb PS-s\u00eb","gt_translate_keys":[{"key":"rendered","format":"text"}]},"content":{"rendered":"<p><img loading=\"lazy\" decoding=\"async\" class=\"aligncenter size-full wp-image-417628\" src=\"https:\/\/hashtag.al\/wp-content\/uploads\/2020\/12\/VVVVVVVVV.jpg\" alt=\"\" width=\"800\" height=\"450\" srcset=\"https:\/\/www.hashtag.al\/wp-content\/uploads\/2020\/12\/VVVVVVVVV.jpg 800w, https:\/\/www.hashtag.al\/wp-content\/uploads\/2020\/12\/VVVVVVVVV-300x169.jpg 300w, https:\/\/www.hashtag.al\/wp-content\/uploads\/2020\/12\/VVVVVVVVV-768x432.jpg 768w\" sizes=\"auto, (max-width: 800px) 100vw, 800px\" \/><\/p>\n<p><span style=\"color: #000000;\">Policia e Shtetit nj\u00eb dit\u00eb pas protest\u00ebs n\u00eb Shkod\u00ebr, ka publikuar buletinin e t\u00eb proceduarve p\u00ebr organizimin e tubimit dhe shkat\u00ebrrim prone dhe shp\u00ebrdorim detyre.<\/span><\/p>\n<p><span style=\"color: #000000;\">N\u00eb total jan\u00eb proceduar 46 persona p\u00ebr organizim tubimi dhe pjes\u00ebmarrje n\u00eb t\u00eb dhe p\u00ebr shkat\u00ebrrim prone (17 minoren\u00eb).<\/span><\/p>\n<p><span style=\"color: #000000;\">Nd\u00ebrsa p\u00ebr shp\u00ebrdorim detyre jan\u00eb proceduar dy zjarrfik\u00ebs t\u00eb cil\u00ebt sipas njoftimit t\u00eb policis\u00eb kan\u00eb nd\u00ebrhyr\u00eb me vones\u00eb p\u00ebr shuarjen e zjarrit para selis\u00eb s\u00eb Partis\u00eb Socialiste.<\/span><\/p>\n<p><span style=\"color: #000000;\">Mes t\u00eb proceduar\u00ebve penalisht p\u00ebr organizimin e protest\u00ebs \u00ebsht\u00eb edhe kryetarja e Bashkis\u00eb s\u00eb Shkodr\u00ebs Voltana Ademi.<\/span><\/p>\n<p><span style=\"color: #000000;\"><strong>Njoftimi i plot\u00eb:<\/strong><\/span><\/p>\n<p><span style=\"color: #000000;\">Organizuan tubim t\u00eb paligjsh\u00ebm, procedohen penalisht 8 persona.<\/span><\/p>\n<p><span style=\"color: #000000;\">Procedohen penalisht p\u00ebr shkak t\u00eb mosh\u00ebs 17 minoren\u00eb, p\u00ebr shkat\u00ebrrim prone.<\/span><\/p>\n<p><span style=\"color: #000000;\">Procedohen edhe 21 shtetas t\u00eb tjer\u00eb, p\u00ebr pjes\u00ebmarrje n\u00eb tubime t\u00eb paligjshme.<\/span><\/p>\n<p><span style=\"color: #000000;\">Gjithashtu procedohen penalisht edhe dy punonj\u00ebs t\u00eb zjarrfik\u00ebses s\u00eb Bashkis\u00eb Shkod\u00ebr, p\u00ebr shp\u00ebrdorim detyre.<\/span><\/p>\n<p><span style=\"color: #000000;\">M\u00eb dat\u00eb 12.12.2020, rreth or\u00ebs 11:00, n\u00eb qend\u00ebr t\u00eb qytetit t\u00eb Shkodr\u00ebs \u00ebsht\u00eb organizuar nj\u00eb tubim i paligjsh\u00ebm. Gjat\u00eb marshimit nj\u00eb grup t\u00eb miturish kan\u00eb thyer disa banderola n\u00eb sheshin \u201cN\u00ebn\u00eb Tereza\u201d dhe kan\u00eb tentuar t\u00eb kryejn\u00eb veprime t\u00eb dhunshme, por jan\u00eb penguar nga punonj\u00ebsit e Policis\u00eb. Nga sendet e forta dhe l\u00ebnd\u00ebt piroteknike t\u00eb p\u00ebrdorura nga k\u00ebta persona \u00ebsht\u00eb d\u00ebmtuar nj\u00eb punonj\u00ebs policie.<\/span><\/p>\n<p><span style=\"color: #000000;\">M\u00eb pas, pjesmarr\u00ebsit n\u00eb tubim jan\u00eb shp\u00ebrndar\u00eb n\u00eb disa grupe dhe drejtime t\u00eb ndryshme. Nj\u00eb grup personash \u00ebsht\u00eb drejtuar te selia e nj\u00eb subjekti politik. Disa persona t\u00eb mitur kan\u00eb ushtuar veprime t\u00eb dhunshme duke thyer e shkat\u00ebrruar xhamat e dyert dhe m\u00eb pas kan\u00eb nxjerr\u00eb dhe djegur orendit\u00eb q\u00eb ndodheshin brenda godin\u00ebs.<\/span><\/p>\n<p><span style=\"color: #000000;\">Specialist\u00ebt p\u00ebr Hetimin e Krimeve, n\u00eb baz\u00eb t\u00eb pamjeve filmike, kan\u00eb proceduar penalisht 17 minoren\u00eb, p\u00ebr veprat penale \u201cShkat\u00ebrrimi i pron\u00ebs me zjarr\u201d, \u201cOrganizimi dhe pjes\u00ebmarrja n\u00eb grumbullime e manifestime t\u00eb paligjshme\u201d dhe \u201cPrishja e qet\u00ebsis\u00eb publike\u201d.<\/span><\/p>\n<p><span style=\"color: #000000;\">Gjithashtu jan\u00eb proceduar si organizator\u00eb t\u00eb k\u00ebsaj proteste, p\u00ebr vepr\u00ebn penale \u201cOrganizimi dhe pjes\u00ebmarrja n\u00eb grumbullime e manifestime t\u00eb paligjshme shtetasit V. A., A. S., A. Q., Z. Gj., S. H. , N. M., L. M. dhe I. Q.<\/span><\/p>\n<p><span style=\"color: #000000;\">Nj\u00ebkoh\u00ebsisht jan\u00eb proceduar p\u00ebr vepr\u00ebn penale \u201cOrganizimi dhe pjes\u00ebmarrja n\u00eb grumbullime e manifestime t\u00eb paligjshme\u201d edhe 21 shtetas t\u00eb tjer\u00eb.<\/span><\/p>\n<p><span style=\"color: #000000;\">Po n\u00eb vijim t\u00eb veprimeve jan\u00eb proceduar penalisht p\u00ebr &#8220;Shp\u00ebrdorim detyre&#8221;, dy punonj\u00ebs t\u00eb repartit zjarrfik\u00ebs, shtetasit T. M. dhe R. B., t\u00eb cil\u00ebt ishin n\u00eb sh\u00ebrbim dhe kan\u00eb reaguar me vones\u00eb pas njoftimit t\u00eb b\u00ebr\u00eb nga Salla Operative p\u00ebr t\u00eb nd\u00ebrhyr\u00eb n\u00eb shuarjen e zjarrit para godin\u00ebs s\u00eb nj\u00eb subkjeti poltik.<\/span><\/p>\n<p><span style=\"color: #000000;\">Policia e Shkod\u00ebr apelon p\u00ebr t\u00eb gjith\u00eb prind\u00ebrit q\u00eb t\u00eb mos lejojn\u00eb f\u00ebmij\u00ebt t\u00eb marrin pjes\u00eb n\u00eb tubime dhe t\u00eb p\u00ebrfshihen n\u00eb veprime t\u00eb dhunshme pasi n\u00eb radh\u00eb t\u00eb par\u00eb rrezikojn\u00eb jet\u00ebn e tyre. Gjithashtu apelon p\u00ebr t\u00eb gjith\u00eb qytetar\u00ebt dhe organizator\u00ebt q\u00eb t\u00eb mos organizojn\u00eb dhe marrin pjes\u00eb n\u00eb tubime t\u00eb paligjshme, aq m\u00eb tep\u00ebr n\u00eb k\u00ebt\u00eb koh\u00eb pandemie sepse \u00ebsht\u00eb rrezik i madh p\u00ebr sh\u00ebndetin e qytetar\u00ebve.<\/span><\/p>\n<p>&nbsp;<\/p>\n","protected":false,"gt_translate_keys":[{"key":"rendered","format":"html"}]},"excerpt":{"rendered":"<p>Policia e Shtetit nj\u00eb dit\u00eb pas protest\u00ebs n\u00eb Shkod\u00ebr, ka publikuar buletinin e t\u00eb proceduarve p\u00ebr organizimin e tubimit dhe shkat\u00ebrrim prone dhe shp\u00ebrdorim detyre. N\u00eb total jan\u00eb proceduar 46 persona p\u00ebr organizim tubimi dhe pjes\u00ebmarrje n\u00eb t\u00eb dhe p\u00ebr shkat\u00ebrrim prone (17 minoren\u00eb). Nd\u00ebrsa p\u00ebr shp\u00ebrdorim detyre jan\u00eb proceduar dy zjarrfik\u00ebs t\u00eb cil\u00ebt sipas [&hellip;]<\/p>\n","protected":false,"gt_translate_keys":[{"key":"rendered","format":"html"}]},"author":32,"featured_media":417628,"comment_status":"open","ping_status":"open","sticky":false,"template":"","format":"standard","meta":{"footnotes":""},"categories":[65,13],"tags":[],"class_list":["post-417627","post","type-post","status-publish","format-standard","has-post-thumbnail","hentry","category-lajme","category-te-fundit"],"gt_translate_keys":[{"key":"link","format":"url"}],"_links":{"self":[{"href":"https:\/\/www.hashtag.al\/index.php\/wp-json\/wp\/v2\/posts\/417627","targetHints":{"allow":["GET"]}}],"collection":[{"href":"https:\/\/www.hashtag.al\/index.php\/wp-json\/wp\/v2\/posts"}],"about":[{"href":"https:\/\/www.hashtag.al\/index.php\/wp-json\/wp\/v2\/types\/post"}],"author":[{"embeddable":true,"href":"https:\/\/www.hashtag.al\/index.php\/wp-json\/wp\/v2\/users\/32"}],"replies":[{"embeddable":true,"href":"https:\/\/www.hashtag.al\/index.php\/wp-json\/wp\/v2\/comments?post=417627"}],"version-history":[{"count":0,"href":"https:\/\/www.hashtag.al\/index.php\/wp-json\/wp\/v2\/posts\/417627\/revisions"}],"wp:featuredmedia":[{"embeddable":true,"href":"https:\/\/www.hashtag.al\/index.php\/wp-json\/wp\/v2\/media\/417628"}],"wp:attachment":[{"href":"https:\/\/www.hashtag.al\/index.php\/wp-json\/wp\/v2\/media?parent=417627"}],"wp:term":[{"taxonomy":"category","embeddable":true,"href":"https:\/\/www.hashtag.al\/index.php\/wp-json\/wp\/v2\/categories?post=417627"},{"taxonomy":"post_tag","embeddable":true,"href":"https:\/\/www.hashtag.al\/index.php\/wp-json\/wp\/v2\/tags?post=417627"}],"curies":[{"name":"wp","href":"https:\/\/api.w.org\/{rel}","templated":true}]}}