{"id":417052,"date":"2020-12-10T17:32:35","date_gmt":"2020-12-10T16:32:35","guid":{"rendered":"https:\/\/hashtag.al\/?p=417052"},"modified":"2020-12-10T17:32:35","modified_gmt":"2020-12-10T16:32:35","slug":"vrasja-e-25-vjecarit-nga-polici-proteste-edhe-ne-lezhe","status":"publish","type":"post","link":"https:\/\/www.hashtag.al\/index.php\/2020\/12\/10\/vrasja-e-25-vjecarit-nga-polici-proteste-edhe-ne-lezhe\/","title":{"rendered":"Vrasja e 25-vje\u00e7arit nga polici, protest\u00eb edhe n\u00eb Lezh\u00eb","gt_translate_keys":[{"key":"rendered","format":"text"}]},"content":{"rendered":"<p><img loading=\"lazy\" decoding=\"async\" class=\"aligncenter size-full wp-image-417053\" src=\"https:\/\/hashtag.al\/wp-content\/uploads\/2020\/12\/lezhe.png\" alt=\"\" width=\"543\" height=\"304\" srcset=\"https:\/\/www.hashtag.al\/wp-content\/uploads\/2020\/12\/lezhe.png 543w, https:\/\/www.hashtag.al\/wp-content\/uploads\/2020\/12\/lezhe-300x168.png 300w\" sizes=\"auto, (max-width: 543px) 100vw, 543px\" \/><\/p>\n<p><span style=\"color: #000000;\">Pas protest\u00ebs n\u00eb Kor\u00e7\u00eb, edhe qytetar\u00ebt e Lezh\u00ebs kan\u00eb zhvilluar nj\u00eb protest\u00eb pasditen e sotme lidhur e vrasjen e 25-vje\u00e7arit Klodian Rasha. <\/span><\/p>\n<p><span style=\"color: #000000;\">Dhjet\u00ebra qytetar\u00eb jan\u00eb grumbulluar pran\u00eb \u2018Obeliskut\u2019 rreth or\u00ebs 17:00. N\u00eb protest\u00ebn e zhvilluar n\u00eb Kor\u00e7\u00eb, qytetar\u00ebt hodh\u00ebn parrulla kund\u00ebr qeveris\u00eb, policis\u00eb e ministrit Lleshaj. <\/span><\/p>\n<p><span style=\"color: #000000;\">N\u00eb or\u00ebn 18:00 \u00ebsht\u00eb lajm\u00ebruar nj\u00eb protest\u00eb n\u00eb Tiran\u00eb. N\u00eb t\u00eb nj\u00ebjt\u00ebn or\u00eb, kryeministri Rama ka paralajm\u00ebruar nj\u00eb deklarat\u00eb p\u00ebr shtyp lidhur me vrasjen e 25-vje\u00e7arit Klodian Rasha n\u00eb Tiran\u00eb.<\/span><\/p>\n","protected":false,"gt_translate_keys":[{"key":"rendered","format":"html"}]},"excerpt":{"rendered":"<p>Pas protest\u00ebs n\u00eb Kor\u00e7\u00eb, edhe qytetar\u00ebt e Lezh\u00ebs kan\u00eb zhvilluar nj\u00eb protest\u00eb pasditen e sotme lidhur e vrasjen e 25-vje\u00e7arit Klodian Rasha. Dhjet\u00ebra qytetar\u00eb jan\u00eb grumbulluar pran\u00eb \u2018Obeliskut\u2019 rreth or\u00ebs 17:00. N\u00eb protest\u00ebn e zhvilluar n\u00eb Kor\u00e7\u00eb, qytetar\u00ebt hodh\u00ebn parrulla kund\u00ebr qeveris\u00eb, policis\u00eb e ministrit Lleshaj. N\u00eb or\u00ebn 18:00 \u00ebsht\u00eb lajm\u00ebruar nj\u00eb protest\u00eb n\u00eb Tiran\u00eb. [&hellip;]<\/p>\n","protected":false,"gt_translate_keys":[{"key":"rendered","format":"html"}]},"author":51,"featured_media":417053,"comment_status":"open","ping_status":"open","sticky":false,"template":"","format":"standard","meta":{"footnotes":""},"categories":[65,13],"tags":[],"class_list":["post-417052","post","type-post","status-publish","format-standard","has-post-thumbnail","hentry","category-lajme","category-te-fundit"],"gt_translate_keys":[{"key":"link","format":"url"}],"_links":{"self":[{"href":"https:\/\/www.hashtag.al\/index.php\/wp-json\/wp\/v2\/posts\/417052","targetHints":{"allow":["GET"]}}],"collection":[{"href":"https:\/\/www.hashtag.al\/index.php\/wp-json\/wp\/v2\/posts"}],"about":[{"href":"https:\/\/www.hashtag.al\/index.php\/wp-json\/wp\/v2\/types\/post"}],"author":[{"embeddable":true,"href":"https:\/\/www.hashtag.al\/index.php\/wp-json\/wp\/v2\/users\/51"}],"replies":[{"embeddable":true,"href":"https:\/\/www.hashtag.al\/index.php\/wp-json\/wp\/v2\/comments?post=417052"}],"version-history":[{"count":0,"href":"https:\/\/www.hashtag.al\/index.php\/wp-json\/wp\/v2\/posts\/417052\/revisions"}],"wp:featuredmedia":[{"embeddable":true,"href":"https:\/\/www.hashtag.al\/index.php\/wp-json\/wp\/v2\/media\/417053"}],"wp:attachment":[{"href":"https:\/\/www.hashtag.al\/index.php\/wp-json\/wp\/v2\/media?parent=417052"}],"wp:term":[{"taxonomy":"category","embeddable":true,"href":"https:\/\/www.hashtag.al\/index.php\/wp-json\/wp\/v2\/categories?post=417052"},{"taxonomy":"post_tag","embeddable":true,"href":"https:\/\/www.hashtag.al\/index.php\/wp-json\/wp\/v2\/tags?post=417052"}],"curies":[{"name":"wp","href":"https:\/\/api.w.org\/{rel}","templated":true}]}}