{"id":416973,"date":"2020-12-10T13:13:33","date_gmt":"2020-12-10T12:13:33","guid":{"rendered":"https:\/\/hashtag.al\/?p=416973"},"modified":"2020-12-10T13:23:09","modified_gmt":"2020-12-10T12:23:09","slug":"jam-vete-babai-i-nje-cuni-te-vogel-e-marr-me-mend-zemren-e-babait-te-klodianit-pemet-dhe-dritat-rraqe-jane-erion-veliaj","status":"publish","type":"post","link":"https:\/\/www.hashtag.al\/index.php\/2020\/12\/10\/jam-vete-babai-i-nje-cuni-te-vogel-e-marr-me-mend-zemren-e-babait-te-klodianit-pemet-dhe-dritat-rraqe-jane-erion-veliaj\/","title":{"rendered":"\u201cJam vet\u00eb babai i nj\u00eb \u00e7uni t\u00eb vog\u00ebl, e marr me mend zemr\u00ebn e babait t\u00eb Klodianit, pem\u00ebt dhe dritat rraqe jan\u00eb\u201d- Erion Veliaj","gt_translate_keys":[{"key":"rendered","format":"text"}]},"content":{"rendered":"<p><a href=\"https:\/\/hashtag.al\/wp-content\/uploads\/2020\/12\/tuuu-770x440.png\"><img loading=\"lazy\" decoding=\"async\" class=\"aligncenter size-full wp-image-416974\" src=\"https:\/\/hashtag.al\/wp-content\/uploads\/2020\/12\/tuuu-770x440.png\" alt=\"\" width=\"770\" height=\"440\" srcset=\"https:\/\/www.hashtag.al\/wp-content\/uploads\/2020\/12\/tuuu-770x440.png 770w, https:\/\/www.hashtag.al\/wp-content\/uploads\/2020\/12\/tuuu-770x440-300x171.png 300w, https:\/\/www.hashtag.al\/wp-content\/uploads\/2020\/12\/tuuu-770x440-768x439.png 768w\" sizes=\"auto, (max-width: 770px) 100vw, 770px\" \/><\/a><\/p>\n<p><span style=\"color: #000000;\">Kryebashkiaku i Tiran\u00ebs, Erion Veliaj ka reaguar p\u00ebr vrasjen e 25-vje\u00e7arit Klodian Rash\u00ebs dhe protest\u00ebn e mbr\u00ebmjes s\u00eb kaluar n\u00eb Tiran\u00eb. <\/span><\/p>\n<p><span style=\"color: #000000;\">Veliaj tha se ngaq\u00eb \u00ebsht\u00eb baba vet\u00eb e kupton mir\u00eb dhimbjen q\u00eb ndjen babai t\u00eb t\u00eb riut t\u00eb vrar\u00eb. Ai theksoi se gj\u00ebrat e d\u00ebmtuara nga protesta jan\u00eb &#8220;thjesht rraqe&#8221; dhe do rikuperohen p\u00ebrs\u00ebri.<\/span><\/p>\n<p><span style=\"color: #000000;\"><em>\u00a0\u201cUn\u00eb jam babai i nj\u00eb \u00e7uni t\u00eb vog\u00ebl dhe e marr me mend si i \u00ebsht\u00eb thyer zemra babait t\u00eb Klodit, djalit q\u00eb u vra sepse nuk besoj se ka gj\u00eb m\u00eb t\u00eb r\u00ebnd\u00eb sesa me t\u00eb humb f\u00ebmija. Nj\u00eb dit\u00eb do kesh vet\u00eb f\u00ebmij\u00eb (i drejtohet banorit t\u00eb sht\u00ebpis\u00eb s\u00eb re) dhe do e kuptosh \u00e7far\u00eb dhimbjeje \u00ebsht\u00eb kur t\u00eb s\u00ebmuret, e jo m\u00eb ta humbas\u00ebsh. K\u00ebshtu q\u00eb ajo familje \u00ebsht\u00eb zem\u00ebrthyer dhe ka gjith\u00eb t\u00eb drejt\u00ebn e bot\u00ebs t\u00eb jet\u00eb e m\u00ebrzitur, k\u00ebt\u00eb s\u2019e luan topi. Dhe q\u00eb kan\u00eb merak p\u00ebr drejt\u00ebsi, edhe kjo kuptohet. Se imagjino sa gj\u00ebra kan\u00eb ndodhur n\u00eb k\u00ebt\u00eb shtet dhe nuk kan\u00eb par\u00eb drejt\u00ebsi. Ndaj, ata kan\u00eb t\u00eb gjith\u00eb t\u00eb drejt\u00ebn e zotit t\u00eb m\u00ebrziten. Edhe ato q\u00eb prishin dhe d\u00ebmtojn\u00eb qytetin \u2013 rraqe jan\u00eb, nuk \u00ebsht\u00eb ndonj\u00eb hata, do i rikuperojm\u00eb prap\u00eb. Jeta do t\u00eb vazhdoj\u00eb!\u201d<\/em>, deklaroi Veliaj.<\/span><\/p>\n<p><span style=\"color: #000000;\">K\u00ebt\u00eb deklarat\u00eb, kryebashkiaku i Tiran\u00ebs e b\u00ebri teksa vizitoi dy familje t\u00eb cilave i jan\u00eb rind\u00ebrtuar sht\u00ebpit\u00eb pas t\u00ebrmetit.<\/span><\/p>\n<p><span style=\"color: #000000;\">Vrasja e 25-vje\u00e7arit Klodian Rasha n\u00eb or\u00ebt e para t\u00eb 8 dhjetorit nga nj\u00eb punonj\u00ebs policie, ngriti dhjet\u00ebra njer\u00ebz t\u00eb protestojn\u00eb mbr\u00ebmjen e kaluar para Ministris\u00eb s\u00eb Brendshme dhe Kryeministris\u00eb duke k\u00ebrkuar &#8220;drejt\u00ebsi&#8221; p\u00ebr ngjarjen. Protesta p\u00ebrshkall\u00ebzoi n\u00eb p\u00ebrplasje me policin\u00eb, nd\u00ebrsa iu vu flaka dhe pem\u00ebs s\u00eb Krishtlindjeve tek Kryeministria si dhe pem\u00ebs s\u00eb madhe tek Sheshi Sk\u00ebnderbej.<\/span><\/p>\n","protected":false,"gt_translate_keys":[{"key":"rendered","format":"html"}]},"excerpt":{"rendered":"<p>Kryebashkiaku i Tiran\u00ebs, Erion Veliaj ka reaguar p\u00ebr vrasjen e 25-vje\u00e7arit Klodian Rash\u00ebs dhe protest\u00ebn e mbr\u00ebmjes s\u00eb kaluar n\u00eb Tiran\u00eb. Veliaj tha se ngaq\u00eb \u00ebsht\u00eb baba vet\u00eb e kupton mir\u00eb dhimbjen q\u00eb ndjen babai t\u00eb t\u00eb riut t\u00eb vrar\u00eb. Ai theksoi se gj\u00ebrat e d\u00ebmtuara nga protesta jan\u00eb &#8220;thjesht rraqe&#8221; dhe do rikuperohen p\u00ebrs\u00ebri. [&hellip;]<\/p>\n","protected":false,"gt_translate_keys":[{"key":"rendered","format":"html"}]},"author":30,"featured_media":416974,"comment_status":"open","ping_status":"open","sticky":false,"template":"","format":"standard","meta":{"footnotes":""},"categories":[65,13],"tags":[],"class_list":["post-416973","post","type-post","status-publish","format-standard","has-post-thumbnail","hentry","category-lajme","category-te-fundit"],"gt_translate_keys":[{"key":"link","format":"url"}],"_links":{"self":[{"href":"https:\/\/www.hashtag.al\/index.php\/wp-json\/wp\/v2\/posts\/416973","targetHints":{"allow":["GET"]}}],"collection":[{"href":"https:\/\/www.hashtag.al\/index.php\/wp-json\/wp\/v2\/posts"}],"about":[{"href":"https:\/\/www.hashtag.al\/index.php\/wp-json\/wp\/v2\/types\/post"}],"author":[{"embeddable":true,"href":"https:\/\/www.hashtag.al\/index.php\/wp-json\/wp\/v2\/users\/30"}],"replies":[{"embeddable":true,"href":"https:\/\/www.hashtag.al\/index.php\/wp-json\/wp\/v2\/comments?post=416973"}],"version-history":[{"count":0,"href":"https:\/\/www.hashtag.al\/index.php\/wp-json\/wp\/v2\/posts\/416973\/revisions"}],"wp:featuredmedia":[{"embeddable":true,"href":"https:\/\/www.hashtag.al\/index.php\/wp-json\/wp\/v2\/media\/416974"}],"wp:attachment":[{"href":"https:\/\/www.hashtag.al\/index.php\/wp-json\/wp\/v2\/media?parent=416973"}],"wp:term":[{"taxonomy":"category","embeddable":true,"href":"https:\/\/www.hashtag.al\/index.php\/wp-json\/wp\/v2\/categories?post=416973"},{"taxonomy":"post_tag","embeddable":true,"href":"https:\/\/www.hashtag.al\/index.php\/wp-json\/wp\/v2\/tags?post=416973"}],"curies":[{"name":"wp","href":"https:\/\/api.w.org\/{rel}","templated":true}]}}