{"id":416893,"date":"2020-12-10T08:34:32","date_gmt":"2020-12-10T07:34:32","guid":{"rendered":"https:\/\/hashtag.al\/?p=416893"},"modified":"2020-12-10T08:44:00","modified_gmt":"2020-12-10T07:44:00","slug":"protestuesit-i-shkuan-ne-shtepi-babai-i-klodian-rashes-kerkojme-drejtesi-shteti-te-coje-fajtorin-ne-vendin-qe-meriton","status":"publish","type":"post","link":"https:\/\/www.hashtag.al\/index.php\/2020\/12\/10\/protestuesit-i-shkuan-ne-shtepi-babai-i-klodian-rashes-kerkojme-drejtesi-shteti-te-coje-fajtorin-ne-vendin-qe-meriton\/","title":{"rendered":"Protestuesit i shkuan n\u00eb sht\u00ebpi, babai i Klodian Rash\u00ebs: K\u00ebrkojm\u00eb drejt\u00ebsi, shteti t\u00eb \u00e7oj\u00eb fajtorin n\u00eb vendin q\u00eb meriton","gt_translate_keys":[{"key":"rendered","format":"text"}]},"content":{"rendered":"<p><span style=\"color: #000000;\"><a style=\"color: #000000;\" href=\"https:\/\/hashtag.al\/wp-content\/uploads\/2020\/12\/RASHA.jpg\"><img loading=\"lazy\" decoding=\"async\" class=\"aligncenter size-full wp-image-416894\" src=\"https:\/\/hashtag.al\/wp-content\/uploads\/2020\/12\/RASHA.jpg\" alt=\"\" width=\"717\" height=\"390\" srcset=\"https:\/\/www.hashtag.al\/wp-content\/uploads\/2020\/12\/RASHA.jpg 717w, https:\/\/www.hashtag.al\/wp-content\/uploads\/2020\/12\/RASHA-300x163.jpg 300w\" sizes=\"auto, (max-width: 717px) 100vw, 717px\" \/><\/a><\/span><\/p>\n<p><span style=\"color: #000000;\">Pas protestave q\u00eb trazuan kryeqytetin p\u00ebr gati 5 or\u00eb, protesuesit e mbyll\u00ebn mbr\u00ebmjen n\u00eb banes\u00ebn e t\u00eb ndjerit Klodian Rasha, 25-vje\u00e7arit q\u00eb u vra nga nj\u00eb punonj\u00ebs policie n\u00eb lagjen e tij.<\/span><\/p>\n<p><span style=\"color: #000000;\">Babai i t\u00eb riut foli para kamerave lidhur me ngjarjen dhe me protestat, duke b\u00ebr\u00eb thirrje vet\u00ebm p\u00ebr nj\u00eb gj\u00eb: Drejt\u00ebsi p\u00ebr djalin e tij.<\/span><\/p>\n<p><span style=\"color: #000000;\">Qazim Rasha tha q\u00eb thirrjen e tij ja drejton shtetit, q\u00eb fajtorin p\u00ebr vdekjen e t\u00eb birit ta \u00e7oj\u00eb n\u00eb \u201cvendin q\u00eb meriton\u201d.<\/span><\/p>\n<p><span style=\"color: #000000;\">Babai i 25-vje\u00e7arit t\u00eb ndjer\u00eb, tha q\u00eb nuk i vjen mir\u00eb q\u00eb tanim\u00eb \u00ebsht\u00eb detyruar t\u00eb jap\u00eb intervista, duke theksuar se ai nuk i sh\u00ebrben asnj\u00eb lloj politike. Ai dha mesazhe t\u00eb forta p\u00ebr qeveritar\u00ebt, duke th\u00ebn\u00eb q\u00eb duhet t\u2019i japin mb\u00ebshtetje qytetar\u00ebve dhe t\u00eb rinjve, q\u00eb ata ta nd\u00ebrtojn\u00eb jet\u00ebn n\u00eb vend dhe t\u00eb ken\u00eb shpres\u00eb e t\u00eb ardhme k\u00ebtu.<\/span><\/p>\n<p><span style=\"color: #000000;\"><em>&#8220;Shteti t\u00eb b\u00ebj\u00eb detyr\u00ebn q\u00eb i takon. Jemi popull, k\u00ebrkojm\u00eb drejt\u00ebsi. K\u00ebrkojm\u00eb at\u00eb q\u00eb \u00ebsht\u00eb p\u00ebr \u00e7do njeri, qytetar, shqiptar, t\u00eb ri, t\u00eb moshuar, k\u00ebrkojm\u00eb at\u00eb q\u00eb secili t\u00eb g\u00ebzoj\u00eb t\u00eb drejt\u00ebn dhe t\u00eb gjej\u00eb at\u00eb shpres\u00ebn te shteti, te ligji, te rregulli, te ajo q\u00eb \u00ebsht\u00eb e mira p\u00ebr t\u00eb gjith\u00eb, q\u00eb t\u2019i sh\u00ebrbej\u00eb qoft\u00eb f\u00ebmij\u00ebs, t\u00eb rriturit, t\u00eb moshuarit, q\u00eb t\u00eb kemi shpres\u00eb, t\u00eb kemi t\u00eb ardhme, q\u00eb rinia t\u00eb shk\u00eblqej\u00eb, q\u00eb rinia t\u00eb eci p\u00ebrpara, t\u00eb shoh\u00eb jet\u00eb t\u00eb lumtur, t\u00eb g\u00ebzoj\u00eb nj\u00eb dit\u00eb t\u00eb re. T\u00eb mendoj\u00eb se vendi \u00ebsht\u00eb ky, duhet ta nd\u00ebrtojm\u00eb, ngrem\u00eb, ta rrisim, ta mb\u00ebshtesim t\u00eb gjith\u00eb.<\/em><\/span><\/p>\n<p><span style=\"color: #000000;\"><em>Si puna e djalit tim jeni edhe ju t\u00eb t\u00eb gjith\u00eb, t\u00eb gjith\u00eb mendoni si puna ime, kush \u00ebsht\u00eb prind e di pesh\u00ebn pak m\u00eb mir\u00eb. Nuk m\u00eb vjen mir\u00eb me dh\u00ebn\u00eb intervista, nuk i sh\u00ebrbej asnj\u00eb lloj politike, por familjes sime, ke familja jam i detyruar me i th\u00ebn\u00eb k\u00ebto p\u00ebr hir t\u00eb f\u00ebmij\u00ebs q\u00eb sot e varrosa. Ashtu si\u00e7 mendoj un\u00eb mendoni t\u00eb gjith\u00eb.<\/em><\/span><\/p>\n<p><span style=\"color: #000000;\"><em>Vler\u00ebsojeni, gjykojeni. Shteti t\u00eb b\u00ebj\u00eb pun\u00ebn e vet, t\u00eb jap\u00eb drejt\u00ebsi, fajtori t\u00eb shkoj\u00eb n\u00eb vendin q\u00eb meriton dhe ne t\u00eb kemi nj\u00eb fije shpres\u00eb dhe mb\u00ebshtetje, dhe t\u00eb mendojm\u00eb se kemi nj\u00eb t\u00eb ardhme n\u00eb vend dhe t\u00eb rrisim f\u00ebmij\u00ebt pa ndrojtje, apo frik\u00eb, q\u00eb t\u00eb mos ket\u00eb frik\u00eb t\u00eb dal\u00eb te rruga dhe t\u00eb kthehet dhe t\u00eb vij\u00eb n\u00eb k\u00ebt\u00eb gjendje q\u00eb erdhi i imi. Kjo mos i raft\u00eb askujt, nuk ia d\u00ebshiroj askujt, ishalla Shqip\u00ebria, dita q\u00eb vjen dot \u00eb b\u00ebhet m\u00eb mir\u00eb&#8221;<\/em>, ka th\u00ebn\u00eb Qazim Rasha.<\/span><\/p>\n<p><span style=\"color: #000000;\">Dit\u00ebn e djeshme, gjat\u00eb nj\u00eb interviste tjet\u00ebr p\u00ebr mediet, babai i t\u00eb ndjerit tha q\u00eb kishte d\u00ebshmitar\u00eb q\u00eb e kan\u00eb par\u00eb t\u00eb birin duke u z\u00ebn\u00eb me policin, i cili sipas tij e ka dhunuar.<\/span><\/p>\n<p><span style=\"color: #000000;\"><em>\u201cKe d\u00ebshmitar\u00eb q\u00eb e kan\u00eb par\u00eb sken\u00ebn, duke u z\u00ebn\u00eb me Policin, duke e gjurmuar dhe duke e rrahur aty n\u00eb rrug\u00eb.\u201d<\/em>&#8211; shprehej zoti Rasha.<\/span><\/p>\n<p><span style=\"color: #000000;\">Vdekja e Klodian Rash\u00ebs ka ngritur nj\u00eb mori njer\u00ebzish mbr\u00ebmjen e kaluar, t\u00eb cil\u00ebt kan\u00eb dal\u00eb t\u00eb protestojn\u00eb p\u00ebrpara Ministris\u00eb s\u00eb Brendshme dhe para Kryeministris\u00eb p\u00ebr t\u00eb k\u00ebrkuar drejt\u00ebsi p\u00ebr rastin, ku nuk munguan p\u00ebrleshjet me policin\u00eb.<\/span><\/p>\n","protected":false,"gt_translate_keys":[{"key":"rendered","format":"html"}]},"excerpt":{"rendered":"<p>Pas protestave q\u00eb trazuan kryeqytetin p\u00ebr gati 5 or\u00eb, protesuesit e mbyll\u00ebn mbr\u00ebmjen n\u00eb banes\u00ebn e t\u00eb ndjerit Klodian Rasha, 25-vje\u00e7arit q\u00eb u vra nga nj\u00eb punonj\u00ebs policie n\u00eb lagjen e tij. Babai i t\u00eb riut foli para kamerave lidhur me ngjarjen dhe me protestat, duke b\u00ebr\u00eb thirrje vet\u00ebm p\u00ebr nj\u00eb gj\u00eb: Drejt\u00ebsi p\u00ebr djalin [&hellip;]<\/p>\n","protected":false,"gt_translate_keys":[{"key":"rendered","format":"html"}]},"author":30,"featured_media":416894,"comment_status":"open","ping_status":"open","sticky":false,"template":"","format":"standard","meta":{"footnotes":""},"categories":[65,13],"tags":[],"class_list":["post-416893","post","type-post","status-publish","format-standard","has-post-thumbnail","hentry","category-lajme","category-te-fundit"],"gt_translate_keys":[{"key":"link","format":"url"}],"_links":{"self":[{"href":"https:\/\/www.hashtag.al\/index.php\/wp-json\/wp\/v2\/posts\/416893","targetHints":{"allow":["GET"]}}],"collection":[{"href":"https:\/\/www.hashtag.al\/index.php\/wp-json\/wp\/v2\/posts"}],"about":[{"href":"https:\/\/www.hashtag.al\/index.php\/wp-json\/wp\/v2\/types\/post"}],"author":[{"embeddable":true,"href":"https:\/\/www.hashtag.al\/index.php\/wp-json\/wp\/v2\/users\/30"}],"replies":[{"embeddable":true,"href":"https:\/\/www.hashtag.al\/index.php\/wp-json\/wp\/v2\/comments?post=416893"}],"version-history":[{"count":0,"href":"https:\/\/www.hashtag.al\/index.php\/wp-json\/wp\/v2\/posts\/416893\/revisions"}],"wp:featuredmedia":[{"embeddable":true,"href":"https:\/\/www.hashtag.al\/index.php\/wp-json\/wp\/v2\/media\/416894"}],"wp:attachment":[{"href":"https:\/\/www.hashtag.al\/index.php\/wp-json\/wp\/v2\/media?parent=416893"}],"wp:term":[{"taxonomy":"category","embeddable":true,"href":"https:\/\/www.hashtag.al\/index.php\/wp-json\/wp\/v2\/categories?post=416893"},{"taxonomy":"post_tag","embeddable":true,"href":"https:\/\/www.hashtag.al\/index.php\/wp-json\/wp\/v2\/tags?post=416893"}],"curies":[{"name":"wp","href":"https:\/\/api.w.org\/{rel}","templated":true}]}}