{"id":416850,"date":"2020-12-10T07:17:39","date_gmt":"2020-12-10T06:17:39","guid":{"rendered":"https:\/\/hashtag.al\/?p=416850"},"modified":"2020-12-10T07:17:39","modified_gmt":"2020-12-10T06:17:39","slug":"djali-i-joe-bidenit-merret-nen-hetim-per-taksat","status":"publish","type":"post","link":"https:\/\/www.hashtag.al\/index.php\/2020\/12\/10\/djali-i-joe-bidenit-merret-nen-hetim-per-taksat\/","title":{"rendered":"Djali i Joe Bidenit merret n\u00ebn hetim p\u00ebr taksat","gt_translate_keys":[{"key":"rendered","format":"text"}]},"content":{"rendered":"<p><a href=\"https:\/\/hashtag.al\/wp-content\/uploads\/2020\/12\/Hunter.jpg\"><img loading=\"lazy\" decoding=\"async\" class=\"aligncenter size-full wp-image-416851\" src=\"https:\/\/hashtag.al\/wp-content\/uploads\/2020\/12\/Hunter.jpg\" alt=\"\" width=\"976\" height=\"549\" srcset=\"https:\/\/www.hashtag.al\/wp-content\/uploads\/2020\/12\/Hunter.jpg 976w, https:\/\/www.hashtag.al\/wp-content\/uploads\/2020\/12\/Hunter-300x169.jpg 300w, https:\/\/www.hashtag.al\/wp-content\/uploads\/2020\/12\/Hunter-768x432.jpg 768w\" sizes=\"auto, (max-width: 976px) 100vw, 976px\" \/><\/a><\/p>\n<p><span style=\"color: #000000;\">Djali i Joe Biden, Hunter, \u00ebsht\u00eb v\u00ebn\u00eb n\u00ebn hetim p\u00ebr taksat.<\/span><\/p>\n<p><span style=\"color: #000000;\">Si\u00e7 shkruan <span style=\"color: #0000ff;\"><a style=\"color: #0000ff;\" href=\"https:\/\/www.bbc.com\/news\/world-us-canada-55254182\">BBC<\/a><\/span>, hetimi po kryhet nga prokuror\u00ebt federal\u00eb n\u00eb Dela\u00ebare.<\/span><\/p>\n<p><span style=\"color: #000000;\">Hunter Biden tha se ai e ka marr\u00eb \u00e7\u00ebshtjen &#8220;shum\u00eb seriozisht&#8221; por ishte i bindur se nj\u00eb &#8220;rishikim objektiv&#8221; do t\u00eb tregonte se ai i kishte trajtuar pun\u00ebt e tij <em>&#8220;ligj\u00ebrisht dhe n\u00eb m\u00ebnyr\u00eb t\u00eb p\u00ebrshtatshme&#8221;.<\/em><\/span><\/p>\n<p><span style=\"color: #000000;\">Ekipi i Bidenit tha se presidenti i zgjedhur ishte <em>&#8220;thell\u00ebsisht krenar p\u00ebr djalin e tij&#8221;.<\/em><\/span><\/p>\n<p><span style=\"color: #000000;\">N\u00eb nj\u00eb deklarat\u00eb nga ekipi i Joe Bidenit, tha se Hunter kishte <em>&#8220;luftuar p\u00ebrmes sfidave t\u00eb v\u00ebshtira, duke p\u00ebrfshir\u00eb sulmet e mbrapshta personale t\u00eb muajve t\u00eb fundit, vet\u00ebm p\u00ebr t\u00eb dal\u00eb m\u00eb t\u00eb fort\u00eb&#8221;.<\/em><\/span><\/p>\n<p><span style=\"color: #000000;\">Hunter Biden tha se ai m\u00ebsoi p\u00ebr hetimin t\u00eb marten, por nuk b\u00ebri t\u00eb ditur ndonj\u00eb detaj tjet\u00ebr.<\/span><\/p>\n<p><span style=\"color: #000000;\">50-vje\u00e7ari \u00ebsht\u00eb v\u00ebn\u00eb shpesh n\u00eb sh\u00ebnjest\u00ebr t\u00eb kritikave gjat\u00eb fushat\u00ebs zgjedhore 2020, n\u00eb ve\u00e7anti p\u00ebr marr\u00ebdh\u00ebniet e tij t\u00eb biznesit n\u00eb Ukrain\u00eb dhe Kin\u00eb kur Joe Biden ishte z\u00ebvend\u00ebspresident n\u00eb administrat\u00ebn e Barack Obam\u00ebs.<\/span><\/p>\n<p><span style=\"color: #000000;\">Hetimi i ri n\u00eb lidhje me taksat e Hunter Biden vjen nd\u00ebrsa babai i tij mbledh kabinetin e tij. N\u00ebse \u00e7\u00ebshtja \u00ebsht\u00eb ende n\u00eb vazhdim kur Biden t\u00eb betohet n\u00eb detyr\u00eb muajin tjet\u00ebr, Associated Press v\u00ebren se i zgjedhuri i Bidenit p\u00ebr prokuror t\u00eb p\u00ebrgjithsh\u00ebm mund t\u00eb mos e shoh\u00eb \u00e7\u00ebshtjen si\u00e7 duhet.<\/span><\/p>\n","protected":false,"gt_translate_keys":[{"key":"rendered","format":"html"}]},"excerpt":{"rendered":"<p>Djali i Joe Biden, Hunter, \u00ebsht\u00eb v\u00ebn\u00eb n\u00ebn hetim p\u00ebr taksat. Si\u00e7 shkruan BBC, hetimi po kryhet nga prokuror\u00ebt federal\u00eb n\u00eb Dela\u00ebare. Hunter Biden tha se ai e ka marr\u00eb \u00e7\u00ebshtjen &#8220;shum\u00eb seriozisht&#8221; por ishte i bindur se nj\u00eb &#8220;rishikim objektiv&#8221; do t\u00eb tregonte se ai i kishte trajtuar pun\u00ebt e tij &#8220;ligj\u00ebrisht dhe n\u00eb [&hellip;]<\/p>\n","protected":false,"gt_translate_keys":[{"key":"rendered","format":"html"}]},"author":30,"featured_media":416851,"comment_status":"open","ping_status":"open","sticky":false,"template":"","format":"standard","meta":{"footnotes":""},"categories":[6],"tags":[],"class_list":["post-416850","post","type-post","status-publish","format-standard","has-post-thumbnail","hentry","category-nderkombetare"],"gt_translate_keys":[{"key":"link","format":"url"}],"_links":{"self":[{"href":"https:\/\/www.hashtag.al\/index.php\/wp-json\/wp\/v2\/posts\/416850","targetHints":{"allow":["GET"]}}],"collection":[{"href":"https:\/\/www.hashtag.al\/index.php\/wp-json\/wp\/v2\/posts"}],"about":[{"href":"https:\/\/www.hashtag.al\/index.php\/wp-json\/wp\/v2\/types\/post"}],"author":[{"embeddable":true,"href":"https:\/\/www.hashtag.al\/index.php\/wp-json\/wp\/v2\/users\/30"}],"replies":[{"embeddable":true,"href":"https:\/\/www.hashtag.al\/index.php\/wp-json\/wp\/v2\/comments?post=416850"}],"version-history":[{"count":0,"href":"https:\/\/www.hashtag.al\/index.php\/wp-json\/wp\/v2\/posts\/416850\/revisions"}],"wp:featuredmedia":[{"embeddable":true,"href":"https:\/\/www.hashtag.al\/index.php\/wp-json\/wp\/v2\/media\/416851"}],"wp:attachment":[{"href":"https:\/\/www.hashtag.al\/index.php\/wp-json\/wp\/v2\/media?parent=416850"}],"wp:term":[{"taxonomy":"category","embeddable":true,"href":"https:\/\/www.hashtag.al\/index.php\/wp-json\/wp\/v2\/categories?post=416850"},{"taxonomy":"post_tag","embeddable":true,"href":"https:\/\/www.hashtag.al\/index.php\/wp-json\/wp\/v2\/tags?post=416850"}],"curies":[{"name":"wp","href":"https:\/\/api.w.org\/{rel}","templated":true}]}}