{"id":416599,"date":"2020-12-09T09:37:06","date_gmt":"2020-12-09T08:37:06","guid":{"rendered":"https:\/\/hashtag.al\/?p=416599"},"modified":"2020-12-09T09:37:06","modified_gmt":"2020-12-09T08:37:06","slug":"makina-del-nga-rruga-ne-aksin-korce-pogradec-plagoset-lehte-shoferi-foto","status":"publish","type":"post","link":"https:\/\/www.hashtag.al\/index.php\/2020\/12\/09\/makina-del-nga-rruga-ne-aksin-korce-pogradec-plagoset-lehte-shoferi-foto\/","title":{"rendered":"Makina del nga rruga n\u00eb aksin Korc\u00eb-Pogradec, plagoset leht\u00eb shoferi (FOTO)","gt_translate_keys":[{"key":"rendered","format":"text"}]},"content":{"rendered":"<p><a href=\"https:\/\/hashtag.al\/wp-content\/uploads\/2020\/12\/d213b4bd-b53a-4655-9110-9e907c3c4ed5-1.jpg\"><img loading=\"lazy\" decoding=\"async\" class=\"aligncenter size-full wp-image-416601\" src=\"https:\/\/hashtag.al\/wp-content\/uploads\/2020\/12\/d213b4bd-b53a-4655-9110-9e907c3c4ed5-1.jpg\" alt=\"\" width=\"1280\" height=\"960\" srcset=\"https:\/\/www.hashtag.al\/wp-content\/uploads\/2020\/12\/d213b4bd-b53a-4655-9110-9e907c3c4ed5-1.jpg 1280w, https:\/\/www.hashtag.al\/wp-content\/uploads\/2020\/12\/d213b4bd-b53a-4655-9110-9e907c3c4ed5-1-300x225.jpg 300w, https:\/\/www.hashtag.al\/wp-content\/uploads\/2020\/12\/d213b4bd-b53a-4655-9110-9e907c3c4ed5-1-768x576.jpg 768w, https:\/\/www.hashtag.al\/wp-content\/uploads\/2020\/12\/d213b4bd-b53a-4655-9110-9e907c3c4ed5-1-1024x768.jpg 1024w\" sizes=\"auto, (max-width: 1280px) 100vw, 1280px\" \/><\/a><\/p>\n<p><span style=\"color: #000000;\">Nj\u00eb aksident ka ndodhur k\u00ebt\u00eb m\u00ebngjes n\u00eb aksin nacional Kor\u00e7\u00eb-Pogradec.<\/span><\/p>\n<p><span style=\"color: #000000;\">M\u00ebsohet se nj\u00eb automjet ka dal\u00eb nga rruga n\u00eb af\u00ebrsi t\u00eb fshatit Lumalas dhe ka p\u00ebrfunduar n\u00eb kanal.<\/span><\/p>\n<p><span style=\"color: #000000;\">Si pasoj\u00eb e aksidentit ka marr\u00eb disa l\u00ebndime drejtuesi i automjetit, i cili ndodhet jasht\u00eb rrezikut p\u00ebr jet\u00ebn.<\/span><\/p>\n<p><span style=\"color: #000000;\">Sipas gazet\u00ebs Shqiptarja.com, p\u00ebr shkak t\u00eb tronditjes ka qen\u00eb e v\u00ebshtir\u00eb nxjerrja e tij nga makina.<\/span><\/p>\n<p><span style=\"color: #000000;\">Paraprakisht dyshohet q\u00eb shkak i aksidentit t\u00eb ket\u00eb qen\u00eb shpejt\u00ebsia tej normave dhe lag\u00ebshtira n\u00eb rrug\u00eb.<a href=\"https:\/\/hashtag.al\/wp-content\/uploads\/2020\/12\/d213b4bd-b53a-4655-9110-9e907c3c4ed5.jpg\"><img loading=\"lazy\" decoding=\"async\" class=\"aligncenter size-full wp-image-416602\" src=\"https:\/\/hashtag.al\/wp-content\/uploads\/2020\/12\/d213b4bd-b53a-4655-9110-9e907c3c4ed5.jpg\" alt=\"\" width=\"1280\" height=\"960\" srcset=\"https:\/\/www.hashtag.al\/wp-content\/uploads\/2020\/12\/d213b4bd-b53a-4655-9110-9e907c3c4ed5.jpg 1280w, https:\/\/www.hashtag.al\/wp-content\/uploads\/2020\/12\/d213b4bd-b53a-4655-9110-9e907c3c4ed5-300x225.jpg 300w, https:\/\/www.hashtag.al\/wp-content\/uploads\/2020\/12\/d213b4bd-b53a-4655-9110-9e907c3c4ed5-768x576.jpg 768w, https:\/\/www.hashtag.al\/wp-content\/uploads\/2020\/12\/d213b4bd-b53a-4655-9110-9e907c3c4ed5-1024x768.jpg 1024w\" sizes=\"auto, (max-width: 1280px) 100vw, 1280px\" \/><\/a> <a href=\"https:\/\/hashtag.al\/wp-content\/uploads\/2020\/12\/29239baf-27f1-4a20-b319-18e399257e22.jpg\"><img loading=\"lazy\" decoding=\"async\" class=\"aligncenter size-full wp-image-416600\" src=\"https:\/\/hashtag.al\/wp-content\/uploads\/2020\/12\/29239baf-27f1-4a20-b319-18e399257e22.jpg\" alt=\"\" width=\"952\" height=\"1280\" srcset=\"https:\/\/www.hashtag.al\/wp-content\/uploads\/2020\/12\/29239baf-27f1-4a20-b319-18e399257e22.jpg 952w, https:\/\/www.hashtag.al\/wp-content\/uploads\/2020\/12\/29239baf-27f1-4a20-b319-18e399257e22-223x300.jpg 223w, https:\/\/www.hashtag.al\/wp-content\/uploads\/2020\/12\/29239baf-27f1-4a20-b319-18e399257e22-768x1033.jpg 768w, https:\/\/www.hashtag.al\/wp-content\/uploads\/2020\/12\/29239baf-27f1-4a20-b319-18e399257e22-762x1024.jpg 762w\" sizes=\"auto, (max-width: 952px) 100vw, 952px\" \/><\/a><\/span><\/p>\n","protected":false,"gt_translate_keys":[{"key":"rendered","format":"html"}]},"excerpt":{"rendered":"<p>Nj\u00eb aksident ka ndodhur k\u00ebt\u00eb m\u00ebngjes n\u00eb aksin nacional Kor\u00e7\u00eb-Pogradec. M\u00ebsohet se nj\u00eb automjet ka dal\u00eb nga rruga n\u00eb af\u00ebrsi t\u00eb fshatit Lumalas dhe ka p\u00ebrfunduar n\u00eb kanal. Si pasoj\u00eb e aksidentit ka marr\u00eb disa l\u00ebndime drejtuesi i automjetit, i cili ndodhet jasht\u00eb rrezikut p\u00ebr jet\u00ebn. Sipas gazet\u00ebs Shqiptarja.com, p\u00ebr shkak t\u00eb tronditjes ka qen\u00eb [&hellip;]<\/p>\n","protected":false,"gt_translate_keys":[{"key":"rendered","format":"html"}]},"author":30,"featured_media":416601,"comment_status":"open","ping_status":"open","sticky":false,"template":"","format":"standard","meta":{"footnotes":""},"categories":[65,13],"tags":[],"class_list":["post-416599","post","type-post","status-publish","format-standard","has-post-thumbnail","hentry","category-lajme","category-te-fundit"],"gt_translate_keys":[{"key":"link","format":"url"}],"_links":{"self":[{"href":"https:\/\/www.hashtag.al\/index.php\/wp-json\/wp\/v2\/posts\/416599","targetHints":{"allow":["GET"]}}],"collection":[{"href":"https:\/\/www.hashtag.al\/index.php\/wp-json\/wp\/v2\/posts"}],"about":[{"href":"https:\/\/www.hashtag.al\/index.php\/wp-json\/wp\/v2\/types\/post"}],"author":[{"embeddable":true,"href":"https:\/\/www.hashtag.al\/index.php\/wp-json\/wp\/v2\/users\/30"}],"replies":[{"embeddable":true,"href":"https:\/\/www.hashtag.al\/index.php\/wp-json\/wp\/v2\/comments?post=416599"}],"version-history":[{"count":0,"href":"https:\/\/www.hashtag.al\/index.php\/wp-json\/wp\/v2\/posts\/416599\/revisions"}],"wp:featuredmedia":[{"embeddable":true,"href":"https:\/\/www.hashtag.al\/index.php\/wp-json\/wp\/v2\/media\/416601"}],"wp:attachment":[{"href":"https:\/\/www.hashtag.al\/index.php\/wp-json\/wp\/v2\/media?parent=416599"}],"wp:term":[{"taxonomy":"category","embeddable":true,"href":"https:\/\/www.hashtag.al\/index.php\/wp-json\/wp\/v2\/categories?post=416599"},{"taxonomy":"post_tag","embeddable":true,"href":"https:\/\/www.hashtag.al\/index.php\/wp-json\/wp\/v2\/tags?post=416599"}],"curies":[{"name":"wp","href":"https:\/\/api.w.org\/{rel}","templated":true}]}}