{"id":416353,"date":"2020-12-08T09:43:09","date_gmt":"2020-12-08T08:43:09","guid":{"rendered":"https:\/\/hashtag.al\/?p=416353"},"modified":"2020-12-08T09:44:49","modified_gmt":"2020-12-08T08:44:49","slug":"vaksinohet-kunder-covid-19-personi-i-pare-ne-mbreterine-e-bashkuar","status":"publish","type":"post","link":"https:\/\/www.hashtag.al\/index.php\/2020\/12\/08\/vaksinohet-kunder-covid-19-personi-i-pare-ne-mbreterine-e-bashkuar\/","title":{"rendered":"Vaksinohet kund\u00ebr COVID-19 personi i par\u00eb n\u00eb Mbret\u00ebrin\u00eb e Bashkuar","gt_translate_keys":[{"key":"rendered","format":"text"}]},"content":{"rendered":"<p><span style=\"color: #000000;\"><a href=\"https:\/\/hashtag.al\/wp-content\/uploads\/2020\/12\/Keenan.jpg\"><img loading=\"lazy\" decoding=\"async\" class=\"aligncenter size-full wp-image-416354\" src=\"https:\/\/hashtag.al\/wp-content\/uploads\/2020\/12\/Keenan.jpg\" alt=\"\" width=\"615\" height=\"410\" srcset=\"https:\/\/www.hashtag.al\/wp-content\/uploads\/2020\/12\/Keenan.jpg 615w, https:\/\/www.hashtag.al\/wp-content\/uploads\/2020\/12\/Keenan-300x200.jpg 300w\" sizes=\"auto, (max-width: 615px) 100vw, 615px\" \/><\/a><\/span><\/p>\n<p><span style=\"color: #000000;\">Nj\u00eb grua 90-vje\u00e7are \u00ebsht\u00eb b\u00ebr\u00eb personi i par\u00eb q\u00eb \u00ebsht\u00eb vaksinuar kund\u00ebr Covidit si pjes\u00eb e programit t\u00eb vaksinimit masiv q\u00eb po shp\u00ebrndahet n\u00eb t\u00eb gjith\u00eb Mbret\u00ebrin\u00eb e Bashkuar.<\/span><\/p>\n<p><span style=\"color: #000000;\">Margaret Keenan, e cila mbush 91 vje\u00e7 jav\u00ebn e ardhshme, tha se kjo ishte<em> &#8220;dhurata m\u00eb e mir\u00eb p\u00ebr dit\u00eblindjen&#8221;.<\/em><\/span><\/p>\n<p><span style=\"color: #000000;\"><span style=\"color: #0000ff;\"><a style=\"color: #0000ff;\" href=\"https:\/\/www.bbc.com\/news\/uk-55227325\">BBC<\/a> <\/span>shkruan se e moshuara mori doz\u00ebn e par\u00eb t\u00eb vaksin\u00ebs s\u00eb \u201cPfizer\u201d dh\u00eb \u201cBioNTech\u201d n\u00eb or\u00ebn 06:31 t\u00eb m\u00ebngjesit.<\/span><\/p>\n<p><span style=\"color: #000000;\">Kjo \u00ebsht\u00eb e para nga 800,000 doza t\u00eb vaksin\u00ebs q\u00eb do t\u00eb jepen n\u00eb jav\u00ebt e ardhshme n\u00eb Britani.<\/span><\/p>\n<p><span style=\"color: #000000;\">Deri n\u00eb kat\u00ebr milion t\u00eb tjera priten t\u00eb jepen deri n\u00eb fund t\u00eb muajit.<\/span><\/p>\n<p><span style=\"color: #000000;\">Qendrat n\u00eb Mbret\u00ebrin\u00eb e Bashkuar do t\u00eb vaksinojn\u00eb t\u00eb moshuarit mbi 80 vje\u00e7 dhe disa an\u00ebtar\u00eb t\u00eb personelit sh\u00ebndet\u00ebsor dhe t\u00eb kujdesit intensive, t\u00eb cil\u00ebt kan\u00eb p\u00ebrpar\u00ebsi n\u00eb k\u00ebt\u00eb faz\u00eb.<\/span><\/p>\n<p><span style=\"color: #000000;\">Zonja Keenan, e cila \u00ebsht\u00eb me origjin\u00eb nga Enniskillen tha: <em>&#8220;Ndihem kaq e privilegjuar q\u00eb jam personi i par\u00eb i vaksinuar kund\u00ebr Covid-19, \u00ebsht\u00eb dhurata m\u00eb e mir\u00eb p\u00ebr dit\u00eblindjen e marr\u00eb me her\u00ebt, sepse kjo do t\u00eb thot\u00eb q\u00eb m\u00eb n\u00eb fund mund t\u00eb kaloj koh\u00eb me familjen time dhe miqt\u00eb n\u00eb Vitin e Ri pasi isha vet\u00ebm p\u00ebr pjes\u00ebn m\u00eb t\u00eb madhe t\u00eb vitit &#8220;.<\/em><\/span><\/p>\n<p><span style=\"color: #000000;\">Mbret\u00ebria e Bashkuar \u00ebsht\u00eb vendi i par\u00eb n\u00eb bot\u00eb q\u00eb fillon t\u00eb p\u00ebrdor\u00eb vaksin\u00ebn Pfizer pas miratimit t\u00eb saj jav\u00ebn e kaluar.<\/span><\/p>\n<p><a href=\"https:\/\/hashtag.al\/wp-content\/uploads\/2020\/12\/M-1.png\"><img loading=\"lazy\" decoding=\"async\" class=\"aligncenter size-full wp-image-416358\" src=\"https:\/\/hashtag.al\/wp-content\/uploads\/2020\/12\/M-1.png\" alt=\"\" width=\"800\" height=\"480\" srcset=\"https:\/\/www.hashtag.al\/wp-content\/uploads\/2020\/12\/M-1.png 800w, https:\/\/www.hashtag.al\/wp-content\/uploads\/2020\/12\/M-1-300x180.png 300w, https:\/\/www.hashtag.al\/wp-content\/uploads\/2020\/12\/M-1-768x461.png 768w\" sizes=\"auto, (max-width: 800px) 100vw, 800px\" \/><\/a><\/p>\n","protected":false,"gt_translate_keys":[{"key":"rendered","format":"html"}]},"excerpt":{"rendered":"<p>Nj\u00eb grua 90-vje\u00e7are \u00ebsht\u00eb b\u00ebr\u00eb personi i par\u00eb q\u00eb \u00ebsht\u00eb vaksinuar kund\u00ebr Covidit si pjes\u00eb e programit t\u00eb vaksinimit masiv q\u00eb po shp\u00ebrndahet n\u00eb t\u00eb gjith\u00eb Mbret\u00ebrin\u00eb e Bashkuar. Margaret Keenan, e cila mbush 91 vje\u00e7 jav\u00ebn e ardhshme, tha se kjo ishte &#8220;dhurata m\u00eb e mir\u00eb p\u00ebr dit\u00eblindjen&#8221;. BBC shkruan se e moshuara mori [&hellip;]<\/p>\n","protected":false,"gt_translate_keys":[{"key":"rendered","format":"html"}]},"author":30,"featured_media":416354,"comment_status":"open","ping_status":"open","sticky":false,"template":"","format":"standard","meta":{"footnotes":""},"categories":[6],"tags":[],"class_list":["post-416353","post","type-post","status-publish","format-standard","has-post-thumbnail","hentry","category-nderkombetare"],"gt_translate_keys":[{"key":"link","format":"url"}],"_links":{"self":[{"href":"https:\/\/www.hashtag.al\/index.php\/wp-json\/wp\/v2\/posts\/416353","targetHints":{"allow":["GET"]}}],"collection":[{"href":"https:\/\/www.hashtag.al\/index.php\/wp-json\/wp\/v2\/posts"}],"about":[{"href":"https:\/\/www.hashtag.al\/index.php\/wp-json\/wp\/v2\/types\/post"}],"author":[{"embeddable":true,"href":"https:\/\/www.hashtag.al\/index.php\/wp-json\/wp\/v2\/users\/30"}],"replies":[{"embeddable":true,"href":"https:\/\/www.hashtag.al\/index.php\/wp-json\/wp\/v2\/comments?post=416353"}],"version-history":[{"count":0,"href":"https:\/\/www.hashtag.al\/index.php\/wp-json\/wp\/v2\/posts\/416353\/revisions"}],"wp:featuredmedia":[{"embeddable":true,"href":"https:\/\/www.hashtag.al\/index.php\/wp-json\/wp\/v2\/media\/416354"}],"wp:attachment":[{"href":"https:\/\/www.hashtag.al\/index.php\/wp-json\/wp\/v2\/media?parent=416353"}],"wp:term":[{"taxonomy":"category","embeddable":true,"href":"https:\/\/www.hashtag.al\/index.php\/wp-json\/wp\/v2\/categories?post=416353"},{"taxonomy":"post_tag","embeddable":true,"href":"https:\/\/www.hashtag.al\/index.php\/wp-json\/wp\/v2\/tags?post=416353"}],"curies":[{"name":"wp","href":"https:\/\/api.w.org\/{rel}","templated":true}]}}