{"id":416335,"date":"2020-12-08T08:41:45","date_gmt":"2020-12-08T07:41:45","guid":{"rendered":"https:\/\/hashtag.al\/?p=416335"},"modified":"2020-12-08T08:43:50","modified_gmt":"2020-12-08T07:43:50","slug":"policia-jep-detaje-te-tjera-per-vrasjen-e-25-vjecarit-ne-laprake-gjetem-armen-qe-kishte-nxjerre","status":"publish","type":"post","link":"https:\/\/www.hashtag.al\/index.php\/2020\/12\/08\/policia-jep-detaje-te-tjera-per-vrasjen-e-25-vjecarit-ne-laprake-gjetem-armen-qe-kishte-nxjerre\/","title":{"rendered":"Policia jep detaje t\u00eb tjera p\u00ebr vrasjen e 25-vje\u00e7arit n\u00eb Laprak\u00eb: Gjet\u00ebm arm\u00ebn q\u00eb kishte nxjerr\u00eb","gt_translate_keys":[{"key":"rendered","format":"text"}]},"content":{"rendered":"<div id=\"attachment_416330\" style=\"width: 587px\" class=\"wp-caption aligncenter\"><a href=\"https:\/\/hashtag.al\/wp-content\/uploads\/2020\/12\/120351435_3276188465822097_2418529805348047911_n.jpg\"><img loading=\"lazy\" decoding=\"async\" aria-describedby=\"caption-attachment-416330\" class=\"size-full wp-image-416330\" src=\"https:\/\/hashtag.al\/wp-content\/uploads\/2020\/12\/120351435_3276188465822097_2418529805348047911_n.jpg\" alt=\"\" width=\"577\" height=\"960\" srcset=\"https:\/\/www.hashtag.al\/wp-content\/uploads\/2020\/12\/120351435_3276188465822097_2418529805348047911_n.jpg 577w, https:\/\/www.hashtag.al\/wp-content\/uploads\/2020\/12\/120351435_3276188465822097_2418529805348047911_n-180x300.jpg 180w\" sizes=\"auto, (max-width: 577px) 100vw, 577px\" \/><\/a><p id=\"caption-attachment-416330\" class=\"wp-caption-text\"><span style=\"color: #000000;\"><em>Klodjan Rasha<\/em><\/span><\/p><\/div>\n<p><span style=\"color: #000000;\">Policia e Tiran\u00ebs ka dh\u00ebn\u00eb detaje t\u00eb tjera lidhur me ngjarjen e ndodhur mbr\u00ebmjen e kaluar n\u00eb Laprak\u00eb, ku nj\u00eb efektiv q\u00eblloi p\u00ebr vdekje 25-vje\u00e7arin Klodjan Rasha.<\/span><\/p>\n<p><span style=\"color: #000000;\">Sipas policis\u00eb, pas kontrolleve n\u00eb vendin e ngjarjes u gjet dhe u sekuestrua pistoleta q\u00eb dyshohej se mbante i riu.<\/span><\/p>\n<p><em><span style=\"color: #000000;\">\u201cN\u00eb vijim t\u00eb informacionit paraprak t\u00eb dh\u00ebn\u00eb n\u00eb or\u00ebt e para t\u00eb m\u00ebngjesit t\u00eb sot\u00ebm n\u00eb lidhje me ngjarjen e ndodhur n\u00eb rrug\u00ebn \u201cDritan Hoxha\u201d ju informojm\u00eb se :<\/span><\/em><\/p>\n<p><em><span style=\"color: #000000;\">N\u00eb vijim t\u00eb veprimeve hetimore t\u00eb kryera nga Grupi i Posa\u00e7\u00ebm Hetimor i p\u00ebrb\u00ebr\u00eb nga SH\u00c7BA dhe Policia n\u00ebn drejtimin e Prokurorit gjat\u00eb k\u00ebqyrjes s\u00eb vendit t\u00eb ngjarjes dhe zon\u00ebs p\u00ebrreth u b\u00eb e mundur gjetja e arm\u00ebs s\u00eb zjarrit q\u00eb dyshohet se i p\u00ebrkiste shtetasit K.R, i cili nuk iu bind urdh\u00ebrit t\u00eb Punonj\u00ebsit t\u00eb Policis\u00eb p\u00ebr t\u00eb ndaluar.<\/span><\/em><\/p>\n<p><span style=\"color: #000000;\"><em>U sekuestrua n\u00eb cil\u00ebsin\u00eb e prov\u00ebs materiale arm\u00eb e zjarrit pistolet\u00eb me nj\u00eb kreh\u00ebr me fishek\u00eb.\u201d<\/em>&#8211; thot\u00eb policia, e cila shton se vijon puna nga grupi hetimor p\u00ebr zbardhjen e plot\u00eb t\u00eb ngjarjes.<\/span><\/p>\n<p><span style=\"color: #000000;\">25-vje\u00e7ari Klodjan Rasha u vra mbr\u00ebmjen e kaluar, pasi policia e kishte pikasur t\u00eb riun duke kryer \u201cveprime t\u00eb dyshimta\u201d. Pasi i kishin b\u00ebr\u00eb thirrje p\u00ebr t\u00eb ndaluar, i riu nuk \u00ebsht\u00eb bindur por \u00ebsht\u00eb larguar duke nxjerr\u00eb nj\u00eb objekt i cili dyshohej se ishte arm\u00eb. Nj\u00eb nga efektiv\u00ebt \u00ebsht\u00eb ndjer\u00eb i rrezikuar dhe p\u00ebr pasoj\u00eb ka q\u00eblluar n\u00eb drejtim t\u00eb tij, duke i marr\u00eb jet\u00ebn.<\/span><\/p>\n","protected":false,"gt_translate_keys":[{"key":"rendered","format":"html"}]},"excerpt":{"rendered":"<p>Policia e Tiran\u00ebs ka dh\u00ebn\u00eb detaje t\u00eb tjera lidhur me ngjarjen e ndodhur mbr\u00ebmjen e kaluar n\u00eb Laprak\u00eb, ku nj\u00eb efektiv q\u00eblloi p\u00ebr vdekje 25-vje\u00e7arin Klodjan Rasha. Sipas policis\u00eb, pas kontrolleve n\u00eb vendin e ngjarjes u gjet dhe u sekuestrua pistoleta q\u00eb dyshohej se mbante i riu. \u201cN\u00eb vijim t\u00eb informacionit paraprak t\u00eb dh\u00ebn\u00eb n\u00eb [&hellip;]<\/p>\n","protected":false,"gt_translate_keys":[{"key":"rendered","format":"html"}]},"author":30,"featured_media":416332,"comment_status":"open","ping_status":"open","sticky":false,"template":"","format":"standard","meta":{"footnotes":""},"categories":[65,13],"tags":[],"class_list":["post-416335","post","type-post","status-publish","format-standard","has-post-thumbnail","hentry","category-lajme","category-te-fundit"],"gt_translate_keys":[{"key":"link","format":"url"}],"_links":{"self":[{"href":"https:\/\/www.hashtag.al\/index.php\/wp-json\/wp\/v2\/posts\/416335","targetHints":{"allow":["GET"]}}],"collection":[{"href":"https:\/\/www.hashtag.al\/index.php\/wp-json\/wp\/v2\/posts"}],"about":[{"href":"https:\/\/www.hashtag.al\/index.php\/wp-json\/wp\/v2\/types\/post"}],"author":[{"embeddable":true,"href":"https:\/\/www.hashtag.al\/index.php\/wp-json\/wp\/v2\/users\/30"}],"replies":[{"embeddable":true,"href":"https:\/\/www.hashtag.al\/index.php\/wp-json\/wp\/v2\/comments?post=416335"}],"version-history":[{"count":0,"href":"https:\/\/www.hashtag.al\/index.php\/wp-json\/wp\/v2\/posts\/416335\/revisions"}],"wp:featuredmedia":[{"embeddable":true,"href":"https:\/\/www.hashtag.al\/index.php\/wp-json\/wp\/v2\/media\/416332"}],"wp:attachment":[{"href":"https:\/\/www.hashtag.al\/index.php\/wp-json\/wp\/v2\/media?parent=416335"}],"wp:term":[{"taxonomy":"category","embeddable":true,"href":"https:\/\/www.hashtag.al\/index.php\/wp-json\/wp\/v2\/categories?post=416335"},{"taxonomy":"post_tag","embeddable":true,"href":"https:\/\/www.hashtag.al\/index.php\/wp-json\/wp\/v2\/tags?post=416335"}],"curies":[{"name":"wp","href":"https:\/\/api.w.org\/{rel}","templated":true}]}}