{"id":415909,"date":"2020-12-06T08:00:30","date_gmt":"2020-12-06T07:00:30","guid":{"rendered":"https:\/\/hashtag.al\/?p=415909"},"modified":"2020-12-05T16:32:21","modified_gmt":"2020-12-05T15:32:21","slug":"muzeu-ne-moske-nxjerr-ne-ekspozite-pjesen-nga-kafka-e-adolf-hitlerit","status":"publish","type":"post","link":"https:\/\/www.hashtag.al\/index.php\/2020\/12\/06\/muzeu-ne-moske-nxjerr-ne-ekspozite-pjesen-nga-kafka-e-adolf-hitlerit\/","title":{"rendered":"Muzeu n\u00eb Mosk\u00eb nxjerr n\u00eb ekspozit\u00eb pjes\u00ebn nga &#8220;kafka e Adolf Hitlerit&#8221;","gt_translate_keys":[{"key":"rendered","format":"text"}]},"content":{"rendered":"<p><a href=\"https:\/\/hashtag.al\/wp-content\/uploads\/2020\/12\/muzeu.jpg\"><img loading=\"lazy\" decoding=\"async\" class=\"aligncenter size-full wp-image-415910\" src=\"https:\/\/hashtag.al\/wp-content\/uploads\/2020\/12\/muzeu.jpg\" alt=\"\" width=\"980\" height=\"551\" srcset=\"https:\/\/www.hashtag.al\/wp-content\/uploads\/2020\/12\/muzeu.jpg 980w, https:\/\/www.hashtag.al\/wp-content\/uploads\/2020\/12\/muzeu-300x169.jpg 300w, https:\/\/www.hashtag.al\/wp-content\/uploads\/2020\/12\/muzeu-768x432.jpg 768w\" sizes=\"auto, (max-width: 980px) 100vw, 980px\" \/><\/a><\/p>\n<p><span style=\"color: #000000;\">Nj\u00eb fragment kafke q\u00eb thuhet se \u00ebsht\u00eb pjes\u00eb e eshtrave t\u00eb liderit nazist Adolf Hitler \u00ebsht\u00eb vendosur n\u00eb nj\u00eb muze n\u00eb Mosk\u00eb, si pjes\u00eb e nj\u00eb ekspozite historike. <span style=\"color: #0000ff;\"><a style=\"color: #0000ff;\" href=\"https:\/\/www.rt.com\/russia\/508659-hitler-skull-exhibition-moscow\/\">RT<\/a> <\/span>shkruan se ekspozita \u00ebsht\u00eb pjes\u00eb e festimeve t\u00eb nj\u00ebqindvjetorit t\u00eb Arkivit Shtet\u00ebror t\u00eb Rusis\u00eb.<\/span><\/p>\n<p><span style=\"color: #000000;\">Pjesa e kafk\u00ebs do t\u00eb shfaqet n\u00eb muze deri m\u00eb 31 janar. Nd\u00ebr sendet e tjera q\u00eb tregohen p\u00ebr publikun jan\u00eb dhe plumbat dhe bajonetat q\u00eb bolshevik\u00ebt p\u00ebrdor\u00ebn p\u00ebr t\u00eb ekzekutuar monarkun e fundit t\u00eb vendit Nicholas II dhe familjen e tij n\u00eb vitin 1918.<\/span><\/p>\n<p><span style=\"color: #000000;\">Uebfaqja e re Life.ru citoi zyrtar\u00ebt e arkivit t\u00eb thoshin se fragmenti i kafk\u00ebs \u00ebsht\u00eb pjes\u00eb e <em>&#8220;mbetjeve t\u00eb supozuara t\u00eb Hitlerit&#8221;.<\/em> Ekspozita gjithashtu p\u00ebrmban dokumente t\u00eb klasifikuara sovjetike nga hetimi p\u00ebr vdekjen e liderit nazist.<\/span><\/p>\n<p><span style=\"color: #000000;\">Hitleri besohet se b\u00ebri vet\u00ebvrasje m\u00eb 30 prill t\u00eb vitit 1945 vet\u00ebm disa dit\u00eb para se trupat sovjetike t\u00eb kapnin Berlinin, duke i dh\u00ebn\u00eb fund Luft\u00ebs s\u00eb Dyt\u00eb Bot\u00ebrore n\u00eb Evrop\u00eb. Trupi i tij ishte zhytur n\u00eb benzin\u00eb \u200b\u200bdhe ishte djegur.<\/span><\/p>\n<p><span style=\"color: #000000;\">Mbetjet e Hitlerit u varros\u00ebn n\u00eb Magdeburg n\u00eb Gjermani n\u00eb vitin 1946, por qeveria Sovjetike pretendon se i zhvarrosi fshehurazi dhe e shkat\u00ebrroi varrin, nga shqet\u00ebsimi se vendi i varrimit mund t\u00eb kthehej n\u00eb nj\u00eb vend t\u00eb shenjt\u00eb p\u00ebr pasuesit e tij.<\/span><\/p>\n<p><span style=\"color: #000000;\">Moska vendosi t\u00eb mbaj\u00eb fragmentet e kafk\u00ebs dhe nofullave q\u00eb ishin p\u00ebrdorur p\u00ebr t\u00eb identifikuar udh\u00ebheq\u00ebsin nazist.<\/span><\/p>\n<p><span style=\"color: #000000;\">P\u00ebrgjat\u00eb viteve, shum\u00eb spekulime kan\u00eb qarkulluar n\u00eb lidhje me historin\u00eb e vet\u00ebvrasjes s\u00eb Hitlerit, nd\u00ebrsa ka patur dhe teori konspirative se ai ishte gjall\u00eb pas disfat\u00ebs s\u00eb Luft\u00ebs s\u00eb II Bot\u00ebrore, por ishte arratisur n\u00eb Amerik\u00ebn e Jugut.<\/span><\/p>\n<p><span style=\"color: #000000;\">N\u00eb vitin 2009, studiuesit amerikan\u00eb pretenduan se fragmenti i kafk\u00ebs i shfaqur n\u00eb kryeqytetin rus nuk i p\u00ebrkiste n\u00eb t\u00eb v\u00ebrtet\u00eb Hitlerit. Kreu i arkivave t\u00eb Sh\u00ebrbimit Federal t\u00eb Siguris\u00eb s\u00eb Rusis\u00eb (pasardh\u00ebsi i KGB-s\u00eb), Vasily Hristoforov, megjithat\u00eb, tha n\u00eb at\u00eb koh\u00eb se hetimi mjeko-ligjor sovjetik kishte v\u00ebrtetuar qart\u00eb se eshtrat q\u00eb tani mbahen n\u00eb Mosk\u00eb jan\u00eb t\u00eb liderit nazist.<\/span><\/p>\n","protected":false,"gt_translate_keys":[{"key":"rendered","format":"html"}]},"excerpt":{"rendered":"<p>Nj\u00eb fragment kafke q\u00eb thuhet se \u00ebsht\u00eb pjes\u00eb e eshtrave t\u00eb liderit nazist Adolf Hitler \u00ebsht\u00eb vendosur n\u00eb nj\u00eb muze n\u00eb Mosk\u00eb, si pjes\u00eb e nj\u00eb ekspozite historike. RT shkruan se ekspozita \u00ebsht\u00eb pjes\u00eb e festimeve t\u00eb nj\u00ebqindvjetorit t\u00eb Arkivit Shtet\u00ebror t\u00eb Rusis\u00eb. Pjesa e kafk\u00ebs do t\u00eb shfaqet n\u00eb muze deri m\u00eb 31 janar. [&hellip;]<\/p>\n","protected":false,"gt_translate_keys":[{"key":"rendered","format":"html"}]},"author":30,"featured_media":415910,"comment_status":"open","ping_status":"open","sticky":false,"template":"","format":"standard","meta":{"footnotes":""},"categories":[53,6],"tags":[],"class_list":["post-415909","post","type-post","status-publish","format-standard","has-post-thumbnail","hentry","category-fast-foodi","category-nderkombetare"],"gt_translate_keys":[{"key":"link","format":"url"}],"_links":{"self":[{"href":"https:\/\/www.hashtag.al\/index.php\/wp-json\/wp\/v2\/posts\/415909","targetHints":{"allow":["GET"]}}],"collection":[{"href":"https:\/\/www.hashtag.al\/index.php\/wp-json\/wp\/v2\/posts"}],"about":[{"href":"https:\/\/www.hashtag.al\/index.php\/wp-json\/wp\/v2\/types\/post"}],"author":[{"embeddable":true,"href":"https:\/\/www.hashtag.al\/index.php\/wp-json\/wp\/v2\/users\/30"}],"replies":[{"embeddable":true,"href":"https:\/\/www.hashtag.al\/index.php\/wp-json\/wp\/v2\/comments?post=415909"}],"version-history":[{"count":0,"href":"https:\/\/www.hashtag.al\/index.php\/wp-json\/wp\/v2\/posts\/415909\/revisions"}],"wp:featuredmedia":[{"embeddable":true,"href":"https:\/\/www.hashtag.al\/index.php\/wp-json\/wp\/v2\/media\/415910"}],"wp:attachment":[{"href":"https:\/\/www.hashtag.al\/index.php\/wp-json\/wp\/v2\/media?parent=415909"}],"wp:term":[{"taxonomy":"category","embeddable":true,"href":"https:\/\/www.hashtag.al\/index.php\/wp-json\/wp\/v2\/categories?post=415909"},{"taxonomy":"post_tag","embeddable":true,"href":"https:\/\/www.hashtag.al\/index.php\/wp-json\/wp\/v2\/tags?post=415909"}],"curies":[{"name":"wp","href":"https:\/\/api.w.org\/{rel}","templated":true}]}}