{"id":415729,"date":"2020-12-04T20:33:57","date_gmt":"2020-12-04T19:33:57","guid":{"rendered":"https:\/\/hashtag.al\/?p=415729"},"modified":"2020-12-04T20:33:57","modified_gmt":"2020-12-04T19:33:57","slug":"befason-bosi-i-pfizer-it-sjemi-te-sigurt-se-vaksina-e-frenon-shperndarjen-e-covid-19-duhet-shqyrtuar","status":"publish","type":"post","link":"https:\/\/www.hashtag.al\/index.php\/2020\/12\/04\/befason-bosi-i-pfizer-it-sjemi-te-sigurt-se-vaksina-e-frenon-shperndarjen-e-covid-19-duhet-shqyrtuar\/","title":{"rendered":"Befason bosi i Pfizer-it: S&#8217;jemi t\u00eb sigurt se vaksina e frenon shp\u00ebrndarjen e Covid-19, duhet shqyrtuar","gt_translate_keys":[{"key":"rendered","format":"text"}]},"content":{"rendered":"<p><img loading=\"lazy\" decoding=\"async\" class=\"aligncenter size-full wp-image-415730\" src=\"https:\/\/hashtag.al\/wp-content\/uploads\/2020\/12\/pfizer-1.jpg\" alt=\"\" width=\"980\" height=\"551\" srcset=\"https:\/\/www.hashtag.al\/wp-content\/uploads\/2020\/12\/pfizer-1.jpg 980w, https:\/\/www.hashtag.al\/wp-content\/uploads\/2020\/12\/pfizer-1-300x169.jpg 300w, https:\/\/www.hashtag.al\/wp-content\/uploads\/2020\/12\/pfizer-1-768x432.jpg 768w\" sizes=\"auto, (max-width: 980px) 100vw, 980px\" \/><\/p>\n<p><span style=\"color: #000000;\">Drejtuesi i lart\u00eb i gjigantit farmaceutik \u2018Pfizer\u2019 tha se ende nuk \u00ebsht\u00eb e qart\u00eb n\u00ebse ata q\u00eb do e b\u00ebjn\u00eb vaksin\u00ebn kund\u00ebr Covid-19 do jen\u00eb n\u00eb gjendje ta transmetojn\u00eb koronavirusin tek t\u00eb tjer\u00ebt, vet\u00ebm nj\u00eb dit\u00eb pasi Mbret\u00ebria e Bashkuar u b\u00eb e para q\u00eb miratoi b\u00ebrjen e vaksin\u00ebs s\u00eb kompanis\u00eb.<\/span><\/p>\n<p><span style=\"color: #000000;\">Nd\u00ebrsa CEO-ja i Pfizer, Albert Bourla, tha se ai pret q\u00eb vaksina t\u00eb p\u00ebrhapet shpejt pasi t\u00eb marr\u00eb drit\u00ebn jeshile nga zyrtar\u00ebt sh\u00ebndet\u00ebsor\u00eb amerikan\u00eb, duke ndjekur hapat e Britanis\u00eb. <\/span><\/p>\n<p><span style=\"color: #000000;\">Ai vuri n\u00eb dukje se mbetet t\u00eb shihet n\u00ebse ata q\u00eb doe b\u00ebjn\u00eb vaksin\u00ebn do e ken\u00eb dhe do e p\u00ebr\u00e7ojn\u00eb virusin te t\u00eb tjer\u00ebt.<\/span><\/p>\n<p><span style=\"color: #000000;\"><em>&#8220;Edhe pse kam pasur mbrojtjen pas vaksin\u00ebs, a jam ende n\u00eb gjendje t&#8217;ia transmetoj at\u00eb njer\u00ebzve t\u00eb tjer\u00eb?&#8221;<\/em> \u2013 pyeti gazetari Lester Holt i NBC, duke nxitur nj\u00eb p\u00ebrgjigje befasuese nga Bourla:<\/span><\/p>\n<blockquote><p><span style=\"color: #000000;\"><em>\u201cUn\u00eb mendoj se kjo \u00ebsht\u00eb di\u00e7ka q\u00eb duhet t\u00eb shqyrtohet. Ne nuk jemi t\u00eb sigurt p\u00ebr k\u00ebt\u00eb tani.\u201d<\/em><\/span><\/p><\/blockquote>\n<p><span style=\"color: #000000;\">Muajin e kaluar, Pfizer njoftoi se vaksina e saj &#8211; e zhvilluar s\u00eb bashku me firm\u00ebn gjermane BioNTech &#8211; ishte provuar t\u00eb ishte m\u00eb shum\u00eb se 90 p\u00ebr qind efektive n\u00eb dh\u00ebnien e imunitetit te personat q\u00eb mor\u00ebn pjes\u00eb n\u00eb testime, duke marr\u00eb drit\u00ebn jeshile nga autoritetet sh\u00ebndet\u00ebsore t\u00eb Mbret\u00ebris\u00eb s\u00eb Bashkuar t\u00eb m\u00ebrkur\u00ebn p\u00ebr t\u00eb filluar shp\u00ebrndarjen p\u00ebr p\u00ebrdorim t\u00eb gjer\u00eb.<\/span><\/p>\n","protected":false,"gt_translate_keys":[{"key":"rendered","format":"html"}]},"excerpt":{"rendered":"<p>Drejtuesi i lart\u00eb i gjigantit farmaceutik \u2018Pfizer\u2019 tha se ende nuk \u00ebsht\u00eb e qart\u00eb n\u00ebse ata q\u00eb do e b\u00ebjn\u00eb vaksin\u00ebn kund\u00ebr Covid-19 do jen\u00eb n\u00eb gjendje ta transmetojn\u00eb koronavirusin tek t\u00eb tjer\u00ebt, vet\u00ebm nj\u00eb dit\u00eb pasi Mbret\u00ebria e Bashkuar u b\u00eb e para q\u00eb miratoi b\u00ebrjen e vaksin\u00ebs s\u00eb kompanis\u00eb. Nd\u00ebrsa CEO-ja i Pfizer, [&hellip;]<\/p>\n","protected":false,"gt_translate_keys":[{"key":"rendered","format":"html"}]},"author":51,"featured_media":415731,"comment_status":"open","ping_status":"open","sticky":false,"template":"","format":"standard","meta":{"footnotes":""},"categories":[6],"tags":[],"class_list":["post-415729","post","type-post","status-publish","format-standard","has-post-thumbnail","hentry","category-nderkombetare"],"gt_translate_keys":[{"key":"link","format":"url"}],"_links":{"self":[{"href":"https:\/\/www.hashtag.al\/index.php\/wp-json\/wp\/v2\/posts\/415729","targetHints":{"allow":["GET"]}}],"collection":[{"href":"https:\/\/www.hashtag.al\/index.php\/wp-json\/wp\/v2\/posts"}],"about":[{"href":"https:\/\/www.hashtag.al\/index.php\/wp-json\/wp\/v2\/types\/post"}],"author":[{"embeddable":true,"href":"https:\/\/www.hashtag.al\/index.php\/wp-json\/wp\/v2\/users\/51"}],"replies":[{"embeddable":true,"href":"https:\/\/www.hashtag.al\/index.php\/wp-json\/wp\/v2\/comments?post=415729"}],"version-history":[{"count":0,"href":"https:\/\/www.hashtag.al\/index.php\/wp-json\/wp\/v2\/posts\/415729\/revisions"}],"wp:featuredmedia":[{"embeddable":true,"href":"https:\/\/www.hashtag.al\/index.php\/wp-json\/wp\/v2\/media\/415731"}],"wp:attachment":[{"href":"https:\/\/www.hashtag.al\/index.php\/wp-json\/wp\/v2\/media?parent=415729"}],"wp:term":[{"taxonomy":"category","embeddable":true,"href":"https:\/\/www.hashtag.al\/index.php\/wp-json\/wp\/v2\/categories?post=415729"},{"taxonomy":"post_tag","embeddable":true,"href":"https:\/\/www.hashtag.al\/index.php\/wp-json\/wp\/v2\/tags?post=415729"}],"curies":[{"name":"wp","href":"https:\/\/api.w.org\/{rel}","templated":true}]}}