{"id":415664,"date":"2020-12-04T15:57:28","date_gmt":"2020-12-04T14:57:28","guid":{"rendered":"https:\/\/hashtag.al\/?p=415664"},"modified":"2020-12-04T16:01:08","modified_gmt":"2020-12-04T15:01:08","slug":"erdogan-shpresoj-qe-franca-ta-heqe-qafe-macronin-shpejt","status":"publish","type":"post","link":"https:\/\/www.hashtag.al\/index.php\/2020\/12\/04\/erdogan-shpresoj-qe-franca-ta-heqe-qafe-macronin-shpejt\/","title":{"rendered":"Erdogan: Shpresoj q\u00eb Franca ta heq\u00eb qafe Macronin shpejt","gt_translate_keys":[{"key":"rendered","format":"text"}]},"content":{"rendered":"<p><a href=\"https:\/\/hashtag.al\/wp-content\/uploads\/2020\/12\/Erdogan-MAcron.jpg\"><img loading=\"lazy\" decoding=\"async\" class=\"aligncenter size-full wp-image-415666\" src=\"https:\/\/hashtag.al\/wp-content\/uploads\/2020\/12\/Erdogan-MAcron.jpg\" alt=\"\" width=\"1320\" height=\"880\" srcset=\"https:\/\/www.hashtag.al\/wp-content\/uploads\/2020\/12\/Erdogan-MAcron.jpg 1320w, https:\/\/www.hashtag.al\/wp-content\/uploads\/2020\/12\/Erdogan-MAcron-300x200.jpg 300w, https:\/\/www.hashtag.al\/wp-content\/uploads\/2020\/12\/Erdogan-MAcron-768x512.jpg 768w, https:\/\/www.hashtag.al\/wp-content\/uploads\/2020\/12\/Erdogan-MAcron-1024x683.jpg 1024w\" sizes=\"auto, (max-width: 1320px) 100vw, 1320px\" \/><\/a><\/p>\n<p><span style=\"color: #000000;\">Lideri turk Rexhep Tajip Erdogan ka deklaruar se Franca duhet t\u00eb heq\u00eb qafe presidentin francez Emmanuel Macron, q\u00eb sipas tij i ka shkaktuar nj\u00eb barr\u00eb t\u00eb r\u00ebnd\u00eb vendit.<\/span><\/p>\n<p><span style=\"color: #000000;\">Erdogan i b\u00ebri k\u00ebto komente nd\u00ebrsa fliste me grupin e nd\u00ebrmjet\u00ebsimit t\u00eb OSBE-s\u00eb p\u00ebr konfliktin e Nago-Karabakut mes Armenis\u00eb dhe Azerbajxhanit.<\/span><\/p>\n<p><span style=\"color: #000000;\"><em>\u201cRoli i Franc\u00ebs si nd\u00ebrmjet\u00ebs ishte zhdukur me kalimin e viteve. Macron \u00ebsht\u00eb nj\u00eb barr\u00eb p\u00ebr Franc\u00ebn. Macron dhe Franca n\u00eb t\u00eb v\u00ebrtet\u00eb po kalojn\u00eb nj\u00eb periudh\u00eb shum\u00eb t\u00eb rrezikshme. Shpresa ime \u00ebsht\u00eb q\u00eb Franca t\u00eb heq\u00eb qafe problemin Macron sa m\u00eb shpejt t\u00eb jet\u00eb e mundur.\u201d-<\/em> deklaroi Erdogan, citon <span style=\"color: #0000ff;\"><a style=\"color: #0000ff;\" href=\"https:\/\/www.rt.com\/news\/508683-erdogan-macron-france-burden\/\">RT<\/a><\/span>.<\/span><\/p>\n<p><span style=\"color: #000000;\">Jav\u00ebn e kaluar, Senati i Franc\u00ebs, miratoi nj\u00eb rezolut\u00eb jo-detyruese q\u00eb i b\u00ebn thirrje Parisit t\u00eb njoh\u00eb zyrtarisht pavar\u00ebsin\u00eb e Nago-Karabakut, edhe pse k\u00ebmb\u00ebnguli se nuk do t\u00eb kishte efekt n\u00eb politik\u00ebn e saj t\u00eb jashtme. Kjo rezolut\u00eb u kritikua shum\u00eb nga Azerbajxhani dhe nga Turqia.<\/span><\/p>\n<p><span style=\"color: #000000;\"><em>&#8220;V\u00ebllai i dashur Ilham Aliyev tha q\u00eb n\u00ebse ata i duan aq shum\u00eb armen\u00ebt, duhet t&#8217;i japin Marsej\u00ebn armen\u00ebve dhe un\u00eb po jap t\u00eb nj\u00ebjt\u00ebn k\u00ebshill\u00eb.&#8221;-<\/em> tha Erdogan duke iu referuar nj\u00eb deklarate t\u00eb m\u00ebparshme t\u00eb Aliyev.<\/span><\/p>\n<p><span style=\"color: #000000;\">Kjo nuk \u00ebsht\u00eb hera e par\u00eb q\u00eb Erdogan e sulmon presidentin Macron. M\u00eb par\u00eb dy lider\u00ebt jan\u00eb p\u00ebrplasur mbi retorik\u00ebn p\u00ebr Islamin dhe grupet radikale myslimane n\u00eb Franc\u00eb, pas vrasjes s\u00eb m\u00ebsuesit francez Samuel Paty.<\/span><\/p>\n<div id=\"attachment_415665\" style=\"width: 990px\" class=\"wp-caption aligncenter\"><a href=\"https:\/\/hashtag.al\/wp-content\/uploads\/2020\/12\/5fca3f5185f5406f4b1ce653.jpg\"><img loading=\"lazy\" decoding=\"async\" aria-describedby=\"caption-attachment-415665\" class=\"wp-image-415665 size-full\" src=\"https:\/\/hashtag.al\/wp-content\/uploads\/2020\/12\/5fca3f5185f5406f4b1ce653.jpg\" alt=\"\" width=\"980\" height=\"551\" srcset=\"https:\/\/www.hashtag.al\/wp-content\/uploads\/2020\/12\/5fca3f5185f5406f4b1ce653.jpg 980w, https:\/\/www.hashtag.al\/wp-content\/uploads\/2020\/12\/5fca3f5185f5406f4b1ce653-300x169.jpg 300w, https:\/\/www.hashtag.al\/wp-content\/uploads\/2020\/12\/5fca3f5185f5406f4b1ce653-768x432.jpg 768w\" sizes=\"auto, (max-width: 980px) 100vw, 980px\" \/><\/a><p id=\"caption-attachment-415665\" class=\"wp-caption-text\"><span style=\"color: #000000;\"><em>Protestuesit n\u00eb Stamboll duke djegur karikaturat e memet e presidentit francez Emmanuel Macron, Tetor 2020<\/em><\/span><\/p><\/div>\n","protected":false,"gt_translate_keys":[{"key":"rendered","format":"html"}]},"excerpt":{"rendered":"<p>Lideri turk Rexhep Tajip Erdogan ka deklaruar se Franca duhet t\u00eb heq\u00eb qafe presidentin francez Emmanuel Macron, q\u00eb sipas tij i ka shkaktuar nj\u00eb barr\u00eb t\u00eb r\u00ebnd\u00eb vendit. Erdogan i b\u00ebri k\u00ebto komente nd\u00ebrsa fliste me grupin e nd\u00ebrmjet\u00ebsimit t\u00eb OSBE-s\u00eb p\u00ebr konfliktin e Nago-Karabakut mes Armenis\u00eb dhe Azerbajxhanit. \u201cRoli i Franc\u00ebs si nd\u00ebrmjet\u00ebs ishte [&hellip;]<\/p>\n","protected":false,"gt_translate_keys":[{"key":"rendered","format":"html"}]},"author":30,"featured_media":415666,"comment_status":"open","ping_status":"open","sticky":false,"template":"","format":"standard","meta":{"footnotes":""},"categories":[6],"tags":[],"class_list":["post-415664","post","type-post","status-publish","format-standard","has-post-thumbnail","hentry","category-nderkombetare"],"gt_translate_keys":[{"key":"link","format":"url"}],"_links":{"self":[{"href":"https:\/\/www.hashtag.al\/index.php\/wp-json\/wp\/v2\/posts\/415664","targetHints":{"allow":["GET"]}}],"collection":[{"href":"https:\/\/www.hashtag.al\/index.php\/wp-json\/wp\/v2\/posts"}],"about":[{"href":"https:\/\/www.hashtag.al\/index.php\/wp-json\/wp\/v2\/types\/post"}],"author":[{"embeddable":true,"href":"https:\/\/www.hashtag.al\/index.php\/wp-json\/wp\/v2\/users\/30"}],"replies":[{"embeddable":true,"href":"https:\/\/www.hashtag.al\/index.php\/wp-json\/wp\/v2\/comments?post=415664"}],"version-history":[{"count":0,"href":"https:\/\/www.hashtag.al\/index.php\/wp-json\/wp\/v2\/posts\/415664\/revisions"}],"wp:featuredmedia":[{"embeddable":true,"href":"https:\/\/www.hashtag.al\/index.php\/wp-json\/wp\/v2\/media\/415666"}],"wp:attachment":[{"href":"https:\/\/www.hashtag.al\/index.php\/wp-json\/wp\/v2\/media?parent=415664"}],"wp:term":[{"taxonomy":"category","embeddable":true,"href":"https:\/\/www.hashtag.al\/index.php\/wp-json\/wp\/v2\/categories?post=415664"},{"taxonomy":"post_tag","embeddable":true,"href":"https:\/\/www.hashtag.al\/index.php\/wp-json\/wp\/v2\/tags?post=415664"}],"curies":[{"name":"wp","href":"https:\/\/api.w.org\/{rel}","templated":true}]}}