{"id":415656,"date":"2020-12-04T15:39:27","date_gmt":"2020-12-04T14:39:27","guid":{"rendered":"https:\/\/hashtag.al\/?p=415656"},"modified":"2020-12-04T15:41:19","modified_gmt":"2020-12-04T14:41:19","slug":"pd-padit-ne-spak-olta-xhacken-rrezikon-3-7-vjet-burg-se-shperdoroi-detyren","status":"publish","type":"post","link":"https:\/\/www.hashtag.al\/index.php\/2020\/12\/04\/pd-padit-ne-spak-olta-xhacken-rrezikon-3-7-vjet-burg-se-shperdoroi-detyren\/","title":{"rendered":"PD padit n\u00eb SPAK Olta Xha\u00e7k\u00ebn: Rrezikon 3-7 vjet burg se shp\u00ebrdoroi detyr\u00ebn","gt_translate_keys":[{"key":"rendered","format":"text"}]},"content":{"rendered":"<p><a href=\"https:\/\/hashtag.al\/wp-content\/uploads\/2020\/12\/WhatsApp-Image-2020-12-04-at-15.19.28.jpeg\"><img loading=\"lazy\" decoding=\"async\" class=\"aligncenter size-full wp-image-415658\" src=\"https:\/\/hashtag.al\/wp-content\/uploads\/2020\/12\/WhatsApp-Image-2020-12-04-at-15.19.28.jpeg\" alt=\"\" width=\"1280\" height=\"719\" srcset=\"https:\/\/www.hashtag.al\/wp-content\/uploads\/2020\/12\/WhatsApp-Image-2020-12-04-at-15.19.28.jpeg 1280w, https:\/\/www.hashtag.al\/wp-content\/uploads\/2020\/12\/WhatsApp-Image-2020-12-04-at-15.19.28-300x169.jpeg 300w, https:\/\/www.hashtag.al\/wp-content\/uploads\/2020\/12\/WhatsApp-Image-2020-12-04-at-15.19.28-768x431.jpeg 768w, https:\/\/www.hashtag.al\/wp-content\/uploads\/2020\/12\/WhatsApp-Image-2020-12-04-at-15.19.28-1024x575.jpeg 1024w\" sizes=\"auto, (max-width: 1280px) 100vw, 1280px\" \/><\/a><\/p>\n<p><span style=\"color: #000000;\">Pas akuzave t\u00eb vazhdueshme ndaj ministres s\u00eb Mbrojtjes Olta Xha\u00e7ka, opozita sot e ka \u00e7uar n\u00eb SPAK at\u00eb.<\/span><\/p>\n<p><span style=\"color: #000000;\">Ish-deputet\u00ebt Albana Vokshi dhe Gent Strazimiri t\u00eb Partis\u00eb Demokratike, dol\u00ebn sot n\u00eb nj\u00eb deklarat\u00eb p\u00ebr mediet ku than\u00eb se kan\u00eb dor\u00ebzuar padin\u00eb ndaj ministres Xha\u00e7ka t\u00eb cil\u00ebn e akuzojn\u00eb se ka shp\u00ebrdoruar parat\u00eb e taksapaguesve p\u00ebr t\u00eb udh\u00ebtuar me helicopter n\u00eb Peshkopi p\u00ebr takime elektorale.<\/span><\/p>\n<p><span style=\"color: #000000;\">Demokrat\u00ebt than\u00eb se n\u00eb kall\u00ebzimin penal, kan\u00eb\u00a0argumentuar me fakte konkrete t\u00eb fluturimeve dhe t\u00eb aktiviteteve elektorale t\u00eb PS-s\u00eb n\u00eb Dib\u00ebr n\u00eb t\u00eb nj\u00ebjt\u00ebn dit\u00eb.<\/span><\/p>\n<p><span style=\"color: #000000;\">Xha\u00e7ka akuzohet nga PD-ja se ka kryer vepr\u00ebn penale t\u00eb shp\u00ebrdorimit t\u00eb detyr\u00ebs dhe t\u00eb p\u00ebrdorimit t\u00eb funksionit publik p\u00ebr veprimtari politike dhe zgjedhore.<\/span><\/p>\n<p><span style=\"color: #000000;\">P\u00ebr secil\u00ebn nga shkeljet e ligjit, Kodi Penal parashikon p\u00ebrkat\u00ebsisht deri n\u00eb 7 dhe deri m\u00eb 3 vjet burg<\/span><\/p>\n<p><span style=\"color: #000000;\"><em>\u201cN\u00eb koh\u00ebn q\u00eb ministrja e Mbrojtjes, p\u00ebr pushtetin e Edi Ram\u00ebs, abuzon me helikopterin, i cili kushton deri n\u00eb 10 mij\u00eb euro p\u00ebr nj\u00eb udh\u00ebtim, n\u00ebnat nuk \u00e7\u2019t\u2019u japin f\u00ebmij\u00ebve p\u00ebr t\u00eb ngr\u00ebn\u00eb, nuk mundet t\u2019i arsimojn\u00eb, mij\u00ebra prej tyre jetojn\u00eb akoma n\u00eb \u00e7adra me kushte mizerab\u00ebl, n\u00eb varf\u00ebri ekstreme, nuk mund t\u00eb p\u00ebrballojn\u00eb kurat dhe ila\u00e7et, nuk mund t\u00eb b\u00ebjn\u00eb nj\u00eb tampon. Jan\u00eb me mij\u00ebra m\u00ebsuese q\u00eb rrezikojn\u00eb \u00e7do or\u00eb, q\u00eb shfryt\u00ebzohen si skllave, me dhjet\u00ebra or\u00eb t\u00eb papaguara ne jav\u00eb q\u00eb nuk arrijne te paguajn\u00eb p\u00ebr ila\u00e7et dhe kurat anticovid.\u201d-<\/em> u shpreh Albana Vokshi.<\/span><\/p>\n<p><span style=\"color: #000000;\">P\u00ebrve\u00e7 Ministres s\u00eb Mbrojtjes, faktet n\u00eb kall\u00ebzim penal implikojn\u00eb r\u00ebnd\u00eb edhe Komandantin e Forcave Ajrore, i cili ka manipuluar arsyet e udh\u00ebtimit t\u00eb helikopterit, duke i deklaruar p\u00ebr q\u00ebllime st\u00ebrvitore, kur \u00ebsht\u00eb e provuar se q\u00ebllimi ka qen\u00eb elektoral, n\u00eb interes t\u00eb PS.\u00a0<\/span><\/p>\n<p><span style=\"color: #000000;\"><em>\u201cPartia Demokratike kreu detyr\u00ebn e saj qytetare duke ia sjell\u00eb SPAK-ut t\u00eb gjith\u00eb dokumentacionin q\u00eb disponon s\u00eb bashku me provat perkat\u00ebse duke i dh\u00ebn\u00eb nj\u00eb mund\u00ebsi p\u00ebr t\u00eb treguar q\u00eb nuk \u00ebsht\u00eb e kapur nga qeveria, por \u00ebsht\u00eb n\u00eb sh\u00ebrbim t\u00eb ligjit dhe t\u00eb interesit publik\u201d-<\/em> tha Strazimiri.<\/span><\/p>\n<p><span style=\"color: #000000;\">N\u00eb kall\u00ebzimin e dor\u00ebzuar sot, PD i k\u00ebrkon SPAK-ut q\u00eb t\u00eb trajtoj\u00eb t\u00eb gjith\u00eb nj\u00ebsoj p\u00ebrpara ligjit.<\/span><\/p>\n<p><a href=\"https:\/\/hashtag.al\/wp-content\/uploads\/2020\/12\/padiaaa-xhacka-pd.jpg\"><img loading=\"lazy\" decoding=\"async\" class=\"aligncenter size-full wp-image-415657\" src=\"https:\/\/hashtag.al\/wp-content\/uploads\/2020\/12\/padiaaa-xhacka-pd.jpg\" alt=\"\" width=\"765\" height=\"1024\" srcset=\"https:\/\/www.hashtag.al\/wp-content\/uploads\/2020\/12\/padiaaa-xhacka-pd.jpg 765w, https:\/\/www.hashtag.al\/wp-content\/uploads\/2020\/12\/padiaaa-xhacka-pd-224x300.jpg 224w\" sizes=\"auto, (max-width: 765px) 100vw, 765px\" \/><\/a><\/p>\n<p><strong><span style=\"color: #000000;\">DEKLARATA E VOKSHIT<\/span><\/strong><\/p>\n<p><span style=\"color: #000000;\">Jemi tek Prokuroria e Posa\u00e7me kund\u00ebr Korrupsionit dhe Krimit t\u00eb Organizuar p\u00ebr t\u00eb sjell\u00eb kall\u00ebzimin p\u00ebr Ministren e Mbrojtjes, znj.Olta Xha\u00e7ka dhe drejtuesin e Forc\u00ebs Ajrore t\u00eb Republik\u00ebs s\u00eb Shqip\u00ebris\u00eb, n\u00eb lidhje me denoncimin q\u00eb kemi b\u00ebr\u00eb q\u00eb prej dy jav\u00ebsh tashm\u00eb, me abuzimin me fondet publike dhe shp\u00ebrdorimin e postit.<\/span><\/p>\n<p><span style=\"color: #000000;\">Sikurse e p\u00ebrmenda, prej dy jav\u00ebsh Partia Demokratike ka denoncuar me fakte konkrete, me prova filmike abuzimin me fondet publike t\u00eb minsitr\u00ebs se Mbrojtjes, Olta Xha\u00e7ka. Ajo q\u00eb n\u00eb momentin q\u00eb \u00ebsh\u00ebt caktuar drejtuese poiltik\u00eb e Edi Ram\u00ebs n\u00eb Qarkun e Dibr\u00ebs, ka p\u00ebrdorur si taksi personale, helikopterin e Forcave t\u00eb Armatosura. E ka p\u00ebrdorur k\u00ebt\u00eb helikopter n\u00eb m\u00ebnyr\u00eb t\u00eb p\u00ebrs\u00ebritur, t\u00eb vijueshme q\u00eb prej nj\u00eb viti. PD ka shfaqur edhe prova filmike n\u00eb lidhje me v\u00ebrtet\u00ebsin\u00eb e k\u00ebtij denoncimi. Gjithashtu kemi shfaqur datat t\u00eb cilat ajo ka udh\u00ebtuar.<\/span><\/p>\n<p><span style=\"color: #000000;\">Vet\u00ebm n\u00eb dy muajt e fundit jan\u00eb 22 udh\u00ebtime t\u00eb b\u00ebra nga Olta Xha\u00e7ka n\u00eb Qarkun Dib\u00ebr, udh\u00ebtime q\u00eb nuk kan\u00eb asnj\u00eb lidhje me postin e Ministres s\u00eb Mbrojtjes, por kan\u00eb lidhje me organizime t\u00eb strukturave t\u00eb partis\u00eb Socialiste, pra me fushat\u00ebn elektorale t\u00eb PS n\u00eb Qarkun Dib\u00ebr. Nj\u00eb udh\u00ebtim kushton nga 5 deri n\u00eb 10 mij\u00eb euro. N\u00eb vet\u00ebm dy muajt e fundit jan\u00eb mbi 100 milion\u00eb lek\u00eb t\u00eb shpenzuara, pra t\u00eb abuzuara, nga ministrja e Mbrojtjes. N\u00eb kushtet e nj\u00eb krize t\u00eb thell\u00eb ekonomike, shoq\u00ebrore, sh\u00ebndet\u00ebsore, ky akt abuzimi t\u00eb fondeve publike shkon p\u00ebrtej pap\u00ebrgjegjshm\u00ebris\u00eb.<\/span><\/p>\n<p><span style=\"color: #000000;\">K\u00ebto dit\u00ebt e fundit un\u00eb kam marr\u00eb me qindra mesazhe nga gra, nga n\u00ebna t\u00eb cilat jan\u00eb t\u00eb revoltuara, jan\u00eb t\u00eb frustruara p\u00ebr abuzimin q\u00eb nj\u00eb grua, nj\u00eb n\u00ebn\u00eb ka b\u00ebr\u00eb me parat\u00eb e taksave t\u00eb tyre. N\u00eb koh\u00ebn q\u00eb Ministrja e Mbrojtjes abuzon me helikopterin i cili kushton deri n\u00eb 10 mij\u00eb euro p\u00ebr nj\u00eb udh\u00ebtim p\u00ebr ruajtjen e pushtetit t\u00eb Edi Ram\u00ebs, n\u00ebnat nuk \u00e7\u2019t\u2019u japin f\u00ebmij\u00ebve p\u00ebr t\u00eb ngr\u00ebn\u00eb, nuk mundet t\u2019i arsimojn\u00eb, Jan\u00eb me qindra, me mij\u00ebra gra t\u00eb cilat ende sot jetojn\u00eb n\u00eb \u00e7adra sepse banesat e tyre u shemb\u00ebn nga t\u00ebrmeti, Jetojn\u00eb m\u00eb kushte mizerab\u00ebl, n\u00eb varf\u00ebri ekstreme.<\/span><\/p>\n<p><span style=\"color: #000000;\">N\u00eb koh\u00ebn kur ministrja shpenzon n\u00eb 2 muaj mbi 100 milion\u00eb Euro n\u00ebnat jetojn\u00eb m\u00eb shum\u00eb se n\u00eb varf\u00ebri. Nuk mund t\u00eb p\u00ebrballojn\u00eb kurat dhe ila\u00e7et p\u00ebr t\u00eb af\u00ebrmit e tyre, p\u00ebr f\u00ebmijet e tyre, nuk mund t\u00eb b\u00ebjn\u00eb nj\u00eb tampon. Jan\u00eb me mij\u00ebra m\u00ebsuese q\u00eb rrezikojn\u00eb \u00e7do or\u00eb q\u00eb shfryt\u00ebzohen si skllave sepse ka me dhjet\u00ebra or\u00eb t\u00eb papaguara ne jav\u00eb q\u00eb nuk arrijn\u00eb t\u00eb paguajn\u00eb p\u00ebr ila\u00e7et dhe kurat anticovid.<\/span><\/p>\n<p><span style=\"color: #000000;\">Kjo shkon p\u00ebrtej pap\u00ebrgjegjshm\u00ebris\u00eb. Kemi pritur prej dy jav\u00ebsh q\u00eb ministrja dhe Kryeministri t\u00eb reagojn\u00eb. Ndaj jemi k\u00ebtu pran\u00eb Prokuroris\u00eb s\u00eb Posa\u00e7me kund\u00ebr Korrupsionit dhe Krimit t\u00eb Organizuar n\u00eb m\u00ebnyr\u00eb q\u00eb t\u00eb d\u00ebrgojm\u00eb k\u00ebt\u00eb kall\u00ebzim. I k\u00ebrkojm\u00eb prokuroris\u00eb, SPAK-ut, q\u00eb t\u00eb kryej\u00eb hetime t\u00eb thelluara, profesionale.<\/span><\/p>\n<p><a href=\"https:\/\/hashtag.al\/wp-content\/uploads\/2020\/12\/WhatsApp-Image-2020-12-04-at-15.19.39.jpeg\"><img loading=\"lazy\" decoding=\"async\" class=\"aligncenter size-full wp-image-415659\" src=\"https:\/\/hashtag.al\/wp-content\/uploads\/2020\/12\/WhatsApp-Image-2020-12-04-at-15.19.39.jpeg\" alt=\"\" width=\"1280\" height=\"719\" srcset=\"https:\/\/www.hashtag.al\/wp-content\/uploads\/2020\/12\/WhatsApp-Image-2020-12-04-at-15.19.39.jpeg 1280w, https:\/\/www.hashtag.al\/wp-content\/uploads\/2020\/12\/WhatsApp-Image-2020-12-04-at-15.19.39-300x169.jpeg 300w, https:\/\/www.hashtag.al\/wp-content\/uploads\/2020\/12\/WhatsApp-Image-2020-12-04-at-15.19.39-768x431.jpeg 768w, https:\/\/www.hashtag.al\/wp-content\/uploads\/2020\/12\/WhatsApp-Image-2020-12-04-at-15.19.39-1024x575.jpeg 1024w\" sizes=\"auto, (max-width: 1280px) 100vw, 1280px\" \/><\/a><\/p>\n<p><strong><span style=\"color: #000000;\">DEKLARATA E STRAZIMIRIT<\/span><\/strong><\/p>\n<p><span style=\"color: #000000;\">T\u00eb gjitha k\u00ebto q\u00eb tha zonja Vokshi p\u00ebrb\u00ebjn\u00eb vep\u00ebr penale dhe n\u00eb baz\u00eb t\u00eb Kodit Penal p\u00ebrmblidhen n\u00eb tre vepra penale, p\u00ebr Ministre e Mbrojtjes\u00a0 shp\u00ebrdorim i detyr\u00ebs dhe p\u00ebrdorim i funksionit p\u00ebr veprimtari politike apo fushate zgjedhore si dhe secilin prej atyre ushtarak\u00ebve t\u00eb cil\u00ebt kan\u00eb pasur p\u00ebr detyr\u00eb t\u00eb ndalojn\u00eb k\u00ebt\u00eb abuzim dhe viedhje t\u00eb saj ve\u00e7an\u00ebrisht n\u00eb k\u00ebt\u00eb koh\u00eb pandemie dhe halli t\u00eb madh p\u00ebr pjes\u00ebn m\u00eb t\u00eb madhe t\u00eb shqiptar\u00ebve, do te duhet t\u00eb pergjigjen p\u00ebr shp\u00ebrdorim t\u00eb autoritetit ushtarak.<\/span><\/p>\n<p><span style=\"color: #000000;\">Ligji \u00ebsht\u00eb i qart\u00eb q\u00eb funksionari publik, Ministri apo cilido prej drejtuesve te lart\u00eb t\u00eb shtetit, ve\u00e7an\u00ebrisht p\u00ebrsa i perket mjeteve ushtarake, nuk mundet t&#8217;i p\u00ebrdor\u00eb perve\u00e7se brenda funksionit t\u00eb tij zyrtar.<\/span><\/p>\n<p><span style=\"color: #000000;\">Shqip\u00ebria q\u00eb duam, apo secila prej slloganeve te PS, apo secila prej mbledhjeve t\u00eb PS, nuk kan\u00eb lidhje me funksionin publik apo funksionit shtet\u00ebror t\u00eb Ministres Olta Xha\u00e7ka.<\/span><\/p>\n<p><span style=\"color: #000000;\">K\u00ebshtu q\u00eb, perdorimi i mjeteve ushtarake, t\u00eb Forcave t\u00eb Armatosira, p\u00ebr t\u00eb shkuar n\u00eb k\u00ebto mbledhje si\u00e7 ajo vet\u00eb d\u00ebshmon p\u00ebrmes facebook-ut t\u00eb saj, p\u00ebrb\u00ebn vep\u00ebr penale dhe jan\u00eb vepra t\u00eb r\u00ebnda p\u00ebr te cilat merret Gjykata e Posa\u00e7me kund\u00ebr Krimit dhe Korrupsionit dhe Prokuroria p\u00ebrkat\u00ebse dhe jan\u00eb vepra q\u00eb d\u00ebnohen n\u00eb jo m\u00eb pak se 7 vjet burg, ose jo m\u00eb pak se 3 vjet burg.<\/span><\/p>\n<p><span style=\"color: #000000;\">Partia Demokratike kreu detyr\u00ebn e saj qytetare duke ia sjell\u00eb SPAK-ut t\u00eb gjith\u00eb dokumentacionin q\u00eb disponon s\u00eb bashku me provat perkat\u00ebse duke i dh\u00ebn\u00eb nj\u00eb mund\u00ebsi p\u00ebr t\u00eb treguar q\u00eb nuk \u00ebsht\u00eb e kapur nga qeveria, por \u00ebsht\u00eb n\u00eb sh\u00ebrbim t\u00eb ligjit dhe t\u00eb interesit publik.<\/span><\/p>\n","protected":false,"gt_translate_keys":[{"key":"rendered","format":"html"}]},"excerpt":{"rendered":"<p>Pas akuzave t\u00eb vazhdueshme ndaj ministres s\u00eb Mbrojtjes Olta Xha\u00e7ka, opozita sot e ka \u00e7uar n\u00eb SPAK at\u00eb. Ish-deputet\u00ebt Albana Vokshi dhe Gent Strazimiri t\u00eb Partis\u00eb Demokratike, dol\u00ebn sot n\u00eb nj\u00eb deklarat\u00eb p\u00ebr mediet ku than\u00eb se kan\u00eb dor\u00ebzuar padin\u00eb ndaj ministres Xha\u00e7ka t\u00eb cil\u00ebn e akuzojn\u00eb se ka shp\u00ebrdoruar parat\u00eb e taksapaguesve p\u00ebr t\u00eb [&hellip;]<\/p>\n","protected":false,"gt_translate_keys":[{"key":"rendered","format":"html"}]},"author":30,"featured_media":415658,"comment_status":"open","ping_status":"open","sticky":false,"template":"","format":"standard","meta":{"footnotes":""},"categories":[65,13],"tags":[],"class_list":["post-415656","post","type-post","status-publish","format-standard","has-post-thumbnail","hentry","category-lajme","category-te-fundit"],"gt_translate_keys":[{"key":"link","format":"url"}],"_links":{"self":[{"href":"https:\/\/www.hashtag.al\/index.php\/wp-json\/wp\/v2\/posts\/415656","targetHints":{"allow":["GET"]}}],"collection":[{"href":"https:\/\/www.hashtag.al\/index.php\/wp-json\/wp\/v2\/posts"}],"about":[{"href":"https:\/\/www.hashtag.al\/index.php\/wp-json\/wp\/v2\/types\/post"}],"author":[{"embeddable":true,"href":"https:\/\/www.hashtag.al\/index.php\/wp-json\/wp\/v2\/users\/30"}],"replies":[{"embeddable":true,"href":"https:\/\/www.hashtag.al\/index.php\/wp-json\/wp\/v2\/comments?post=415656"}],"version-history":[{"count":0,"href":"https:\/\/www.hashtag.al\/index.php\/wp-json\/wp\/v2\/posts\/415656\/revisions"}],"wp:featuredmedia":[{"embeddable":true,"href":"https:\/\/www.hashtag.al\/index.php\/wp-json\/wp\/v2\/media\/415658"}],"wp:attachment":[{"href":"https:\/\/www.hashtag.al\/index.php\/wp-json\/wp\/v2\/media?parent=415656"}],"wp:term":[{"taxonomy":"category","embeddable":true,"href":"https:\/\/www.hashtag.al\/index.php\/wp-json\/wp\/v2\/categories?post=415656"},{"taxonomy":"post_tag","embeddable":true,"href":"https:\/\/www.hashtag.al\/index.php\/wp-json\/wp\/v2\/tags?post=415656"}],"curies":[{"name":"wp","href":"https:\/\/api.w.org\/{rel}","templated":true}]}}