{"id":415513,"date":"2020-12-03T20:16:38","date_gmt":"2020-12-03T19:16:38","guid":{"rendered":"https:\/\/hashtag.al\/?p=415513"},"modified":"2020-12-03T20:17:40","modified_gmt":"2020-12-03T19:17:40","slug":"basha-reagon-per-projektligjin-kunder-meme-krijueseve-qe-rama-e-mohoi-nuk-jep-ndihme-financiare-por-perpiqet-tiu-mbylle-gojen-kritikeve","status":"publish","type":"post","link":"https:\/\/www.hashtag.al\/index.php\/2020\/12\/03\/basha-reagon-per-projektligjin-kunder-meme-krijueseve-qe-rama-e-mohoi-nuk-jep-ndihme-financiare-por-perpiqet-tiu-mbylle-gojen-kritikeve\/","title":{"rendered":"Basha reagon p\u00ebr projektligjin kund\u00ebr \u201cmeme-krijues\u00ebve\u201d q\u00eb Rama e mohoi: Nuk jep ndihm\u00eb financiare por p\u00ebrpiqet t&#8217;iu mbyll\u00eb goj\u00ebn kritik\u00ebve","gt_translate_keys":[{"key":"rendered","format":"text"}]},"content":{"rendered":"<p><img loading=\"lazy\" decoding=\"async\" class=\"aligncenter size-full wp-image-411133\" src=\"https:\/\/hashtag.al\/wp-content\/uploads\/2020\/11\/lulzim-basha-real-story-770x443.png\" alt=\"\" width=\"770\" height=\"443\" srcset=\"https:\/\/www.hashtag.al\/wp-content\/uploads\/2020\/11\/lulzim-basha-real-story-770x443.png 770w, https:\/\/www.hashtag.al\/wp-content\/uploads\/2020\/11\/lulzim-basha-real-story-770x443-300x173.png 300w, https:\/\/www.hashtag.al\/wp-content\/uploads\/2020\/11\/lulzim-basha-real-story-770x443-768x442.png 768w\" sizes=\"auto, (max-width: 770px) 100vw, 770px\" \/><\/p>\n<p><span style=\"color: #000000;\">Kreu i PD-s\u00eb Lulzim Basha ka reaguar p\u00ebr lajmin mbi qarkullimin e nj\u00eb projektligji i cili do d\u00ebnoj\u00eb personat q\u00eb b\u00ebjn\u00eb meme pa p\u00eblqimin e dikujt.<\/span><\/p>\n<p><span style=\"color: #000000;\">Basha thot\u00eb se Rama po p\u00ebrpiqet tu mbyll\u00eb goj\u00ebn kritik\u00ebve nd\u00ebrkoh\u00eb q\u00eb duhet t\u00eb jepte ndihm\u00eb financiare dhe t\u00eb shp\u00ebtonte jet\u00ebt e njer\u00ebzve.<\/span><\/p>\n<p><span style=\"color: #000000;\">\u201c<em>Nuk punon p\u00ebr t\u00eb shp\u00ebtuar jet\u00eb njer\u00ebzish dhe p\u00ebr t\u00eb ndihmuar sh\u00ebndet\u00ebsine, por gjen koh\u00eb t\u00eb merret me meme. Nuk jep ndihm\u00eb financiare p\u00ebr shqiptar\u00ebt n\u00eb k\u00ebto dit\u00eb t\u00eb v\u00ebshtira, por p\u00ebrpiqet tu mbyll\u00eb goj\u00ebn kritik\u00ebve. N\u00ebse gjith\u00eb koh\u00ebn dhe parat\u00eb e harxhuara p\u00ebr t\u00eb fshehur t\u00eb v\u00ebrtet\u00ebn e d\u00ebshtimit me pandemin\u00eb dhe kriz\u00ebn, do ti kishte shpenzuar p\u00ebr t\u00eb ndihmuar shqiptar\u00ebt, Shqip\u00ebria nuk do t\u00eb ishte sot vendi me ndihm\u00ebn m\u00eb t\u00eb ul\u00ebt ekonomike, shpenzimet m\u00eb t\u00eb ul\u00ebta sh\u00ebndet\u00ebsore dhe papun\u00ebsin\u00eb m\u00eb t\u00eb lart\u00eb. P\u00ebr 7 vite Rama nuk mbajti asnj\u00eb premtim. Boll m\u00eb!\u201d-<\/em>shkruan Basha.<\/span><\/p>\n<p><span style=\"color: #000000;\">M\u00eb her\u00ebt, kryeministri Edi Rama mohoi se po p\u00ebrgatitet nj\u00eb ligj i till\u00eb n\u00eb zyrat e institucioneve ligjv\u00ebn\u00ebse.<\/span><\/p>\n","protected":false,"gt_translate_keys":[{"key":"rendered","format":"html"}]},"excerpt":{"rendered":"<p>Kreu i PD-s\u00eb Lulzim Basha ka reaguar p\u00ebr lajmin mbi qarkullimin e nj\u00eb projektligji i cili do d\u00ebnoj\u00eb personat q\u00eb b\u00ebjn\u00eb meme pa p\u00eblqimin e dikujt. Basha thot\u00eb se Rama po p\u00ebrpiqet tu mbyll\u00eb goj\u00ebn kritik\u00ebve nd\u00ebrkoh\u00eb q\u00eb duhet t\u00eb jepte ndihm\u00eb financiare dhe t\u00eb shp\u00ebtonte jet\u00ebt e njer\u00ebzve. \u201cNuk punon p\u00ebr t\u00eb shp\u00ebtuar jet\u00eb [&hellip;]<\/p>\n","protected":false,"gt_translate_keys":[{"key":"rendered","format":"html"}]},"author":32,"featured_media":409737,"comment_status":"open","ping_status":"open","sticky":false,"template":"","format":"standard","meta":{"footnotes":""},"categories":[65,13],"tags":[175,401,402,245],"class_list":["post-415513","post","type-post","status-publish","format-standard","has-post-thumbnail","hentry","category-lajme","category-te-fundit","tag-basha","tag-meme","tag-projektligj","tag-rama"],"gt_translate_keys":[{"key":"link","format":"url"}],"_links":{"self":[{"href":"https:\/\/www.hashtag.al\/index.php\/wp-json\/wp\/v2\/posts\/415513","targetHints":{"allow":["GET"]}}],"collection":[{"href":"https:\/\/www.hashtag.al\/index.php\/wp-json\/wp\/v2\/posts"}],"about":[{"href":"https:\/\/www.hashtag.al\/index.php\/wp-json\/wp\/v2\/types\/post"}],"author":[{"embeddable":true,"href":"https:\/\/www.hashtag.al\/index.php\/wp-json\/wp\/v2\/users\/32"}],"replies":[{"embeddable":true,"href":"https:\/\/www.hashtag.al\/index.php\/wp-json\/wp\/v2\/comments?post=415513"}],"version-history":[{"count":0,"href":"https:\/\/www.hashtag.al\/index.php\/wp-json\/wp\/v2\/posts\/415513\/revisions"}],"wp:featuredmedia":[{"embeddable":true,"href":"https:\/\/www.hashtag.al\/index.php\/wp-json\/wp\/v2\/media\/409737"}],"wp:attachment":[{"href":"https:\/\/www.hashtag.al\/index.php\/wp-json\/wp\/v2\/media?parent=415513"}],"wp:term":[{"taxonomy":"category","embeddable":true,"href":"https:\/\/www.hashtag.al\/index.php\/wp-json\/wp\/v2\/categories?post=415513"},{"taxonomy":"post_tag","embeddable":true,"href":"https:\/\/www.hashtag.al\/index.php\/wp-json\/wp\/v2\/tags?post=415513"}],"curies":[{"name":"wp","href":"https:\/\/api.w.org\/{rel}","templated":true}]}}