{"id":415507,"date":"2020-12-03T19:25:55","date_gmt":"2020-12-03T18:25:55","guid":{"rendered":"https:\/\/hashtag.al\/?p=415507"},"modified":"2020-12-03T19:25:55","modified_gmt":"2020-12-03T18:25:55","slug":"mbi-23-mije-te-infektuar-dhe-993-viktima-nga-covid-19-ne-itali","status":"publish","type":"post","link":"https:\/\/www.hashtag.al\/index.php\/2020\/12\/03\/mbi-23-mije-te-infektuar-dhe-993-viktima-nga-covid-19-ne-itali\/","title":{"rendered":"Mbi 23 mij\u00eb t\u00eb infektuar dhe 993 viktima nga Covid-19 n\u00eb Itali","gt_translate_keys":[{"key":"rendered","format":"text"}]},"content":{"rendered":"<p><img loading=\"lazy\" decoding=\"async\" class=\"aligncenter size-full wp-image-410618\" src=\"https:\/\/hashtag.al\/wp-content\/uploads\/2020\/11\/spitali.jpg\" alt=\"\" width=\"900\" height=\"706\" srcset=\"https:\/\/www.hashtag.al\/wp-content\/uploads\/2020\/11\/spitali.jpg 900w, https:\/\/www.hashtag.al\/wp-content\/uploads\/2020\/11\/spitali-300x235.jpg 300w, https:\/\/www.hashtag.al\/wp-content\/uploads\/2020\/11\/spitali-768x602.jpg 768w\" sizes=\"auto, (max-width: 900px) 100vw, 900px\" \/><\/p>\n<p>N\u00eb 24 or\u00ebt e fundit kan\u00eb humbur jet\u00ebn 993 persona nga COVID-19, nd\u00ebrsa jan\u00eb infektuar 23 225 raste t\u00eb reja.<\/p>\n<p>Gjendja n\u00eb Itali e shkaktuar nga koronavirusi \u00ebsht\u00eb kritike pavar\u00ebsish masave q\u00eb po nd\u00ebrmerren p\u00ebr parandalimin e p\u00ebrhapjes s\u00eb virusit.<\/p>\n<p>Nj\u00eb dit\u00eb m\u00eb par\u00eb jan\u00eb regjistruar 20,709 raste pozitive t\u00eb reja dhe 684 viktima. T\u00eb sh\u00ebruarit gjat\u00eb dit\u00ebs s\u00eb sotme jan\u00eb mbi 23 47, nd\u00ebrsa Lombardia mbetet rajoni m\u00eb i prekur.<\/p>\n<p>&nbsp;<\/p>\n","protected":false,"gt_translate_keys":[{"key":"rendered","format":"html"}]},"excerpt":{"rendered":"<p>N\u00eb 24 or\u00ebt e fundit kan\u00eb humbur jet\u00ebn 993 persona nga COVID-19, nd\u00ebrsa jan\u00eb infektuar 23 225 raste t\u00eb reja. Gjendja n\u00eb Itali e shkaktuar nga koronavirusi \u00ebsht\u00eb kritike pavar\u00ebsish masave q\u00eb po nd\u00ebrmerren p\u00ebr parandalimin e p\u00ebrhapjes s\u00eb virusit. Nj\u00eb dit\u00eb m\u00eb par\u00eb jan\u00eb regjistruar 20,709 raste pozitive t\u00eb reja dhe 684 viktima. T\u00eb [&hellip;]<\/p>\n","protected":false,"gt_translate_keys":[{"key":"rendered","format":"html"}]},"author":32,"featured_media":373067,"comment_status":"open","ping_status":"open","sticky":false,"template":"","format":"standard","meta":{"footnotes":""},"categories":[6,13],"tags":[],"class_list":["post-415507","post","type-post","status-publish","format-standard","has-post-thumbnail","hentry","category-nderkombetare","category-te-fundit"],"gt_translate_keys":[{"key":"link","format":"url"}],"_links":{"self":[{"href":"https:\/\/www.hashtag.al\/index.php\/wp-json\/wp\/v2\/posts\/415507","targetHints":{"allow":["GET"]}}],"collection":[{"href":"https:\/\/www.hashtag.al\/index.php\/wp-json\/wp\/v2\/posts"}],"about":[{"href":"https:\/\/www.hashtag.al\/index.php\/wp-json\/wp\/v2\/types\/post"}],"author":[{"embeddable":true,"href":"https:\/\/www.hashtag.al\/index.php\/wp-json\/wp\/v2\/users\/32"}],"replies":[{"embeddable":true,"href":"https:\/\/www.hashtag.al\/index.php\/wp-json\/wp\/v2\/comments?post=415507"}],"version-history":[{"count":0,"href":"https:\/\/www.hashtag.al\/index.php\/wp-json\/wp\/v2\/posts\/415507\/revisions"}],"wp:featuredmedia":[{"embeddable":true,"href":"https:\/\/www.hashtag.al\/index.php\/wp-json\/wp\/v2\/media\/373067"}],"wp:attachment":[{"href":"https:\/\/www.hashtag.al\/index.php\/wp-json\/wp\/v2\/media?parent=415507"}],"wp:term":[{"taxonomy":"category","embeddable":true,"href":"https:\/\/www.hashtag.al\/index.php\/wp-json\/wp\/v2\/categories?post=415507"},{"taxonomy":"post_tag","embeddable":true,"href":"https:\/\/www.hashtag.al\/index.php\/wp-json\/wp\/v2\/tags?post=415507"}],"curies":[{"name":"wp","href":"https:\/\/api.w.org\/{rel}","templated":true}]}}