{"id":415375,"date":"2020-12-03T10:48:09","date_gmt":"2020-12-03T09:48:09","guid":{"rendered":"https:\/\/hashtag.al\/?p=415375"},"modified":"2020-12-03T10:53:49","modified_gmt":"2020-12-03T09:53:49","slug":"vete-dhembet-i-rregullojne-ne-klinika-europiane-valteri-sulmon-lideret-politike-shqiptare-per-mos-hapjen-e-negociatave","status":"publish","type":"post","link":"https:\/\/www.hashtag.al\/index.php\/2020\/12\/03\/vete-dhembet-i-rregullojne-ne-klinika-europiane-valteri-sulmon-lideret-politike-shqiptare-per-mos-hapjen-e-negociatave\/","title":{"rendered":"\u201cVet\u00eb dh\u00ebmb\u00ebt i rregullojn\u00eb n\u00eb klinika europiane\u201d \u2013 Valteri sulmon lider\u00ebt politik\u00eb shqiptar\u00eb p\u00ebr mos hapjen e negociatave","gt_translate_keys":[{"key":"rendered","format":"text"}]},"content":{"rendered":"<p><span style=\"color: #000000;\"><a style=\"color: #000000;\" href=\"https:\/\/hashtag.al\/wp-content\/uploads\/2020\/11\/VALTERI.jpg\"><img loading=\"lazy\" decoding=\"async\" class=\"aligncenter size-full wp-image-410050\" src=\"https:\/\/hashtag.al\/wp-content\/uploads\/2020\/11\/VALTERI.jpg\" alt=\"\" width=\"1394\" height=\"788\" srcset=\"https:\/\/www.hashtag.al\/wp-content\/uploads\/2020\/11\/VALTERI.jpg 1394w, https:\/\/www.hashtag.al\/wp-content\/uploads\/2020\/11\/VALTERI-300x170.jpg 300w, https:\/\/www.hashtag.al\/wp-content\/uploads\/2020\/11\/VALTERI-768x434.jpg 768w, https:\/\/www.hashtag.al\/wp-content\/uploads\/2020\/11\/VALTERI-1024x579.jpg 1024w\" sizes=\"auto, (max-width: 1394px) 100vw, 1394px\" \/><\/a><\/span><\/p>\n<p><span style=\"color: #000000;\">N\u00eb seanc\u00ebn e sotme plenare n\u00eb Kuvend, deputeti Halit Valteri ka ngritur akuza ndaj maxhoranc\u00ebs si dhe ndaj opozit\u00ebs jasht\u00ebparlamentare lidhur me shtyrjen e cceljes s\u00eb negociatave.<\/span><\/p>\n<p><span style=\"color: #000000;\">Ai thot\u00eb se vet\u00eb lider\u00ebt e partive politike edhe dh\u00ebmb\u00ebt i rregullojn\u00eb n\u00eb klinika europiane jasht\u00eb vendit.<\/span><\/p>\n<p><span style=\"color: #000000;\">nga foltorja e Kuvendit ka shp\u00ebrthyer n\u00eb akuza ndaj qeveris\u00eb por dhe opozit\u00ebs jasht\u00ebparlamentare sa i takon shtyrjes s\u00eb \u00e7eljes s\u00eb negociatave me BE. Ai pohoi se vendi ka p\u00ebrfunduar n\u00eb duart 4 pak oligark\u00ebve, nd\u00ebrkoh\u00eb q\u00eb p\u00ebr integrimin e vendit nuk punojn\u00eb.<\/span><\/p>\n<p><span style=\"color: #000000;\">Sipas Valterit, negociatat nuk do t\u00eb hapen n\u00ebse t\u00eb korruptuarit nuk shkojn\u00eb para drejt\u00ebsis\u00eb.<\/span><\/p>\n<p><span style=\"color: #000000;\"><em>\u00a0\u201cPavar\u00ebsisht p\u00ebrmir\u00ebsimit t\u00eb ligjeve, Shqip\u00ebria do t\u00eb jet\u00eb p\u00ebr shum\u00eb koh\u00eb nj\u00eb vend q\u00eb nuk do t\u00eb parap\u00eblqehet p\u00ebr investimet e huaja dhe kjo vjen p\u00ebr shkak t\u00eb mos transparenc\u00ebs n\u00eb prokurimet publike Kemi nd\u00ebrtuar nj\u00eb ekonomi q\u00eb bazohet tek krimi dhe t\u00eb fort\u00ebt. Vet\u00ebm nj\u00eb grup personash n\u00eb vend kan\u00eb t\u00eb drejt\u00ebn t\u00eb investojn\u00eb dhe t\u00eb reklamohen si biznesmen. Ndaj i shtyhen \u00e7do vit Shqip\u00ebris\u00eb bisedimet p\u00ebr BE, pasi k\u00ebta e kan\u00eb kthyer vendin si \u00e7iflig t\u00eb tyre.<\/em><\/span><\/p>\n<p><span style=\"color: #000000;\"><em>S&#8217;mund t\u00eb hapen negociata sa koh\u00eb q\u00eb Damian Gjinkuri q\u00ebndron i patrazuar n\u00eb Kuvend dhe b\u00ebjn\u00eb marr\u00ebveshje me PD-n\u00eb, ka shkaktuar t\u00ebrmet kudo, ta mbledhim mendjen se s&#8217;mund t\u00eb ndodh\u00eb integrimi n\u00eb BE pa \u00e7uar Gjiknur\u00ebt me shok\u00eb para drejt\u00ebsis\u00eb. Europa k\u00ebrkon q\u00eb kushtet t\u00eb plot\u00ebsohen dhe nj\u00eb prej kushteve \u00ebsht\u00eb q\u00eb t\u00eb korruptuarit t\u00eb \u00e7ohen para drejt\u00ebsis\u00eb.<\/em><\/span><\/p>\n<p><span style=\"color: #000000;\"><em>N\u00eb Shqip\u00ebri, Rama, Basha, Meta, nuk kan\u00eb asnj\u00eb interes q\u00eb Shqip\u00ebrua t\u00eb integrohet n\u00eb BE.<\/em><\/span><\/p>\n<p><span style=\"color: #000000;\"><em>P\u00ebr \u00e7far\u00eb do ta d\u00ebshiroj\u00eb Basha, Kryemadhi e Rama integrimin e vendit n\u00eb BE? Kur dhe p\u00ebr dh\u00ebmb\u00ebt shkojn\u00eb n\u00eb klinika europiane jasht\u00eb. Dimri i dyt\u00eb erdhi dhe shqiptar\u00ebt jan\u00eb ende n\u00eb \u00e7adra. Kurse Rama e Basha vuajn\u00eb p\u00ebr klikime. Ftoj zonj\u00ebn Olsa Muhameti q\u00eb t\u00eb ftoj\u00eb zotin Rama dhe Basha n\u00eb emision. Ata vuajn\u00eb p\u00ebr klikime, dhe ai emision i ka kapur 100 milion klikime.<\/em>\u201d, tha deputeti Valteri.<\/span><\/p>\n","protected":false,"gt_translate_keys":[{"key":"rendered","format":"html"}]},"excerpt":{"rendered":"<p>N\u00eb seanc\u00ebn e sotme plenare n\u00eb Kuvend, deputeti Halit Valteri ka ngritur akuza ndaj maxhoranc\u00ebs si dhe ndaj opozit\u00ebs jasht\u00ebparlamentare lidhur me shtyrjen e cceljes s\u00eb negociatave. Ai thot\u00eb se vet\u00eb lider\u00ebt e partive politike edhe dh\u00ebmb\u00ebt i rregullojn\u00eb n\u00eb klinika europiane jasht\u00eb vendit. nga foltorja e Kuvendit ka shp\u00ebrthyer n\u00eb akuza ndaj qeveris\u00eb por [&hellip;]<\/p>\n","protected":false,"gt_translate_keys":[{"key":"rendered","format":"html"}]},"author":30,"featured_media":410050,"comment_status":"open","ping_status":"open","sticky":false,"template":"","format":"standard","meta":{"footnotes":""},"categories":[65,13],"tags":[],"class_list":["post-415375","post","type-post","status-publish","format-standard","has-post-thumbnail","hentry","category-lajme","category-te-fundit"],"gt_translate_keys":[{"key":"link","format":"url"}],"_links":{"self":[{"href":"https:\/\/www.hashtag.al\/index.php\/wp-json\/wp\/v2\/posts\/415375","targetHints":{"allow":["GET"]}}],"collection":[{"href":"https:\/\/www.hashtag.al\/index.php\/wp-json\/wp\/v2\/posts"}],"about":[{"href":"https:\/\/www.hashtag.al\/index.php\/wp-json\/wp\/v2\/types\/post"}],"author":[{"embeddable":true,"href":"https:\/\/www.hashtag.al\/index.php\/wp-json\/wp\/v2\/users\/30"}],"replies":[{"embeddable":true,"href":"https:\/\/www.hashtag.al\/index.php\/wp-json\/wp\/v2\/comments?post=415375"}],"version-history":[{"count":0,"href":"https:\/\/www.hashtag.al\/index.php\/wp-json\/wp\/v2\/posts\/415375\/revisions"}],"wp:featuredmedia":[{"embeddable":true,"href":"https:\/\/www.hashtag.al\/index.php\/wp-json\/wp\/v2\/media\/410050"}],"wp:attachment":[{"href":"https:\/\/www.hashtag.al\/index.php\/wp-json\/wp\/v2\/media?parent=415375"}],"wp:term":[{"taxonomy":"category","embeddable":true,"href":"https:\/\/www.hashtag.al\/index.php\/wp-json\/wp\/v2\/categories?post=415375"},{"taxonomy":"post_tag","embeddable":true,"href":"https:\/\/www.hashtag.al\/index.php\/wp-json\/wp\/v2\/tags?post=415375"}],"curies":[{"name":"wp","href":"https:\/\/api.w.org\/{rel}","templated":true}]}}