{"id":415282,"date":"2020-12-02T21:38:50","date_gmt":"2020-12-02T20:38:50","guid":{"rendered":"https:\/\/hashtag.al\/?p=415282"},"modified":"2020-12-02T23:44:01","modified_gmt":"2020-12-02T22:44:01","slug":"isa-mustafa-sfidon-vjosa-osmanin-nese-eshte-kaq-e-madhe-le-te-provoje-veten-pa-ldk-ne","status":"publish","type":"post","link":"https:\/\/www.hashtag.al\/index.php\/2020\/12\/02\/isa-mustafa-sfidon-vjosa-osmanin-nese-eshte-kaq-e-madhe-le-te-provoje-veten-pa-ldk-ne\/","title":{"rendered":"Isa Mustafa sfidon Vjosa Osmanin: N\u00ebse \u00ebsht\u00eb kaq e madhe le t\u00eb provoj\u00eb veten pa LDK-n\u00eb","gt_translate_keys":[{"key":"rendered","format":"text"}]},"content":{"rendered":"<p><img loading=\"lazy\" decoding=\"async\" class=\"aligncenter size-full wp-image-382089\" src=\"https:\/\/hashtag.al\/wp-content\/uploads\/2020\/06\/mustafaosmani2.jpg\" alt=\"\" width=\"860\" height=\"461\" srcset=\"https:\/\/www.hashtag.al\/wp-content\/uploads\/2020\/06\/mustafaosmani2.jpg 860w, https:\/\/www.hashtag.al\/wp-content\/uploads\/2020\/06\/mustafaosmani2-300x160.jpg 300w, https:\/\/www.hashtag.al\/wp-content\/uploads\/2020\/06\/mustafaosmani2-768x412.jpg 768w\" sizes=\"auto, (max-width: 860px) 100vw, 860px\" \/><\/p>\n<p><span style=\"color: #000000;\">Kryetari i Lidhjes Demokratike t\u00eb Kosov\u00ebs, Isa Mustafa, ka folur rreth statusit t\u00eb Vjosa Osmanit, ku e kishte quajtur si njeri q\u00eb nuk ka asnj\u00eb pik\u00eb njer\u00ebzill\u00ebku.<\/span><\/p>\n<p><span style=\"color: #000000;\">Mustafa tha se gjuha t\u00eb cil\u00ebn e kishte p\u00ebrdorur Osmani \u00ebsht\u00eb gjuh\u00eb e komunizmit t\u00eb Enver Hoxh\u00ebs dhe sipas tij, asaj q\u00eb i \u00ebsht\u00eb ofruar p\u00ebrpar\u00ebsi maksimale n\u00eb LDK \u00ebsht\u00eb shprehur me nj\u00eb gjuh\u00eb shum\u00eb e r\u00ebnd\u00eb.<\/span><\/p>\n<p><span style=\"color: #000000;\">\u201cKjo gjuh\u00eb m\u00eb duket sikur gjuh\u00eb e z\u00ebrit t\u00eb popoullit t\u00eb koh\u00ebs s\u00eb komunizimit t\u00eb Enver Hoxh\u00ebs n\u00eb Shqip\u00ebri. Gjuh\u00eb shum\u00eb e r\u00ebnd\u00eb, gjuh\u00eb t\u00eb cil\u00ebn as nuk e p\u00ebrdor, as nuk \u00ebsht\u00eb gjuh\u00eb q\u00eb ne e praktikojm\u00eb si gjuh\u00eb komunikimi mes vete. \u00a0Nj\u00eb njeri q\u00eb ne i kemi dh\u00ebn\u00eb p\u00ebrpar\u00ebsi maksimale, i kemi ofruar \u00e7do gj\u00eb n\u00eb LDK, tani t\u00eb shprehet me k\u00ebt\u00eb gjuh\u00eb, p\u00ebr kryetarin e LDK-s\u00eb, nuk e meriton as t\u00eb diskutohet p\u00ebr t\u00eb\u201d, tha Mustafa.<\/span><\/p>\n<p><span style=\"color: #000000;\">Madje ai tha se n\u00ebse Osmani qenka aq e fort\u00eb, le t\u00eb provoj\u00eb t\u00eb konkuroj\u00eb pa LDK-n\u00eb dhe le ta sheh se sa vota mundet me i pas.<\/span><\/p>\n<p><span style=\"color: #000000;\">\u201cMeq\u00eb Vjosa Osmani qenka aq e fort\u00eb, aq e madhe, e aq e vlefshme tani e provon veten pa LDK-n\u00eb dhe e sheh sa vota i ka pa LDK-n\u00eb. E ftoj ta provoj\u00eb, n\u00ebse don me e provu\u201d, tha Mustafa, shkruan Gazeta Express.<\/span><\/p>\n","protected":false,"gt_translate_keys":[{"key":"rendered","format":"html"}]},"excerpt":{"rendered":"<p>Kryetari i Lidhjes Demokratike t\u00eb Kosov\u00ebs, Isa Mustafa, ka folur rreth statusit t\u00eb Vjosa Osmanit, ku e kishte quajtur si njeri q\u00eb nuk ka asnj\u00eb pik\u00eb njer\u00ebzill\u00ebku. Mustafa tha se gjuha t\u00eb cil\u00ebn e kishte p\u00ebrdorur Osmani \u00ebsht\u00eb gjuh\u00eb e komunizmit t\u00eb Enver Hoxh\u00ebs dhe sipas tij, asaj q\u00eb i \u00ebsht\u00eb ofruar p\u00ebrpar\u00ebsi maksimale n\u00eb [&hellip;]<\/p>\n","protected":false,"gt_translate_keys":[{"key":"rendered","format":"html"}]},"author":32,"featured_media":382089,"comment_status":"open","ping_status":"open","sticky":false,"template":"","format":"standard","meta":{"footnotes":""},"categories":[149,13],"tags":[],"class_list":["post-415282","post","type-post","status-publish","format-standard","has-post-thumbnail","hentry","category-kosoverajon","category-te-fundit"],"gt_translate_keys":[{"key":"link","format":"url"}],"_links":{"self":[{"href":"https:\/\/www.hashtag.al\/index.php\/wp-json\/wp\/v2\/posts\/415282","targetHints":{"allow":["GET"]}}],"collection":[{"href":"https:\/\/www.hashtag.al\/index.php\/wp-json\/wp\/v2\/posts"}],"about":[{"href":"https:\/\/www.hashtag.al\/index.php\/wp-json\/wp\/v2\/types\/post"}],"author":[{"embeddable":true,"href":"https:\/\/www.hashtag.al\/index.php\/wp-json\/wp\/v2\/users\/32"}],"replies":[{"embeddable":true,"href":"https:\/\/www.hashtag.al\/index.php\/wp-json\/wp\/v2\/comments?post=415282"}],"version-history":[{"count":0,"href":"https:\/\/www.hashtag.al\/index.php\/wp-json\/wp\/v2\/posts\/415282\/revisions"}],"wp:featuredmedia":[{"embeddable":true,"href":"https:\/\/www.hashtag.al\/index.php\/wp-json\/wp\/v2\/media\/382089"}],"wp:attachment":[{"href":"https:\/\/www.hashtag.al\/index.php\/wp-json\/wp\/v2\/media?parent=415282"}],"wp:term":[{"taxonomy":"category","embeddable":true,"href":"https:\/\/www.hashtag.al\/index.php\/wp-json\/wp\/v2\/categories?post=415282"},{"taxonomy":"post_tag","embeddable":true,"href":"https:\/\/www.hashtag.al\/index.php\/wp-json\/wp\/v2\/tags?post=415282"}],"curies":[{"name":"wp","href":"https:\/\/api.w.org\/{rel}","templated":true}]}}