{"id":414253,"date":"2020-11-27T19:05:05","date_gmt":"2020-11-27T18:05:05","guid":{"rendered":"https:\/\/hashtag.al\/?p=414253"},"modified":"2020-11-27T19:05:05","modified_gmt":"2020-11-27T18:05:05","slug":"aksident-i-trefishte-ne-elbasan-plagosen-dy-persona-3","status":"publish","type":"post","link":"https:\/\/www.hashtag.al\/index.php\/2020\/11\/27\/aksident-i-trefishte-ne-elbasan-plagosen-dy-persona-3\/","title":{"rendered":"Aksident i trefisht\u00eb n\u00eb Elbasan, plagosen dy persona","gt_translate_keys":[{"key":"rendered","format":"text"}]},"content":{"rendered":"<p><img loading=\"lazy\" decoding=\"async\" class=\"aligncenter size-full wp-image-395111\" src=\"https:\/\/hashtag.al\/wp-content\/uploads\/2020\/08\/aksident-naten-1.jpg\" alt=\"\" width=\"1200\" height=\"674\" srcset=\"https:\/\/www.hashtag.al\/wp-content\/uploads\/2020\/08\/aksident-naten-1.jpg 1200w, https:\/\/www.hashtag.al\/wp-content\/uploads\/2020\/08\/aksident-naten-1-300x169.jpg 300w, https:\/\/www.hashtag.al\/wp-content\/uploads\/2020\/08\/aksident-naten-1-768x431.jpg 768w, https:\/\/www.hashtag.al\/wp-content\/uploads\/2020\/08\/aksident-naten-1-1024x575.jpg 1024w\" sizes=\"auto, (max-width: 1200px) 100vw, 1200px\" \/><\/p>\n<p><span style=\"color: #000000;\">Nj\u00eb aksident i trefisht\u00eb ka ndodhur pasditen e sotme n\u00eb aksin Elbasan-ish-Metalurgjiku.<\/span><\/p>\n<p><span style=\"color: #000000;\">Nga aksidenti p\u00ebrve\u00e7 d\u00ebmeve materiale jan\u00eb l\u00ebnduar edhe dy persona.<\/span><\/p>\n<p><span style=\"color: #000000;\">Aksidenti ka shkaktuar edhe trafik n\u00eb zon\u00eb.<\/span><\/p>\n<p><span style=\"color: #000000;\">Policia po punon p\u00ebr zbardhjen e shkaqeve t\u00eb aksidentit.<\/span><\/p>\n","protected":false,"gt_translate_keys":[{"key":"rendered","format":"html"}]},"excerpt":{"rendered":"<p>Nj\u00eb aksident i trefisht\u00eb ka ndodhur pasditen e sotme n\u00eb aksin Elbasan-ish-Metalurgjiku. Nga aksidenti p\u00ebrve\u00e7 d\u00ebmeve materiale jan\u00eb l\u00ebnduar edhe dy persona. Aksidenti ka shkaktuar edhe trafik n\u00eb zon\u00eb. Policia po punon p\u00ebr zbardhjen e shkaqeve t\u00eb aksidentit.<\/p>\n","protected":false,"gt_translate_keys":[{"key":"rendered","format":"html"}]},"author":32,"featured_media":336019,"comment_status":"open","ping_status":"open","sticky":false,"template":"","format":"standard","meta":{"footnotes":""},"categories":[65,13],"tags":[],"class_list":["post-414253","post","type-post","status-publish","format-standard","has-post-thumbnail","hentry","category-lajme","category-te-fundit"],"gt_translate_keys":[{"key":"link","format":"url"}],"_links":{"self":[{"href":"https:\/\/www.hashtag.al\/index.php\/wp-json\/wp\/v2\/posts\/414253","targetHints":{"allow":["GET"]}}],"collection":[{"href":"https:\/\/www.hashtag.al\/index.php\/wp-json\/wp\/v2\/posts"}],"about":[{"href":"https:\/\/www.hashtag.al\/index.php\/wp-json\/wp\/v2\/types\/post"}],"author":[{"embeddable":true,"href":"https:\/\/www.hashtag.al\/index.php\/wp-json\/wp\/v2\/users\/32"}],"replies":[{"embeddable":true,"href":"https:\/\/www.hashtag.al\/index.php\/wp-json\/wp\/v2\/comments?post=414253"}],"version-history":[{"count":0,"href":"https:\/\/www.hashtag.al\/index.php\/wp-json\/wp\/v2\/posts\/414253\/revisions"}],"wp:featuredmedia":[{"embeddable":true,"href":"https:\/\/www.hashtag.al\/index.php\/wp-json\/wp\/v2\/media\/336019"}],"wp:attachment":[{"href":"https:\/\/www.hashtag.al\/index.php\/wp-json\/wp\/v2\/media?parent=414253"}],"wp:term":[{"taxonomy":"category","embeddable":true,"href":"https:\/\/www.hashtag.al\/index.php\/wp-json\/wp\/v2\/categories?post=414253"},{"taxonomy":"post_tag","embeddable":true,"href":"https:\/\/www.hashtag.al\/index.php\/wp-json\/wp\/v2\/tags?post=414253"}],"curies":[{"name":"wp","href":"https:\/\/api.w.org\/{rel}","templated":true}]}}