{"id":414169,"date":"2020-11-27T13:08:54","date_gmt":"2020-11-27T12:08:54","guid":{"rendered":"https:\/\/hashtag.al\/?p=414169"},"modified":"2020-11-27T13:08:54","modified_gmt":"2020-11-27T12:08:54","slug":"nje-muaj-pas-termetit-tragjik-nje-tjeter-termet-i-fuqishem-godet-turqine","status":"publish","type":"post","link":"https:\/\/www.hashtag.al\/index.php\/2020\/11\/27\/nje-muaj-pas-termetit-tragjik-nje-tjeter-termet-i-fuqishem-godet-turqine\/","title":{"rendered":"Nj\u00eb muaj pas t\u00ebrmetit tragjik, nj\u00eb tjet\u00ebr t\u00ebrmet i fuqish\u00ebm godet Turqin\u00eb","gt_translate_keys":[{"key":"rendered","format":"text"}]},"content":{"rendered":"<p><a href=\"https:\/\/hashtag.al\/wp-content\/uploads\/2020\/11\/termet.jpg\"><img loading=\"lazy\" decoding=\"async\" class=\"aligncenter size-full wp-image-414170\" src=\"https:\/\/hashtag.al\/wp-content\/uploads\/2020\/11\/termet.jpg\" alt=\"\" width=\"864\" height=\"486\" srcset=\"https:\/\/www.hashtag.al\/wp-content\/uploads\/2020\/11\/termet.jpg 864w, https:\/\/www.hashtag.al\/wp-content\/uploads\/2020\/11\/termet-300x169.jpg 300w, https:\/\/www.hashtag.al\/wp-content\/uploads\/2020\/11\/termet-768x432.jpg 768w\" sizes=\"auto, (max-width: 864px) 100vw, 864px\" \/><\/a><\/p>\n<p><span style=\"color: #000000;\">Nj\u00eb t\u00ebrmet me magnitud\u00eb 4.7 \u00ebsht\u00eb regjistruar sot n\u00eb provinc\u00ebn lindore t\u00eb Malatya-s, n\u00eb Turqi.<\/span><\/p>\n<p><span style=\"color: #000000;\"><span style=\"color: #0000ff;\"><a style=\"color: #0000ff;\" href=\"https:\/\/www.aa.com.tr\/en\/turkey\/magnitude-47-earthquake-reported-in-eastern-turkey\/2057868\">Anadolu Agency<\/a><\/span> duke iu referuar t\u00eb dh\u00ebnave t\u00eb Autoritetit t\u00eb Menaxhimit t\u00eb Fatkeq\u00ebsive dhe Emergjencave (AFAD), shkruan se l\u00ebkundja ndodhi n\u00eb nj\u00eb thell\u00ebsi prej 6.94 kilometrash n\u00eb rrethin Puturge n\u00eb 11:27 t\u00eb m\u00ebngjesit.<\/span><\/p>\n<p><span style=\"color: #000000;\">L\u00ebkundjet u ndjen\u00eb gjithashtu n\u00eb zonat p\u00ebrreth provincave Gaziantep, Sanliurfa dhe Adiyaman.<\/span><\/p>\n<p><span style=\"color: #000000;\">Guvernatori i Malatya-s Aydin Barus, tha se nuk ka raporte t\u00eb viktimave ose d\u00ebmeve materiale deri m\u00eb tani.<\/span><\/p>\n<p><span style=\"color: #000000;\"><em>&#8220;Ekipet e xhandarm\u00ebris\u00eb dhe AFAD jan\u00eb n\u00eb zon\u00eb dhe ne po monitorojm\u00eb nga af\u00ebr situat\u00ebn.&#8221;<\/em>&#8211; i tha ai AA-s\u00eb.<\/span><\/p>\n<p><span style=\"color: #000000;\">Ky t\u00ebrmet vjen pas pothuajse nj\u00eb muaji, pas t\u00ebrmetit t\u00eb 30 tetorit q\u00eb i mori jet\u00ebn 114 personave dhe la t\u00eb plagosur 1035 t\u00eb tjer\u00eb.<\/span><\/p>\n<blockquote class=\"twitter-tweet\">\n<p dir=\"ltr\" lang=\"tr\">Malatya&#8217;daki 4.7&#8217;lik deprem sonras\u0131 ya\u015fanan panik anlar\u0131&#8230; <a href=\"https:\/\/t.co\/Wxnv3eKJ8w\">pic.twitter.com\/Wxnv3eKJ8w<\/a><\/p>\n<p>\u2014 S\u00f6zc\u00fc (@gazetesozcu) <a href=\"https:\/\/twitter.com\/gazetesozcu\/status\/1332244481626804224?ref_src=twsrc%5Etfw\">November 27, 2020<\/a><\/p><\/blockquote>\n<p><script async src=\"https:\/\/platform.twitter.com\/widgets.js\" charset=\"utf-8\"><\/script><\/p>\n","protected":false,"gt_translate_keys":[{"key":"rendered","format":"html"}]},"excerpt":{"rendered":"<p>Nj\u00eb t\u00ebrmet me magnitud\u00eb 4.7 \u00ebsht\u00eb regjistruar sot n\u00eb provinc\u00ebn lindore t\u00eb Malatya-s, n\u00eb Turqi. Anadolu Agency duke iu referuar t\u00eb dh\u00ebnave t\u00eb Autoritetit t\u00eb Menaxhimit t\u00eb Fatkeq\u00ebsive dhe Emergjencave (AFAD), shkruan se l\u00ebkundja ndodhi n\u00eb nj\u00eb thell\u00ebsi prej 6.94 kilometrash n\u00eb rrethin Puturge n\u00eb 11:27 t\u00eb m\u00ebngjesit. L\u00ebkundjet u ndjen\u00eb gjithashtu n\u00eb zonat p\u00ebrreth [&hellip;]<\/p>\n","protected":false,"gt_translate_keys":[{"key":"rendered","format":"html"}]},"author":30,"featured_media":414170,"comment_status":"open","ping_status":"open","sticky":false,"template":"","format":"standard","meta":{"footnotes":""},"categories":[6,13],"tags":[],"class_list":["post-414169","post","type-post","status-publish","format-standard","has-post-thumbnail","hentry","category-nderkombetare","category-te-fundit"],"gt_translate_keys":[{"key":"link","format":"url"}],"_links":{"self":[{"href":"https:\/\/www.hashtag.al\/index.php\/wp-json\/wp\/v2\/posts\/414169","targetHints":{"allow":["GET"]}}],"collection":[{"href":"https:\/\/www.hashtag.al\/index.php\/wp-json\/wp\/v2\/posts"}],"about":[{"href":"https:\/\/www.hashtag.al\/index.php\/wp-json\/wp\/v2\/types\/post"}],"author":[{"embeddable":true,"href":"https:\/\/www.hashtag.al\/index.php\/wp-json\/wp\/v2\/users\/30"}],"replies":[{"embeddable":true,"href":"https:\/\/www.hashtag.al\/index.php\/wp-json\/wp\/v2\/comments?post=414169"}],"version-history":[{"count":0,"href":"https:\/\/www.hashtag.al\/index.php\/wp-json\/wp\/v2\/posts\/414169\/revisions"}],"wp:featuredmedia":[{"embeddable":true,"href":"https:\/\/www.hashtag.al\/index.php\/wp-json\/wp\/v2\/media\/414170"}],"wp:attachment":[{"href":"https:\/\/www.hashtag.al\/index.php\/wp-json\/wp\/v2\/media?parent=414169"}],"wp:term":[{"taxonomy":"category","embeddable":true,"href":"https:\/\/www.hashtag.al\/index.php\/wp-json\/wp\/v2\/categories?post=414169"},{"taxonomy":"post_tag","embeddable":true,"href":"https:\/\/www.hashtag.al\/index.php\/wp-json\/wp\/v2\/tags?post=414169"}],"curies":[{"name":"wp","href":"https:\/\/api.w.org\/{rel}","templated":true}]}}